{"id":496706,"date":"2025-10-29T02:20:22","date_gmt":"2025-10-29T02:20:22","guid":{"rendered":"https:\/\/www.europesays.com\/fr\/496706\/"},"modified":"2025-10-29T02:20:22","modified_gmt":"2025-10-29T02:20:22","slug":"le-penalty-concede-par-lee-etait-justifie-selon-la-fff","status":"publish","type":"post","link":"https:\/\/www.europesays.com\/fr\/496706\/","title":{"rendered":"Le penalty conc\u00e9d\u00e9 par Lee \u00e9tait justifi\u00e9 selon la FFF"},"content":{"rendered":"<p> <img width=\"700\" height=\"350\" src=\"https:\/\/www.europesays.com\/fr\/wp-content\/uploads\/2025\/10\/Chevalier.jpg\" class=\"attachment-jannah-image-post size-jannah-image-post wp-post-image\" alt=\"Chevalier\" is_main_img=\"1\" decoding=\"async\" fetchpriority=\"high\"  \/>  Image : PSG.fr <\/p>\n<p>Lors de la victoire du PSG contre Brest, les locaux ont<br \/>\nobtenu un penalty. Un penalty qui faisait d\u00e9bat. Selon, la<br \/>\ndirection de l\u2019arbitrage de la FFF, ce dernier \u00e9tait<br \/>\njustifi\u00e9.<\/p>\n<p>On joue la 51e minute de <strong>Brest \/ PSG<\/strong>. Dans la<br \/>\nsurface, <strong>Kang-in Lee<\/strong> d\u00e9vie le ballon de la main<br \/>\napr\u00e8s une remise en aile de pigeon de <strong>Romain Del<br \/>\nCastillo<\/strong>. L\u2019arbitre du match consulte la<br \/>\n<strong>VAR<\/strong> pour accorder ou non un penalty. Apr\u00e8s de tr\u00e8s<br \/>\nlongues minutes, <strong>Monsieur Pignard<\/strong> d\u00e9cide dans un<br \/>\npremier temps d\u2019accorder <a href=\"https:\/\/canal-supporters.com\/lucas-chevalier-evoque-son-nouveau-role-de-gardien-au-psg\/\" title=\"\" target=\"_blank\" rel=\"noopener\">un corner<\/a> au Brestois. Puis, il va finalement voir les<br \/>\nimages. Apr\u00e8s de nouvelles nombreuses minutes d\u2019attente, il d\u00e9cide<br \/>\nde siffler le penalty. Ce choix divise puisque le num\u00e9ro 19 du<br \/>\n<strong>PSG<\/strong> voit le ballon lui toucher la t\u00eate avant la<br \/>\nmain.\u00a0<\/p>\n<p>A lire aussi : <a href=\"https:\/\/canal-supporters.com\/brest-psg-eric-roy-ce-psg-marche-sur-leau\/\" title=\"\" target=\"_blank\" rel=\"noopener\">Brest \/ PSG \u2013 Eric Roy : \u00ab\u00a0Ce PSG marche sur<br \/>\nl\u2019eau\u00a0\u00bb<\/a><\/p>\n<p><a href=\"https:\/\/x.com\/CanalSupporters\" target=\"_blank\" rel=\"noopener\" title=\"\">canalsupporters.com<\/a><\/p>\n<p>\u00ab\u00a0La<br \/>\nposition du bras de Kang-in Lee augmente artificiellement la<br \/>\nsurface couverte par le corps du Parisien\u00a0\u00bb<\/p>\n<p>Comme apr\u00e8s chaque journ\u00e9e de <strong>Ligue 1<\/strong>, la<br \/>\n<strong>Direction de l\u2019arbitrage de la FFF<\/strong> analyse<br \/>\ncertaines situations qui ont n\u00e9cessit\u00e9 le recours \u00e0 l\u2019assistance<br \/>\nvid\u00e9o durant le week-end. Cela donc \u00e9t\u00e9 le cas pour le penalty<br \/>\nattribu\u00e9 contre le <strong>PSG<\/strong>, qui sera finalement rat\u00e9<br \/>\npar <strong>Romain Del Castillo<\/strong>. Ce mardi soir, la<br \/>\n<strong>Direction de l\u2019arbitrage de la FFF<\/strong> a ainsi<br \/>\nexpliqu\u00e9 dans son <a href=\"https:\/\/ligue1.com\/fr\/articles\/l1_article_3540-arbitrage-le-debrief-de-la-j9-l1-2526\" target=\"_blank\" rel=\"noopener\" title=\"\">communiqu\u00e9<\/a> que le<br \/>\npenalty conc\u00e9d\u00e9 par l\u2019international sud-cor\u00e9en \u00e9tait bien valable.<br \/>\n\u00ab\u00a0La complexit\u00e9 de la situation, comprenant non seulement<br \/>\nl\u2019analyse du caract\u00e8re illicite du contact entre le bras du<br \/>\nd\u00e9fenseur et le ballon, mais \u00e9galement l\u2019\u00e9tude de la position de<br \/>\nl\u2019attaquant brestois <strong>Ludovic Ajorque<\/strong> lors de<br \/>\nl\u2019ex\u00e9cution du coup franc, explique la dur\u00e9e prolong\u00e9e de<br \/>\nl\u2019interruption li\u00e9e au recours \u00e0 l\u2019assistance vid\u00e9o \u00e0 l\u2019arbitrage.<br \/>\nTechniquement, la position du bras de <strong><a href=\"https:\/\/canal-supporters.com\/lee-kang-in-elu-meilleur-joueur-asiatique-international-de-lannee\/\" title=\"\" target=\"_blank\" rel=\"noopener\">Kang-in Lee,<\/a><\/strong> avec un bras \u00e9loign\u00e9 du corps et<br \/>\nun coude plac\u00e9 \u00e0 90 degr\u00e9s au moment du contact avec le ballon,<br \/>\naugmente artificiellement la surface couverte par le corps du<br \/>\nParisien : elle est donc sanctionnable au sens des Lois du jeu. La<br \/>\n<strong>Direction de l\u2019Arbitrage<\/strong> rappelle que le contact<br \/>\npr\u00e9alable du ballon avec le visage du d\u00e9fenseur n\u2019est pas un<br \/>\ncrit\u00e8re qui figure dans la loi 12 et qui saurait, \u00e0 lui-seul,<br \/>\nannuler la position sanctionnable du bras. Le p\u00e9nalty \u00e9tait bien la<br \/>\nd\u00e9cision attendue.\u00a0\u00bb<\/p><\/p>\n","protected":false},"excerpt":{"rendered":"Image : PSG.fr Lors de la victoire du PSG contre Brest, les locaux ont obtenu un penalty. Un&hellip;\n","protected":false},"author":2,"featured_media":496707,"comment_status":"","ping_status":"","sticky":false,"template":"","format":"standard","meta":{"footnotes":""},"categories":[9],"tags":[61164,61895,81,787,49875,1011,27,5047,5048,5049,66,1611,61896,626,91,92,49876,93,61897,61898,60,61899,96],"class_list":{"0":"post-496706","1":"post","2":"type-post","3":"status-publish","4":"format-standard","5":"has-post-thumbnail","7":"category-sports","8":"tag-9e-journee","9":"tag-brest-psg","10":"tag-canal-supporters","11":"tag-cs","12":"tag-direction-de-larbitrage-de-la-fff","13":"tag-fr","14":"tag-france","15":"tag-kang-in-lee","16":"tag-lee","17":"tag-lee-kang-in","18":"tag-ligue-1","19":"tag-ligue-1-macdonalds","20":"tag-neuvieme-journee","21":"tag-paris","22":"tag-paris-saint-germain","23":"tag-paris-sg","24":"tag-penalty","25":"tag-psg","26":"tag-sb29-psg","27":"tag-sb29psg","28":"tag-sports","29":"tag-stade-brestois-psg","30":"tag-une"},"share_on_mastodon":{"url":"https:\/\/pubeurope.com\/@fr\/115455067737431549","error":""},"_links":{"self":[{"href":"https:\/\/www.europesays.com\/fr\/wp-json\/wp\/v2\/posts\/496706","targetHints":{"allow":["GET"]}}],"collection":[{"href":"https:\/\/www.europesays.com\/fr\/wp-json\/wp\/v2\/posts"}],"about":[{"href":"https:\/\/www.europesays.com\/fr\/wp-json\/wp\/v2\/types\/post"}],"author":[{"embeddable":true,"href":"https:\/\/www.europesays.com\/fr\/wp-json\/wp\/v2\/users\/2"}],"replies":[{"embeddable":true,"href":"https:\/\/www.europesays.com\/fr\/wp-json\/wp\/v2\/comments?post=496706"}],"version-history":[{"count":0,"href":"https:\/\/www.europesays.com\/fr\/wp-json\/wp\/v2\/posts\/496706\/revisions"}],"wp:featuredmedia":[{"embeddable":true,"href":"https:\/\/www.europesays.com\/fr\/wp-json\/wp\/v2\/media\/496707"}],"wp:attachment":[{"href":"https:\/\/www.europesays.com\/fr\/wp-json\/wp\/v2\/media?parent=496706"}],"wp:term":[{"taxonomy":"category","embeddable":true,"href":"https:\/\/www.europesays.com\/fr\/wp-json\/wp\/v2\/categories?post=496706"},{"taxonomy":"post_tag","embeddable":true,"href":"https:\/\/www.europesays.com\/fr\/wp-json\/wp\/v2\/tags?post=496706"}],"curies":[{"name":"wp","href":"https:\/\/api.w.org\/{rel}","templated":true}]}}