{"id":496712,"date":"2025-10-29T02:23:12","date_gmt":"2025-10-29T02:23:12","guid":{"rendered":"https:\/\/www.europesays.com\/fr\/496712\/"},"modified":"2025-10-29T02:23:12","modified_gmt":"2025-10-29T02:23:12","slug":"comment-savoir-si-vos-donnees-ont-ete-volees","status":"publish","type":"post","link":"https:\/\/www.europesays.com\/fr\/496712\/","title":{"rendered":"comment savoir si vos donn\u00e9es ont \u00e9t\u00e9 vol\u00e9es\u00a0?"},"content":{"rendered":"<p>            Par<br \/>\n        <strong><br \/>\n            <a href=\"https:\/\/actu.fr\/auteur\/anne-laure-petit-henon\" title=\"Consulter tous les articles de Anne-Laure Petit-H\u00e9non\" target=\"_blank\" rel=\"noopener\">Anne-Laure Petit-H\u00e9non<\/a><br \/>\n        <\/strong><\/p>\n<p>        Publi\u00e9 le<\/p>\n<p>            28 oct. 2025 \u00e0 21h34        <\/p>\n<p>Si ce n\u2019est pas tous les jours que l\u2019on se fait voler son portefeuille (et heureusement) concernant les donn\u00e9es sur Internet, c\u2019est plus courant. En avril\u00a02025, <a href=\"https:\/\/actu.fr\/sciences-technologie\/les-donnees-de-millions-de-francais-volees-en-2024-alerte-la-cnil-qui-a-sanctionne-a-tour-de-bras_62571161.html\" target=\"_blank\" rel=\"noopener\">la Cnil alertait<\/a> sur le vol de donn\u00e9es concernant des \u00ab\u2009millions de Fran\u00e7ais\u2009\u00bb l\u2019ann\u00e9e pr\u00e9c\u00e9dente.<\/p>\n<p class=\" wall-content\"><a href=\"https:\/\/actu.fr\/sciences-technologie\/les-iban-de-clients-free-voles-lors-d-une-cyberattaque-quels-risques-pour-les-abonnes_61794478.html\" target=\"_blank\" rel=\"noopener\">Free<\/a>, <a href=\"https:\/\/actu.fr\/societe\/vaste-cyberattaque-chez-france-travail-des-centaines-de-milliers-de-victimes-etes-vous-concerne_62946440.html\" target=\"_blank\" rel=\"noopener\">France Travail<\/a> et m\u00eame Google ont d\u00e9j\u00e0 \u00e9t\u00e9 victimes de ce genre d\u2019attaques. Ce dernier avait subi <strong>un vol de donn\u00e9es au printemps dernier<\/strong>. Mais ce lundi 27\u00a0octobre 2025, il y a eu du nouveau.<\/p>\n<p class=\" wall-content\">Apr\u00e8s la sortie d\u2019un article dans le <a href=\"https:\/\/www.forbes.com\/sites\/daveywinder\/2025\/10\/27\/gmail-passwords-confirmed-as-part-of-183-million-account-data-breach\/\" target=\"_blank\" rel=\"noopener\">magazine Forbes<\/a>, l\u2019entreprise am\u00e9ricaine a confirm\u00e9 que <strong>183\u00a0millions de comptes Gmail<\/strong> avaient \u00e9t\u00e9 pirat\u00e9s.<\/p>\n<p class=\" wall-content\">Probl\u00e8me, nous sommes nombreux \u00e0 avoir une adresse mail se finissant par \u00ab@gmail.com\u2009\u00bb. Alors <strong>comment savoir si la v\u00f4tre est concern\u00e9e\u2009?<\/strong> En fait, c\u2019est assez simple.<\/p>\n<p>Un site pour v\u00e9rifier<\/p>\n<p class=\" wall-content\">Pour savoir si vous \u00eates concern\u00e9s, il faut vous rendre sur le site <a href=\"https:\/\/haveibeenpwned.com\/\" target=\"_blank\" rel=\"noopener\">Have I been Pwned\u2009?<\/a> qui permet de savoir si vos donn\u00e9es ont \u00e9t\u00e9 compromises.<\/p>\n<p class=\" wall-content\">Rien de plus simple pour l\u2019utiliser\u2009: il vous suffit d\u2019entrer votre adresse mail dans la barre de recherches et de cliquer sur \u00ab\u2009check\u2009\u00bb (qui veut dire \u00ab\u2009v\u00e9rifier\u2009\u00bb, en fran\u00e7ais).<\/p>\n<p class=\" wall-content\">L\u00e0, vous trouverez une <strong>\u00e9num\u00e9ration des cyberattaques<\/strong> dans lesquelles vos donn\u00e9es ont \u00e9t\u00e9 compromises et surtout, lesquelles (nom, mot de passe, etc.)<\/p>\n<p>Votre r\u00e9gion, votre actu !<\/p>\n<p>Recevez chaque jour les infos qui comptent pour vous.<\/p>\n<p>\t<a href=\"https:\/\/actu.fr\/newsletter\" class=\"ac-btn ac-btn--corner ac-btn--medium ac-btn--blue800\" target=\"_blank\" rel=\"noopener\">S&rsquo;incrire<\/a><\/p>\n<p class=\" wall-content\">Petit b\u00e9mol, toutefois, le site est en<strong> anglais<\/strong>.<\/p>\n<p>Plus vuln\u00e9rable face au hame\u00e7onnage<\/p>\n<p class=\" wall-content\">Si votre compte est concern\u00e9, il est recommand\u00e9, d\u00e9j\u00e0, de <strong>changer le mot de passe<\/strong> de ce dernier.<\/p>\n<p class=\" wall-content\">Concernant Google, la <a href=\"https:\/\/actu.fr\/sciences-technologie\/mots-de-passe-sur-internet-les-bonnes-pratiques-pour-ne-pas-se-faire-pirater_55143517.html\" target=\"_blank\" rel=\"noopener\">double authentification<\/a> a \u00e9t\u00e9 d\u00e9ploy\u00e9e. Si vous ne l\u2019avez toujours pas activ\u00e9e, c\u2019est le moment.<\/p>\n<p class=\" wall-content\">Concernant les risques, certes, vous n\u2019avez peut-\u00eatre \u00ab\u2009rien \u00e0 cacher\u2009\u00bb sur le papier, mais un vol de donn\u00e9es n\u2019est pas sans cons\u00e9quence.<\/p>\n<p class=\" wall-content\">Le premier, c\u2019est qu\u2019il vous rend vuln\u00e9rable au <strong>hame\u00e7onnage<\/strong>. Comme le rappelle le<a href=\"https:\/\/www.economie.gouv.fr\/particuliers\/numerique-et-cybersecurite\/comment-se-premunir-contre-lhameconnage#:~:text=L&#039;hame%C3%A7onnage%20ou%20aussi%20appel%C3%A9,pour%20une%20personne%20de%20confiance.\" target=\"_blank\" rel=\"noopener\"> minist\u00e8re de l\u2019\u00c9conomie<\/a>, il s\u2019agit d\u2019une \u00ab\u2009technique frauduleuse pour obtenir des donn\u00e9es personnelles (identit\u00e9, adresse, mot de passe, coordonn\u00e9es bancaires) en se faisant passer pour une personne de confiance\u2009\u00bb.<\/p>\n<p class=\" wall-content\">Autre risque, mais non des moindres,<strong> l\u2019usurpation d\u2019identit\u00e9<\/strong>\u2009: certaines de vos donn\u00e9es disponibles en ligne peuvent faciliter ce d\u00e9lit.<\/p>\n<p class=\" wall-content\">Personnalisez votre actualit\u00e9 en ajoutant vos villes et m\u00e9dias en favori avec <a href=\"https:\/\/moncompte.actu.fr\" title=\"D\u00e9couvez Mon Actu\" rel=\"nofollow noopener\" data-trk=\"{&quot;cta&quot;:{&quot;action&quot;:&quot;https:\\\/\\\/moncompte.actu.fr&quot;,&quot;category&quot;:&quot;mon compte&quot;,&quot;from&quot;:&quot;article footer&quot;,&quot;name&quot;:&quot;Mon actu&quot;,&quot;type&quot;:&quot;cta&quot;}}\" target=\"_blank\">Mon Actu<\/a>.<\/p>\n","protected":false},"excerpt":{"rendered":"Par Anne-Laure Petit-H\u00e9non Publi\u00e9 le 28 oct. 2025 \u00e0 21h34 Si ce n\u2019est pas tous les jours que&hellip;\n","protected":false},"author":2,"featured_media":496713,"comment_status":"","ping_status":"","sticky":false,"template":"","format":"standard","meta":{"footnotes":""},"categories":[6],"tags":[35,2481,33,34,1011,27,323,2631],"class_list":{"0":"post-496712","1":"post","2":"type-post","3":"status-publish","4":"format-standard","5":"has-post-thumbnail","7":"category-economie","8":"tag-business","9":"tag-cyberattaque","10":"tag-economie","11":"tag-economy","12":"tag-fr","13":"tag-france","14":"tag-google","15":"tag-sciences-technologie"},"share_on_mastodon":{"url":"https:\/\/pubeurope.com\/@fr\/115455080066471398","error":""},"_links":{"self":[{"href":"https:\/\/www.europesays.com\/fr\/wp-json\/wp\/v2\/posts\/496712","targetHints":{"allow":["GET"]}}],"collection":[{"href":"https:\/\/www.europesays.com\/fr\/wp-json\/wp\/v2\/posts"}],"about":[{"href":"https:\/\/www.europesays.com\/fr\/wp-json\/wp\/v2\/types\/post"}],"author":[{"embeddable":true,"href":"https:\/\/www.europesays.com\/fr\/wp-json\/wp\/v2\/users\/2"}],"replies":[{"embeddable":true,"href":"https:\/\/www.europesays.com\/fr\/wp-json\/wp\/v2\/comments?post=496712"}],"version-history":[{"count":0,"href":"https:\/\/www.europesays.com\/fr\/wp-json\/wp\/v2\/posts\/496712\/revisions"}],"wp:featuredmedia":[{"embeddable":true,"href":"https:\/\/www.europesays.com\/fr\/wp-json\/wp\/v2\/media\/496713"}],"wp:attachment":[{"href":"https:\/\/www.europesays.com\/fr\/wp-json\/wp\/v2\/media?parent=496712"}],"wp:term":[{"taxonomy":"category","embeddable":true,"href":"https:\/\/www.europesays.com\/fr\/wp-json\/wp\/v2\/categories?post=496712"},{"taxonomy":"post_tag","embeddable":true,"href":"https:\/\/www.europesays.com\/fr\/wp-json\/wp\/v2\/tags?post=496712"}],"curies":[{"name":"wp","href":"https:\/\/api.w.org\/{rel}","templated":true}]}}