{"id":496714,"date":"2025-10-29T02:24:14","date_gmt":"2025-10-29T02:24:14","guid":{"rendered":"https:\/\/www.europesays.com\/fr\/496714\/"},"modified":"2025-10-29T02:24:14","modified_gmt":"2025-10-29T02:24:14","slug":"la-jamaique-devastee-et-au-moins-3-morts-cuba-passe-en-etat-dalerte","status":"publish","type":"post","link":"https:\/\/www.europesays.com\/fr\/496714\/","title":{"rendered":"La Jama\u00efque d\u00e9vast\u00e9e et au moins 3 morts, Cuba passe en \u00e9tat d\u2019alerte"},"content":{"rendered":"<p>L\u2019un des <a href=\"https:\/\/www.20minutes.fr\/dossier\/ouragan\" target=\"_blank\" class=\"c-link c-link--is-underlined\" rel=\"nofollow noopener\">ouragans<\/a> les plus puissants jamais observ\u00e9s en Atlantique a frapp\u00e9 la <a href=\"https:\/\/www.20minutes.fr\/dossier\/jamaique\" target=\"_blank\" class=\"c-link c-link--is-underlined\" rel=\"nofollow noopener\">Jama\u00efque<\/a> mardi. L\u2019ouragan Melissa a touch\u00e9 l\u2019ouest du pays en cat\u00e9gorie 5, avec des vents proches de 300 km\/h, faisant de lui un monstre climatique historique. \u00ab\u00a0Catastrophiques\u00a0\u00bb\u00a0: c\u2019est le terme utilis\u00e9 sur <a href=\"https:\/\/edition.cnn.com\/weather\/live-news\/hurricane-melissa-jamaica-landfall-tuesday-climate?post-id=cmham8fz300003b6pxe3uio2z\" rel=\"nofollow noopener\" target=\"_blank\" class=\"c-link c-link--is-underlined\">CNN<\/a> par Matthew Samuda, ministre jama\u00efcain de l\u2019Environnement, pour d\u00e9crire les ravages caus\u00e9s sur cette \u00eele de 2,8\u00a0millions d\u2019habitants. Routes submerg\u00e9es, infrastructures arrach\u00e9es, toitures envol\u00e9es et quartiers entiers isol\u00e9s\u00a0: la violence de l\u2019impact a surpass\u00e9 les pires sc\u00e9narios.<\/p>\n<p>Tr\u00e8s rapidement, le Centre national am\u00e9ricain des ouragans (NHC) a confirm\u00e9 que Melissa restait \u00ab\u00a0extr\u00eamement dangereux\u00a0\u00bb malgr\u00e9 une l\u00e9g\u00e8re baisse de puissance en soir\u00e9e, r\u00e9trograd\u00e9 en cat\u00e9gorie 4 avant de s\u2019\u00e9loigner en direction de <a href=\"https:\/\/www.20minutes.fr\/monde\/cuba\/\" target=\"_blank\" class=\"c-link c-link--is-underlined\" rel=\"nofollow noopener\">Cuba<\/a>. Selon les autorit\u00e9s locales, <a href=\"https:\/\/www.20minutes.fr\/planete\/rechauffement-climatique\/4181939-20251028-ouragan-melissa-deja-trois-morts-jamaique-vents-soufflant-jusqu-280-kilometres-heure-attendus\" target=\"_blank\" class=\"c-link c-link--is-underlined\" rel=\"nofollow noopener\">au moins trois personnes ont perdu la vie en Jama\u00efque<\/a> avant m\u00eame que l\u2019\u0153il du cyclone n\u2019atteigne les c\u00f4tes. Trois d\u00e9c\u00e8s ont \u00e9galement \u00e9t\u00e9 enregistr\u00e9s en <a href=\"https:\/\/www.20minutes.fr\/monde\/haiti\/\" target=\"_blank\" class=\"c-link c-link--is-underlined\" rel=\"nofollow noopener\">Ha\u00efti<\/a> et un en <a href=\"https:\/\/www.20minutes.fr\/dossier\/republique-dominicaine\" target=\"_blank\" class=\"c-link c-link--is-underlined\" rel=\"nofollow noopener\">R\u00e9publique dominicaine<\/a>.<\/p>\n<p>Un paysage de d\u00e9solation<\/p>\n<p>Sur le terrain, les sc\u00e8nes de destruction t\u00e9moignent de la force in\u00e9dite du ph\u00e9nom\u00e8ne\u00a0: un h\u00f4pital priv\u00e9 de son toit \u00e0 Saint-Elizabeth, la rivi\u00e8re Rio Cobre sortie de son lit \u00e0 Saint-Catherine, et des villages totalement coup\u00e9s du reste du pays. A Kingston, la capitale, les habitants restent encore sous tension malgr\u00e9 un impact plus limit\u00e9. Le Premier ministre Andrew Holness a averti d\u2019un risque suppl\u00e9mentaire inattendu\u00a0: des <a href=\"https:\/\/www.20minutes.fr\/dossier\/alligator\" target=\"_blank\" class=\"c-link c-link--is-underlined\" rel=\"nofollow noopener\">crocodiles<\/a> d\u00e9plac\u00e9s par les <a href=\"https:\/\/www.20minutes.fr\/dossier\/inondation\" target=\"_blank\" class=\"c-link c-link--is-underlined\" rel=\"nofollow noopener\">inondations<\/a> pourraient menacer la population.<\/p>\n<\/p>\n<p>Face \u00e0 l\u2019ampleur du d\u00e9sastre, la Jama\u00efque a d\u00e9j\u00e0 re\u00e7u un soutien international. L\u2019<a href=\"https:\/\/www.20minutes.fr\/monde\/onu\/\" target=\"_blank\" class=\"c-link c-link--is-underlined\" rel=\"nofollow noopener\">ONU<\/a> a annonc\u00e9 l\u2019envoi de 2.000 kits d\u2019urgence depuis la Barbade. Plus de 1,5\u00a0million de r\u00e9sidents pourraient \u00eatre affect\u00e9s, d\u2019apr\u00e8s la <a href=\"https:\/\/www.20minutes.fr\/monde\/croix-rouge\/\" target=\"_blank\" class=\"c-link c-link--is-underlined\" rel=\"nofollow noopener\">Croix-Rouge<\/a>. Et malgr\u00e9 les appels \u00e0 l\u2019\u00e9vacuation, certains habitants ont refus\u00e9 de quitter leur domicile.<\/p>\n<blockquote class=\"twitter-tweet\" align=\"center\" data-lang=\"fr_FR\">\n<p lang=\"en\" dir=\"ltr\">The US Air Force Reserve Hurricane Hunters flew straight through Category 5 Hurricane Melissa, capturing an incredible view from inside the storm\u2019s eye. <a href=\"https:\/\/t.co\/bq6bY3PqPz\" rel=\"nofollow\">pic.twitter.com\/bq6bY3PqPz<\/a><\/p>\n<p>\u2014 Nature is Amazing \u2618\ufe0f (@AMAZlNGNATURE) <a href=\"https:\/\/twitter.com\/AMAZlNGNATURE\/status\/1983227182999613882?ref_src=twsrc%5Etfw\" rel=\"nofollow noopener\" target=\"_blank\">October 28, 2025<\/a><\/p><\/blockquote>\n<p class=\"mb-xxl@xs color-ultramarine font-weight-semi-bold@xs font-source-serif-pro heading-s@xs\">L\u2019acc\u00e8s \u00e0 ce contenu a \u00e9t\u00e9 bloqu\u00e9 afin de respecter votre choix de consentement<\/p>\n<p class=\"mb-m@xs text-l@xs\">En cliquant sur\u00ab J\u2019accepte \u00bb, vous acceptez le d\u00e9p\u00f4t de cookies par des services externes et aurez ainsi acc\u00e8s aux contenus de nos partenaires.<\/p>\n<p class=\"mb-xl@xs text-s@xs\">Plus d\u2019informations sur la page<a href=\"https:\/\/www.20minutes.fr\/gestion-cookies\" class=\"mx-xxs@xs color-ultramarine\" rel=\"nofollow noopener\" target=\"_blank\">Politique de gestion des cookies<\/a><\/p>\n<p>J\u2019acceptePlus de \u00ab\u00a0bombes m\u00e9t\u00e9orologiques\u00a0\u00bb \u00e0 venir<\/p>\n<p>Alors que l\u2019\u00e9conomie de l\u2019\u00eele repose fortement sur le tourisme, 25.000 visiteurs ont \u00e9t\u00e9 contraints de se r\u00e9fugier dans leurs h\u00f4tels ou dans des abris sp\u00e9cialement pr\u00e9vus. Les ports et l\u2019a\u00e9roport international ont \u00e9t\u00e9 ferm\u00e9s \u00e0 titre pr\u00e9ventif, \u00e0 la veille d\u2019un bilan mat\u00e9riel et humain qui s\u2019annonce lourd. Selon les experts, en particulier le m\u00e9t\u00e9orologue Kerry Emanuel, ces <a href=\"https:\/\/www.20minutes.fr\/planete\/diaporama-4181189-tempete-benjamin-images-premiere-petite-bombe-meteorologique-automne\" target=\"_blank\" class=\"c-link c-link--is-underlined\" rel=\"nofollow noopener\">\u00ab\u00a0bombes m\u00e9t\u00e9orologiques\u00a0\u00bb<\/a> gagnent en intensit\u00e9 avec le r\u00e9chauffement des oc\u00e9ans. \u00ab\u00a0L\u2019eau tue beaucoup plus de personnes que le vent\u00a0\u00bb, rappelle-t-il, soulignant les risques de glissements de terrain massifs.<\/p>\n<p>A d\u00e9couvrir<\/p>\n<p><img decoding=\"async\" class=\"c-img c-read-also__visual\" alt=\"Quels sont les cinq ouragans les plus meurtriers de l\u2019Histoire\u00a0?\" loading=\"eager\" width=\"110\" height=\"70\"  src=\"https:\/\/img.20mn.fr\/DQORw9TNReahBuAZogh-2ik\/110x70\" \/><img decoding=\"async\" class=\"c-img c-read-also__visual\" alt=\"Ouragan Melissa\u00a0: D\u00e9j\u00e0 trois morts en Jama\u00efque, des vents soufflant jusqu\u2019\u00e0 280 kilom\u00e8tres par heure attendus\" loading=\"eager\" width=\"110\" height=\"70\"  src=\"https:\/\/img.20mn.fr\/E9YMEUF7S4yagOMKn-euFCk\/110x70\" \/><a href=\"https:\/\/www.20minutes.fr\/dossier\/ouragan\" target=\"_blank\" class=\"c-link c-btn c-btn--primary\" rel=\"nofollow noopener\">Notre dossier sur les ouragans<\/a><\/p>\n<p>Melissa devrait toucher Cuba t\u00f4t mercredi avant de poursuivre sa trajectoire vers le sud des Bahamas et les \u00eeles Turques-et-Ca\u00efques. Apr\u00e8s la Jama\u00efque, d\u2019autres territoires carib\u00e9ens se pr\u00e9parent d\u00e9sormais \u00e0 affronter la puissance d\u2019un ouragan qui pourrait s\u2019inscrire durablement dans l\u2019histoire climatique mondiale.<\/p>\n<p><script async src=\"https:\/\/platform.twitter.com\/widgets.js\" charset=\"utf-8\"><\/script><\/p>\n","protected":false},"excerpt":{"rendered":"L\u2019un des ouragans les plus puissants jamais observ\u00e9s en Atlantique a frapp\u00e9 la Jama\u00efque mardi. L\u2019ouragan Melissa a&hellip;\n","protected":false},"author":2,"featured_media":496715,"comment_status":"","ping_status":"","sticky":false,"template":"","format":"standard","meta":{"footnotes":""},"categories":[5],"tags":[11,1129,19056,19551,436,1011,27,7760,4458,14,59749,12,3521,46266,52,5140,9334,7919,28],"class_list":{"0":"post-496714","1":"post","2":"type-post","3":"status-publish","4":"format-standard","5":"has-post-thumbnail","7":"category-international","8":"tag-actualites","9":"tag-climat","10":"tag-croix-rouge","11":"tag-cuba","12":"tag-environnement","13":"tag-fr","14":"tag-france","15":"tag-haiti","16":"tag-inondation","17":"tag-international","18":"tag-jamaique","19":"tag-news","20":"tag-onu","21":"tag-ouragan","22":"tag-planete","23":"tag-rechauffement-climatique","24":"tag-republique-dominicaine","25":"tag-vent","26":"tag-world"},"share_on_mastodon":{"url":"https:\/\/pubeurope.com\/@fr\/115455083669168286","error":""},"_links":{"self":[{"href":"https:\/\/www.europesays.com\/fr\/wp-json\/wp\/v2\/posts\/496714","targetHints":{"allow":["GET"]}}],"collection":[{"href":"https:\/\/www.europesays.com\/fr\/wp-json\/wp\/v2\/posts"}],"about":[{"href":"https:\/\/www.europesays.com\/fr\/wp-json\/wp\/v2\/types\/post"}],"author":[{"embeddable":true,"href":"https:\/\/www.europesays.com\/fr\/wp-json\/wp\/v2\/users\/2"}],"replies":[{"embeddable":true,"href":"https:\/\/www.europesays.com\/fr\/wp-json\/wp\/v2\/comments?post=496714"}],"version-history":[{"count":0,"href":"https:\/\/www.europesays.com\/fr\/wp-json\/wp\/v2\/posts\/496714\/revisions"}],"wp:featuredmedia":[{"embeddable":true,"href":"https:\/\/www.europesays.com\/fr\/wp-json\/wp\/v2\/media\/496715"}],"wp:attachment":[{"href":"https:\/\/www.europesays.com\/fr\/wp-json\/wp\/v2\/media?parent=496714"}],"wp:term":[{"taxonomy":"category","embeddable":true,"href":"https:\/\/www.europesays.com\/fr\/wp-json\/wp\/v2\/categories?post=496714"},{"taxonomy":"post_tag","embeddable":true,"href":"https:\/\/www.europesays.com\/fr\/wp-json\/wp\/v2\/tags?post=496714"}],"curies":[{"name":"wp","href":"https:\/\/api.w.org\/{rel}","templated":true}]}}