{"id":496718,"date":"2025-10-29T02:26:24","date_gmt":"2025-10-29T02:26:24","guid":{"rendered":"https:\/\/www.europesays.com\/fr\/496718\/"},"modified":"2025-10-29T02:26:24","modified_gmt":"2025-10-29T02:26:24","slug":"mauvaise-nouvelle-pour-les-plus-gros-consommateurs-du-credit-dimpot","status":"publish","type":"post","link":"https:\/\/www.europesays.com\/fr\/496718\/","title":{"rendered":"mauvaise nouvelle pour les plus gros consommateurs du cr\u00e9dit d\u2019imp\u00f4t"},"content":{"rendered":"<p>Ce n\u2019est pas un grand coup de rabot, mais plut\u00f4t un petit coup de ciseaux. L\u2019Assembl\u00e9e nationale a vot\u00e9, samedi 25\u00a0octobre, la baisse du plafond des d\u00e9penses \u00e9ligibles au cr\u00e9dit d\u2019imp\u00f4t services \u00e0 la personne (Cisap) de 12\u00a0000\u00a0\u00e0 10\u00a0000 euros par an. La mesure \u2013 si elle \u00e9tait d\u00e9finitivement inscrite dans la loi de finances pour 2026 \u2013 permettrait de r\u00e9aliser environ 110\u00a0millions d\u2019euros d\u2019\u00e9conomies. Une bagatelle au regard du co\u00fbt de cette d\u00e9pense fiscale pour l\u2019\u00c9tat \u00e9valu\u00e9 \u00e0 7,2\u00a0milliards d\u2019euros en 2025.<\/p>\n<p>Dans l\u2019h\u00e9micycle, l\u2019<a href=\"https:\/\/www.assemblee-nationale.fr\/dyn\/17\/amendements\/1906A\/AN\/3458\" target=\"_blank\" rel=\"nofollow noopener\">amendement <\/a>de la d\u00e9put\u00e9e socialiste Christine Pires Beaune a, sans surprise, \u00e9t\u00e9 soutenu par la gauche \u2013 le Parti socialiste (PS), La France insoumise (LFI), les \u00c9cologistes \u2013, mais aussi par 22 d\u00e9put\u00e9s macronistes \u2013 le d\u00e9put\u00e9 Ensemble pour la R\u00e9publique (EPR) Daniel Labaronne d\u00e9fendait \u00e9galement la baisse du plafond \u00e0 10\u00a0000\u00a0euros dans un amendement \u2013, 15 MoDem, 6 Liot et 3 Horizons. Le Rassemblement national (RN) et Les R\u00e9publicains (LR) ont vot\u00e9 contre la mesure, tout comme 17 autres d\u00e9put\u00e9s macronistes. Preuve que le sujet est clivant.<\/p>\n","protected":false},"excerpt":{"rendered":"Ce n\u2019est pas un grand coup de rabot, mais plut\u00f4t un petit coup de ciseaux. L\u2019Assembl\u00e9e nationale a&hellip;\n","protected":false},"author":2,"featured_media":496719,"comment_status":"","ping_status":"","sticky":false,"template":"","format":"standard","meta":{"footnotes":""},"categories":[2],"tags":[17,11,6409,11662,61900,15335,33,341,1011,27,5239,13158,12,2043],"class_list":{"0":"post-496718","1":"post","2":"type-post","3":"status-publish","4":"format-standard","5":"has-post-thumbnail","7":"category-actualites","8":"tag-17","9":"tag-actualites","10":"tag-consommateurs","11":"tag-credit","12":"tag-dimpot","13":"tag-domicile","14":"tag-economie","15":"tag-emploi","16":"tag-fr","17":"tag-france","18":"tag-gros","19":"tag-mauvaise","20":"tag-news","21":"tag-nouvelle"},"share_on_mastodon":{"url":"https:\/\/pubeurope.com\/@fr\/115455091180145448","error":""},"_links":{"self":[{"href":"https:\/\/www.europesays.com\/fr\/wp-json\/wp\/v2\/posts\/496718","targetHints":{"allow":["GET"]}}],"collection":[{"href":"https:\/\/www.europesays.com\/fr\/wp-json\/wp\/v2\/posts"}],"about":[{"href":"https:\/\/www.europesays.com\/fr\/wp-json\/wp\/v2\/types\/post"}],"author":[{"embeddable":true,"href":"https:\/\/www.europesays.com\/fr\/wp-json\/wp\/v2\/users\/2"}],"replies":[{"embeddable":true,"href":"https:\/\/www.europesays.com\/fr\/wp-json\/wp\/v2\/comments?post=496718"}],"version-history":[{"count":0,"href":"https:\/\/www.europesays.com\/fr\/wp-json\/wp\/v2\/posts\/496718\/revisions"}],"wp:featuredmedia":[{"embeddable":true,"href":"https:\/\/www.europesays.com\/fr\/wp-json\/wp\/v2\/media\/496719"}],"wp:attachment":[{"href":"https:\/\/www.europesays.com\/fr\/wp-json\/wp\/v2\/media?parent=496718"}],"wp:term":[{"taxonomy":"category","embeddable":true,"href":"https:\/\/www.europesays.com\/fr\/wp-json\/wp\/v2\/categories?post=496718"},{"taxonomy":"post_tag","embeddable":true,"href":"https:\/\/www.europesays.com\/fr\/wp-json\/wp\/v2\/tags?post=496718"}],"curies":[{"name":"wp","href":"https:\/\/api.w.org\/{rel}","templated":true}]}}