{"id":496724,"date":"2025-10-29T02:30:35","date_gmt":"2025-10-29T02:30:35","guid":{"rendered":"https:\/\/www.europesays.com\/fr\/496724\/"},"modified":"2025-10-29T02:30:35","modified_gmt":"2025-10-29T02:30:35","slug":"saint-etienne-se-reveille-troyes-reste-leader-nancy-enfonce-bastia-les-resultats-de-la-douzieme-journee","status":"publish","type":"post","link":"https:\/\/www.europesays.com\/fr\/496724\/","title":{"rendered":"Saint-\u00c9tienne se r\u00e9veille, Troyes reste leader, Nancy enfonce Bastia&#8230; les r\u00e9sultats de la douzi\u00e8me journ\u00e9e"},"content":{"rendered":"<p>La Ligue 2 a repris ses droits ce mardi soir pour la douzi\u00e8me journ\u00e9e de la saison 2025-2026. Le traditionnel multiplex, qui a mobilis\u00e9 les dix-huit clubs, a tenu toutes ses promesses en mati\u00e8re de spectacle offensif. Au total, trente buts ont \u00e9t\u00e9 marqu\u00e9s sur l&rsquo;ensemble des pelouses, un chiffre impressionnant pour cette soir\u00e9e de championnat.<\/p>\n<p><a href=\"https:\/\/www.foot-national.com\/data\/classement-ligue2.html\" rel=\"nofollow noopener\" target=\"_blank\">&gt;&gt; Ligue 2 : le classement.<\/a><\/p>\n<p>L&rsquo;AS Saint-\u00c9tienne a r\u00e9alis\u00e9 la performance de la soir\u00e9e en s&rsquo;imposant tr\u00e8s largement face au Pau FC sur un score fleuve de 6-0. Les Verts ont domin\u00e9 la rencontre de bout en bout. La soir\u00e9e a \u00e9t\u00e9 difficile jusqu&rsquo;au bout pour les Pallois, qui ont termin\u00e9 la rencontre \u00e0 dix apr\u00e8s l&rsquo;expulsion de Karamoko \u00e0 la 89e minute. Dans les autres rencontres marquantes, le duel entre Boulogne et Reims a \u00e9t\u00e9 spectaculaire. Les R\u00e9mois se sont offert un v\u00e9ritable festival offensif contre une valeureuse \u00e9quipe nordiste (6-2). Enfin, Dunkerque a d\u00e9croch\u00e9 un succ\u00e8s net et sans appel contre le Red Star (3-0).<\/p>\n<p><strong>Les r\u00e9sultats de la douzi\u00e8me journ\u00e9e :<\/strong><\/p>\n<ul>\n<li>AS Saint-\u00c9tienne 6 \u2013 0 Pau FC<\/li>\n<li>ESTAC Troyes 3 \u2013 1 Amiens SC<\/li>\n<li>US Boulogne CO 2 \u2013 6 Stade de Reims<\/li>\n<li>USL Dunkerque 3 \u2013 0 Red Star FC<\/li>\n<li>Clermont Foot 63 1 \u2013 1 Montpellier H\u00e9rault SC<\/li>\n<li>Grenoble Foot 38 0 \u2013 0 EA Guingamp<\/li>\n<li>AS Nancy-Lorraine 2 \u2013 0 SC Bastia<\/li>\n<li>Rodez Aveyron Football 2 \u2013 1 FC Annecy<\/li>\n<li>Stade Lavallois MFC 1 \u2013 1 Le Mans FC<\/li>\n<\/ul>\n<p>Partagez cette info avec vos amis et vos proches en cliquant ici<br \/>Pour r\u00e9sumer<\/p>\n<p>La Ligue 2 a repris ses droits ce mardi soir pour la douzi\u00e8me journ\u00e9e de la saison 2025-2026. Le traditionnel multiplex, qui a mobilis\u00e9 les dix-huit clubs, a tenu toutes ses promesses en mati\u00e8re de spectacle offensif. Au total, trente buts ont \u00e9t\u00e9 marqu\u00e9s sur l&rsquo;ensemble des pelouses, un chiffre impressionnant pour cette soir\u00e9e de championnat.<\/p>\n<p> <img decoding=\"async\" width=\"76\" height=\"76\" loading=\"lazy\" src=\"https:\/\/static.wui.fr\/images_v3\/avatar-footnational.png\" alt=\"Aris Djennadi\"\/><\/p>\n","protected":false},"excerpt":{"rendered":"La Ligue 2 a repris ses droits ce mardi soir pour la douzi\u00e8me journ\u00e9e de la saison 2025-2026.&hellip;\n","protected":false},"author":2,"featured_media":496725,"comment_status":"","ping_status":"","sticky":false,"template":"","format":"standard","meta":{"footnotes":""},"categories":[9635],"tags":[1111,11,1777,674,1011,27,775,59995,1702,12,25],"class_list":{"0":"post-496724","1":"post","2":"type-post","3":"status-publish","4":"format-standard","5":"has-post-thumbnail","7":"category-nancy","8":"tag-actu","9":"tag-actualites","10":"tag-eu","11":"tag-europe","12":"tag-fr","13":"tag-france","14":"tag-grand-est","15":"tag-ligue-2-actus","16":"tag-nancy","17":"tag-news","18":"tag-republique-francaise"},"share_on_mastodon":{"url":"https:\/\/pubeurope.com\/@fr\/115455107595323786","error":""},"_links":{"self":[{"href":"https:\/\/www.europesays.com\/fr\/wp-json\/wp\/v2\/posts\/496724","targetHints":{"allow":["GET"]}}],"collection":[{"href":"https:\/\/www.europesays.com\/fr\/wp-json\/wp\/v2\/posts"}],"about":[{"href":"https:\/\/www.europesays.com\/fr\/wp-json\/wp\/v2\/types\/post"}],"author":[{"embeddable":true,"href":"https:\/\/www.europesays.com\/fr\/wp-json\/wp\/v2\/users\/2"}],"replies":[{"embeddable":true,"href":"https:\/\/www.europesays.com\/fr\/wp-json\/wp\/v2\/comments?post=496724"}],"version-history":[{"count":0,"href":"https:\/\/www.europesays.com\/fr\/wp-json\/wp\/v2\/posts\/496724\/revisions"}],"wp:featuredmedia":[{"embeddable":true,"href":"https:\/\/www.europesays.com\/fr\/wp-json\/wp\/v2\/media\/496725"}],"wp:attachment":[{"href":"https:\/\/www.europesays.com\/fr\/wp-json\/wp\/v2\/media?parent=496724"}],"wp:term":[{"taxonomy":"category","embeddable":true,"href":"https:\/\/www.europesays.com\/fr\/wp-json\/wp\/v2\/categories?post=496724"},{"taxonomy":"post_tag","embeddable":true,"href":"https:\/\/www.europesays.com\/fr\/wp-json\/wp\/v2\/tags?post=496724"}],"curies":[{"name":"wp","href":"https:\/\/api.w.org\/{rel}","templated":true}]}}