{"id":496746,"date":"2025-10-29T02:45:38","date_gmt":"2025-10-29T02:45:38","guid":{"rendered":"https:\/\/www.europesays.com\/fr\/496746\/"},"modified":"2025-10-29T02:45:38","modified_gmt":"2025-10-29T02:45:38","slug":"a-nice-les-demineurs-appeles-en-renfort-au-cours-dune-expulsion","status":"publish","type":"post","link":"https:\/\/www.europesays.com\/fr\/496746\/","title":{"rendered":"\u00e0 Nice, les d\u00e9mineurs appel\u00e9s en renfort au cours d\u2019une expulsion"},"content":{"rendered":"<p>\n    Alors qu\u2019une quinzaine de logements devait \u00eatre \u00e9vacu\u00e9e, un message de menaces a \u00e9t\u00e9 d\u00e9couvert sur l\u2019une des portes des appartements. Deux personnes ont \u00e9t\u00e9 interpell\u00e9es pour outrage et menaces de mort.<\/p>\n<p class=\"fig-paragraph\">\u00abNe pas entr\u00e9 (sic), appartement pi\u00e9g\u00e9\u00bb : c\u2019est par ces mots que les policiers municipaux ont \u00e9t\u00e9 accueillis, lundi 27 octobre, dans un appartement de la rue Dante, \u00e0 Nice (Alpes-Maritimes), alors qu\u2019ils proc\u00e9daient \u00e0 l\u2019<a href=\"https:\/\/video.lefigaro.fr\/figaro\/actualite-france\/evacuation-dun-camp-de-roms-a-marseille-6900d4cabc396119f84dbbac-oct-28-2025-14-49-47-20251028\" data-fig-type=\"Video\" data-gtm-custom-categorie=\"navigation\" data-gtm-custom-action=\"crossclick\" data-gtm-custom-label=\"Contextuel\" data-gtm-event=\"customEventSPE\" data-fig-domain=\"LEFIGARO\" target=\"_blank\" rel=\"noopener\">\u00e9vacuation d\u2019un squat<\/a>.<\/p>\n<p class=\"fig-paragraph\">En fin de matin\u00e9e, une quinzaine de logements devait \u00eatre \u00e9vacu\u00e9e mais les policiers ont donc trouv\u00e9 cette annonce sur la porte de l\u2019un d\u2019entre eux, donnant \u00e0 l\u2019expulsion une tout autre tournure. Selon les informations de Nice-Matin, le propri\u00e9taire de l\u2019immeuble squatt\u00e9 et l\u2019huissier auraient re\u00e7u des menaces de mort.<\/p>\n<p>                                    <a class=\"fig-a11y-skip a11y-hidden\" href=\"#fig-a11y-skip-main-inarticle\"><br \/>\n        Passer la publicit\u00e9<br \/>\n    <\/a><\/p>\n<p>Les d\u00e9mineurs sur place<\/p>\n<p class=\"fig-paragraph\">\u00abPar pr\u00e9caution\u00bb, pr\u00e9cise le maire de la ville de Nice\u00a0<a href=\"http:\/\/www.lefigaro.fr\/nice\/a-nice-la-protection-fonctionnelle-accordee-a-christian-estrosi-pour-une-plainte-contre-eric-ciotti-fait-polemique-20251024\" data-fig-type=\"NewsFlash\" data-gtm-custom-categorie=\"navigation\" data-gtm-custom-action=\"crossclick\" data-gtm-custom-label=\"Contextuel\" data-gtm-event=\"customEventSPE\" data-fig-domain=\"LEFIGARO\" target=\"_blank\" rel=\"noopener\">Christian Estrosi<\/a>, une \u00e9quipe de d\u00e9mineurs a \u00e9t\u00e9 d\u00e9ploy\u00e9e. La police nationale s\u2019est \u00e9galement rendue sur place en renfort. Selon nos informations, cette suspicion d\u2019appartement pi\u00e9g\u00e9 a \u00e9t\u00e9 rapidement \u00e9cart\u00e9e puisque les d\u00e9mineurs ont quitt\u00e9 les lieux aux alentours de 13h30.<\/p>\n<p class=\"fig-paragraph\">Dans un message publi\u00e9 sur le r\u00e9seau social X, l\u2019\u00e9dile a remerci\u00e9 les policiers municipaux et nationaux pour leur intervention, pr\u00e9cisant qu\u2019\u00abau total, huit personnes ont \u00e9t\u00e9 \u00e9vacu\u00e9es et deux interpell\u00e9es pour outrage et menaces de mort\u00bb.<\/p>\n","protected":false},"excerpt":{"rendered":"Alors qu\u2019une quinzaine de logements devait \u00eatre \u00e9vacu\u00e9e, un message de menaces a \u00e9t\u00e9 d\u00e9couvert sur l\u2019une des&hellip;\n","protected":false},"author":2,"featured_media":496747,"comment_status":"","ping_status":"","sticky":false,"template":"","format":"standard","meta":{"footnotes":""},"categories":[2819],"tags":[1111,11,61903,1777,674,1011,27,7775,12,2401,882,25,58295],"class_list":{"0":"post-496746","1":"post","2":"type-post","3":"status-publish","4":"format-standard","5":"has-post-thumbnail","7":"category-nice","8":"tag-actu","9":"tag-actualites","10":"tag-deminage","11":"tag-eu","12":"tag-europe","13":"tag-fr","14":"tag-france","15":"tag-menaces-de-mort","16":"tag-news","17":"tag-nice","18":"tag-provence-alpes-cote-dazur","19":"tag-republique-francaise","20":"tag-squatteurs"},"share_on_mastodon":{"url":"https:\/\/pubeurope.com\/@fr\/115455166000381609","error":""},"_links":{"self":[{"href":"https:\/\/www.europesays.com\/fr\/wp-json\/wp\/v2\/posts\/496746","targetHints":{"allow":["GET"]}}],"collection":[{"href":"https:\/\/www.europesays.com\/fr\/wp-json\/wp\/v2\/posts"}],"about":[{"href":"https:\/\/www.europesays.com\/fr\/wp-json\/wp\/v2\/types\/post"}],"author":[{"embeddable":true,"href":"https:\/\/www.europesays.com\/fr\/wp-json\/wp\/v2\/users\/2"}],"replies":[{"embeddable":true,"href":"https:\/\/www.europesays.com\/fr\/wp-json\/wp\/v2\/comments?post=496746"}],"version-history":[{"count":0,"href":"https:\/\/www.europesays.com\/fr\/wp-json\/wp\/v2\/posts\/496746\/revisions"}],"wp:featuredmedia":[{"embeddable":true,"href":"https:\/\/www.europesays.com\/fr\/wp-json\/wp\/v2\/media\/496747"}],"wp:attachment":[{"href":"https:\/\/www.europesays.com\/fr\/wp-json\/wp\/v2\/media?parent=496746"}],"wp:term":[{"taxonomy":"category","embeddable":true,"href":"https:\/\/www.europesays.com\/fr\/wp-json\/wp\/v2\/categories?post=496746"},{"taxonomy":"post_tag","embeddable":true,"href":"https:\/\/www.europesays.com\/fr\/wp-json\/wp\/v2\/tags?post=496746"}],"curies":[{"name":"wp","href":"https:\/\/api.w.org\/{rel}","templated":true}]}}