{"id":496748,"date":"2025-10-29T02:46:30","date_gmt":"2025-10-29T02:46:30","guid":{"rendered":"https:\/\/www.europesays.com\/fr\/496748\/"},"modified":"2025-10-29T02:46:30","modified_gmt":"2025-10-29T02:46:30","slug":"lauteur-de-bande-dessinee-et-realisateur-enki-bilal-au-festival-les-utopiales-jeudi-a-nantes","status":"publish","type":"post","link":"https:\/\/www.europesays.com\/fr\/496748\/","title":{"rendered":"L\u2019auteur de bande dessin\u00e9e et r\u00e9alisateur Enki Bilal au festival les Utopiales jeudi, \u00e0 Nantes"},"content":{"rendered":"<p>Pour la 25e \u00e9dition des <a href=\"https:\/\/www.ouest-france.fr\/pays-de-la-loire\/nantes-44000\/festival-utopiales\/\" target=\"_self\" rel=\"noopener\">Utopiales<\/a>, \u00e0 Nantes, le festival de science-fiction re\u00e7oit l\u2019auteur de bande dessin\u00e9e Enki Bilal, jeudi 30\u00a0octobre. Incontournable dans le monde de la science-fiction, il avait sign\u00e9\u00a0la toute premi\u00e8re affiche des Utopiales.<\/p>\n<p>Outre la bande dessin\u00e9e, Enki Bilal a r\u00e9alis\u00e9 trois films pour le cin\u00e9ma, des sc\u00e9nographies pour le ballet, le th\u00e9\u00e2tre, l\u2019op\u00e9ra\u2026 Prolifique, ce mercredi 29\u00a0octobre, <a href=\"https:\/\/rennes.maville.com\/actu\/actudet_-entretien.-enki-bilal-la-memoire-est-un-theme-essentiel-et-une-de-mes-obsessions-_53511-7037727_actu.Htm\" target=\"_self\" rel=\"noopener\">le dessinateur sort le quatri\u00e8me tome de Bug<\/a>, saga de science-fiction dans laquelle la m\u00e9moire informatique mondiale a disparu. Une BD tr\u00e8s certainement \u00e0 retrouver dans la grande librairie propos\u00e9e aux Utopiales chaque ann\u00e9e (plus de 25\u00a0000\u00a0romans et BD).<\/p>\n<p><strong>Jeudi 30\u00a0octobre,<\/strong> de 11\u00a0h\u00a045 \u00e0 12\u00a0h\u00a045, \u00e0 la Cit\u00e9 des congr\u00e8s (salle 2001). Dans l\u2019\u00e9mission de Book club de France culture, diffus\u00e9e en direct, de 15\u00a0h \u00e0 16\u00a0h.<\/p>\n<p>\u00a0<\/p>\n","protected":false},"excerpt":{"rendered":"Pour la 25e \u00e9dition des Utopiales, \u00e0 Nantes, le festival de science-fiction re\u00e7oit l\u2019auteur de bande dessin\u00e9e Enki&hellip;\n","protected":false},"author":2,"featured_media":496749,"comment_status":"","ping_status":"","sticky":false,"template":"","format":"standard","meta":{"footnotes":""},"categories":[2818],"tags":[1111,11,3355,26062,61905,36069,61904,1777,674,849,1011,27,9272,766,12,2636,4233,25,24648],"class_list":{"0":"post-496748","1":"post","2":"type-post","3":"status-publish","4":"format-standard","5":"has-post-thumbnail","7":"category-nantes","8":"tag-actu","9":"tag-actualites","10":"tag-auteur","11":"tag-bande","12":"tag-bilal","13":"tag-dessinee","14":"tag-enki","15":"tag-eu","16":"tag-europe","17":"tag-festival","18":"tag-fr","19":"tag-france","20":"tag-jeudi","21":"tag-nantes","22":"tag-news","23":"tag-pays-de-la-loire","24":"tag-realisateur","25":"tag-republique-francaise","26":"tag-utopiales"},"share_on_mastodon":{"url":"https:\/\/pubeurope.com\/@fr\/115455169880152556","error":""},"_links":{"self":[{"href":"https:\/\/www.europesays.com\/fr\/wp-json\/wp\/v2\/posts\/496748","targetHints":{"allow":["GET"]}}],"collection":[{"href":"https:\/\/www.europesays.com\/fr\/wp-json\/wp\/v2\/posts"}],"about":[{"href":"https:\/\/www.europesays.com\/fr\/wp-json\/wp\/v2\/types\/post"}],"author":[{"embeddable":true,"href":"https:\/\/www.europesays.com\/fr\/wp-json\/wp\/v2\/users\/2"}],"replies":[{"embeddable":true,"href":"https:\/\/www.europesays.com\/fr\/wp-json\/wp\/v2\/comments?post=496748"}],"version-history":[{"count":0,"href":"https:\/\/www.europesays.com\/fr\/wp-json\/wp\/v2\/posts\/496748\/revisions"}],"wp:featuredmedia":[{"embeddable":true,"href":"https:\/\/www.europesays.com\/fr\/wp-json\/wp\/v2\/media\/496749"}],"wp:attachment":[{"href":"https:\/\/www.europesays.com\/fr\/wp-json\/wp\/v2\/media?parent=496748"}],"wp:term":[{"taxonomy":"category","embeddable":true,"href":"https:\/\/www.europesays.com\/fr\/wp-json\/wp\/v2\/categories?post=496748"},{"taxonomy":"post_tag","embeddable":true,"href":"https:\/\/www.europesays.com\/fr\/wp-json\/wp\/v2\/tags?post=496748"}],"curies":[{"name":"wp","href":"https:\/\/api.w.org\/{rel}","templated":true}]}}