{"id":49675,"date":"2025-04-24T17:17:09","date_gmt":"2025-04-24T17:17:09","guid":{"rendered":"https:\/\/www.europesays.com\/fr\/49675\/"},"modified":"2025-04-24T17:17:09","modified_gmt":"2025-04-24T17:17:09","slug":"les-partis-politiques-pourront-consulter-les-accords-avec-lunion-europeenne-avant-quils-ne-soient-publics","status":"publish","type":"post","link":"https:\/\/www.europesays.com\/fr\/49675\/","title":{"rendered":"Les partis politiques pourront consulter les accords avec l\u2019Union europ\u00e9enne avant qu\u2019ils ne soient publics"},"content":{"rendered":"<p>              <a tabindex=\"-1\" title=\"Fanny Scuderi\" href=\"https:\/\/www.letemps.ch\/profil\/fanny-scuderi\" target=\"_blank\" rel=\"noopener\"><\/p>\n<p>                    <img decoding=\"async\" src=\"https:\/\/www.europesays.com\/fr\/wp-content\/uploads\/2025\/04\/1745515029_792_small.jpeg\" class=\"lazy\" alt=\"\"\/><\/p>\n<p><\/a>        <\/p>\n<p>    Publi\u00e9 le 24 avril 2025 \u00e0 19:04. \/ Modifi\u00e9 le 24 avril 2025 \u00e0 19:06.<\/p>\n<p> 3 min. de lecture<\/p>\n<p>Qui aura le privil\u00e8ge de consulter les accords avec l\u2019Union europ\u00e9enne (UE) avant leur publication? Une toute petite poign\u00e9e d\u2019\u00e9lus. Car le D\u00e9partement f\u00e9d\u00e9ral des affaires \u00e9trang\u00e8res (DFAE) va offrir la possibilit\u00e9 \u00e0 deux repr\u00e9sentants de chaque groupe parlementaire d\u2019examiner les projets de texte. En anglais et dans une salle r\u00e9serv\u00e9e \u00e0 cet effet au Palais f\u00e9d\u00e9ral, pr\u00e9cise Pierre-Alain Eltschinger, porte-parole du DFAE. Chaque visiteur sera soumis \u00e0 une clause de confidentialit\u00e9, qui stipule qu\u2019aucune photo ou photocopie ne peut \u00eatre r\u00e9alis\u00e9e, <a href=\"https:\/\/www.blick.ch\/fr\/suisse\/seule-une-poignee-delus-a-acces-au-dossier-secret-de-laccord-avec-lue-id20806613.html\" rel=\"nofollow noopener\" target=\"_blank\">selon le Blick<\/a>. Et cela, afin d\u2019\u00e9viter les indiscr\u00e9tions, car les textes ne sont pas encore publics.<\/p>\n<p>Lire aussi: <a href=\"https:\/\/www.letemps.ch\/articles\/guy-parmelin-peut-aller-de-l-avant-avec-l-accord-sur-les-programmes-de-recherche-avec-l-union-europeenne\" target=\"_blank\" rel=\"noopener\">Guy Parmelin peut aller de l\u2019avant avec l\u2019accord sur les programmes de recherche avec l\u2019Union europ\u00e9enne<\/a>  <\/p>\n<p>    La suite de l&rsquo;article vous int\u00e9resse?<\/p>\n<p>Tout comprendre, mieux s\u2019informer: acc\u00e9dez au meilleur du journalisme suisse avec notre offre combin\u00e9e <b>Le Temps &amp; Heidi.news<\/b>. &#13;\n<\/p>\n<p>Abonnez-vous en quelques clics et payez facilement avec <b>Twint<\/b>.<\/p>\n<p>    <a class=\"button is-secondary\" data-event=\"click-&gt;clicked\" href=\"https:\/\/www.letemps.ch\/abonnements?wall_id=1\" target=\"_blank\" rel=\"noopener\">Je m\u2019abonne<\/a><\/p>\n<p class=\"post-subscribe__login\">\n        Vous avez d\u00e9j\u00e0 un compte ?<br \/>\n        <a class=\"link\" rel=\"nofollow noopener\" href=\"https:\/\/www.letemps.ch\/compte\/connexion?return_to=https%3A%2F%2Fwww.letemps.ch%2Fsuisse%2Fles-partis-politiques-pourront-consulter-les-accords-avec-l-union-europeenne-avant-qu-ils-ne-soient-publics\" target=\"_blank\">Se connecter<\/a>\n      <\/p>\n","protected":false},"excerpt":{"rendered":"Publi\u00e9 le 24 avril 2025 \u00e0 19:04. \/ Modifi\u00e9 le 24 avril 2025 \u00e0 19:06. 3 min. de&hellip;\n","protected":false},"author":2,"featured_media":49676,"comment_status":"","ping_status":"","sticky":false,"template":"","format":"standard","meta":{"footnotes":""},"categories":[1586],"tags":[11,1777,674,1779,1011,27,12,301,25,2582,1778,364],"class_list":{"0":"post-49675","1":"post","2":"type-post","3":"status-publish","4":"format-standard","5":"has-post-thumbnail","7":"category-europe","8":"tag-actualites","9":"tag-eu","10":"tag-europe","11":"tag-european-union","12":"tag-fr","13":"tag-france","14":"tag-news","15":"tag-premium","16":"tag-republique-francaise","17":"tag-suisse-ue","18":"tag-ue","19":"tag-union-europeenne"},"share_on_mastodon":{"url":"https:\/\/pubeurope.com\/@fr\/114394080537730536","error":""},"_links":{"self":[{"href":"https:\/\/www.europesays.com\/fr\/wp-json\/wp\/v2\/posts\/49675","targetHints":{"allow":["GET"]}}],"collection":[{"href":"https:\/\/www.europesays.com\/fr\/wp-json\/wp\/v2\/posts"}],"about":[{"href":"https:\/\/www.europesays.com\/fr\/wp-json\/wp\/v2\/types\/post"}],"author":[{"embeddable":true,"href":"https:\/\/www.europesays.com\/fr\/wp-json\/wp\/v2\/users\/2"}],"replies":[{"embeddable":true,"href":"https:\/\/www.europesays.com\/fr\/wp-json\/wp\/v2\/comments?post=49675"}],"version-history":[{"count":0,"href":"https:\/\/www.europesays.com\/fr\/wp-json\/wp\/v2\/posts\/49675\/revisions"}],"wp:featuredmedia":[{"embeddable":true,"href":"https:\/\/www.europesays.com\/fr\/wp-json\/wp\/v2\/media\/49676"}],"wp:attachment":[{"href":"https:\/\/www.europesays.com\/fr\/wp-json\/wp\/v2\/media?parent=49675"}],"wp:term":[{"taxonomy":"category","embeddable":true,"href":"https:\/\/www.europesays.com\/fr\/wp-json\/wp\/v2\/categories?post=49675"},{"taxonomy":"post_tag","embeddable":true,"href":"https:\/\/www.europesays.com\/fr\/wp-json\/wp\/v2\/tags?post=49675"}],"curies":[{"name":"wp","href":"https:\/\/api.w.org\/{rel}","templated":true}]}}