{"id":496766,"date":"2025-10-29T02:56:18","date_gmt":"2025-10-29T02:56:18","guid":{"rendered":"https:\/\/www.europesays.com\/fr\/496766\/"},"modified":"2025-10-29T02:56:18","modified_gmt":"2025-10-29T02:56:18","slug":"des-arrondissements-pris-pour-cible-decouvrez-ou-la-sulfateuse-a-pv-passe-le-plus-a-lyon","status":"publish","type":"post","link":"https:\/\/www.europesays.com\/fr\/496766\/","title":{"rendered":"Des arrondissements pris pour cible ? D\u00e9couvrez o\u00f9 la \u00ab\u00a0sulfateuse \u00e0 PV\u00a0\u00bb passe le plus \u00e0 Lyon"},"content":{"rendered":"<p>Deux voitures \u00e9quip\u00e9es du syst\u00e8me LAPI (lecture automatique des plaques d\u2019immatriculation), surnomm\u00e9es \u00ab\u00a0sulfateuses \u00e0 PV\u00a0\u00bb, sillonnent quotidiennement Lyon pour v\u00e9rifier le paiement du stationnement. Les chiffres 2024 viennent de tomber, r\u00e9v\u00e9lant o\u00f9 les contr\u00f4les ont \u00e9t\u00e9 les plus intenses.<\/p>\n<p>Avec 536 655 contr\u00f4les en 2024, soit 29,72 % du total lyonnais, le 6e arrondissement est de loin le plus scrut\u00e9. Ce chiffre s\u2019explique en partie par le fait que le secteur concentre \u00e9galement le plus grand nombre de places payantes : 9 941, soit pr\u00e8s d\u2019un quart du total de la ville.<\/p>\n<p>Derri\u00e8re, on retrouve le 2e arrondissement, avec 281 210 contr\u00f4les (15,57 %) pour 4 366 places payantes. Un volume qui interroge, puisqu\u2019il d\u00e9passe celui de plusieurs secteurs plus vastes et plus fournis en stationnement, comme le 3e le 4e ou le 7e.<\/p>\n<p>En ce sens le maire du 2e,\u00a0Pierre Oliver, ne d\u00e9col\u00e8re pas. L\u2019\u00e9lu dit avoir \u00e9t\u00e9 alert\u00e9 par des commer\u00e7ants et des habitants qui \u00ab\u00a0n\u2019arr\u00eatent pas de voir passer le v\u00e9hicule\u00a0\u00bb charg\u00e9 de v\u00e9rifier les paiements. Selon lui, \u00ab\u00a0des agents ont indiqu\u00e9 avoir pour consigne de passer plus souvent dans le 2e et dans le 6e.<\/p>\n<p>L&rsquo;\u00e9lu d\u00e9nonce ce qu\u2019il consid\u00e8re comme une logique de sanction cibl\u00e9e : \u00ab\u00a0Le maire de Lyon concentre les contr\u00f4les dans les secteurs qui n\u2019ont pas vot\u00e9 pour lui, pour racketter les automobilistes. C\u2019est une politique punitive des Verts.\u00a0\u00bb<\/p>\n<p>Le\u00a03e arrondissement\u00a0ferme quant \u00e0 lui le trio de t\u00eate, avec\u00a0276 132 contr\u00f4les, soit\u00a015,29 % du total, pour\u00a07 993 places payantes.<\/p>\n<p>La Ville parle d\u2019un \u00ab\u00a0\u00e9quilibre\u00a0\u00bb entre arrondissements<\/p>\n<p>La municipalit\u00e9 lyonnaise rejette fermement ces accusations. Dans sa r\u00e9ponse, elle rappelle que les chiffres \u00e9voqu\u00e9s proviennent du\u00a0bilan annuel des contr\u00f4les 2024\u00a0et traduisent un travail proportionn\u00e9 au nombre de places payantes dans chaque arrondissement.\u00a0\u00bbLa r\u00e9partition des contr\u00f4les effectu\u00e9s par les ASVP est en ad\u00e9quation avec la r\u00e9partition r\u00e9elle des places payantes\u00a0\u00bb, pr\u00e9cise la Ville, qui \u00e9voque un \u00ab\u00a0maillage \u00e9quilibr\u00e9 et coh\u00e9rent du territoire.\u00a0\u00bb<\/p>\n<p>Les \u00e9carts observ\u00e9s d\u2019un arrondissement \u00e0 l\u2019autre seraient li\u00e9s \u00e0 \u00ab\u00a0l\u2019organisation op\u00e9rationnelle des tourn\u00e9es\u00a0\u00bb, con\u00e7ues pour couvrir efficacement l\u2019ensemble du p\u00e9rim\u00e8tre payant.<\/p>\n<p>La municipalit\u00e9 rappelle enfin que le syst\u00e8me LAPI, utilis\u00e9 par deux v\u00e9hicules depuis 2020, vise \u00e0 am\u00e9liorer un\u00a0taux de paiement historiquement faible \u00e0 Lyon, autour de 20 % en 2019, et \u00e0 garantir une\u00a0meilleure \u00e9quit\u00e9 entre usagers.<\/p>\n<p>De son c\u00f4t\u00e9,\u00a0Valentin Lungenstrass (EELV), adjoint \u00e0 la mobilit\u00e9, d\u00e9nonce une tentative de r\u00e9cup\u00e9ration politique : \u00ab\u00a0En aucun cas, nous n\u2019intervenons sur l\u2019organisation des tourn\u00e9es. M. Oliver cherche \u00e0 cr\u00e9er une fausse pol\u00e9mique \u00e0 partir de chiffres qu\u2019il a en main depuis plus de six mois.\u00a0\u00bb<\/p>\n<p>Le classement complet des contr\u00f4les 2024 \u00e0 Lyon, \u00e9tabli \u00e0 partir des donn\u00e9es du syst\u00e8me LAPI, permet de mesurer la r\u00e9partition r\u00e9elle des v\u00e9rifications sur le territoire :<\/p>\n<ul>&#13;<\/p>\n<li>6e arrondissement\u00a0: 536 655 contr\u00f4les (29,72 %) \u2013 9 941 places payantes \u2013\u00a053,98 contr\u00f4les par place<\/li>\n<p>&#13;<\/p>\n<li>2e arrondissement\u00a0: 281 210 contr\u00f4les (15,57 %) \u2013 4 366 places payantes\u00a0\u2013\u00a064,41 contr\u00f4les par place<\/li>\n<p>&#13;<\/p>\n<li>3e arrondissement\u00a0: 276 132 contr\u00f4les (15,29 %) \u2013 7 993 places payantes \u2013\u00a034,55 contr\u00f4les par place<\/li>\n<p>&#13;<\/p>\n<li>7e arrondissement\u00a0: 215 371 contr\u00f4les (11,93 %) \u2013 6 658 places payantes \u2013\u00a032,35 contr\u00f4les par place<\/li>\n<p>&#13;<\/p>\n<li>4e arrondissement\u00a0: 171 190 contr\u00f4les (9,48 %) \u2013 4 956 places payantes\u00a0\u2013\u00a034,54 contr\u00f4les par place<\/li>\n<p>&#13;<\/p>\n<li>9e arrondissement\u00a0: 124 612 contr\u00f4les (6,90 %) \u2013 3 253 places payantes \u2013\u00a038,31 contr\u00f4les par place<\/li>\n<p>&#13;<\/p>\n<li>1er arrondissement\u00a0: 75 475 contr\u00f4les (4,18 %) \u2013 2 583 places payantes\u00a0\u2013\u00a029,22 contr\u00f4les par place\u00a0<\/li>\n<p>&#13;<\/p>\n<li>5e arrondissement\u00a0: 65 209 contr\u00f4les (3,61 %) \u2013 1 598 places payantes \u2013\u00a040,81 contr\u00f4les par place<\/li>\n<p>&#13;<\/p>\n<li>8e arrondissement\u00a0: 59 973 contr\u00f4les (3,32 %) \u2013 2 175 places payantes \u2013\u00a027,57 contr\u00f4les par place<\/li>\n<p>&#13;\n<\/ul>\n<p>Total Lyon\u00a0: 1 805 827 contr\u00f4les pour 43 523 places payantes (41,49 contr\u00f4les\/place).<\/p>\n","protected":false},"excerpt":{"rendered":"Deux voitures \u00e9quip\u00e9es du syst\u00e8me LAPI (lecture automatique des plaques d\u2019immatriculation), surnomm\u00e9es \u00ab\u00a0sulfateuses \u00e0 PV\u00a0\u00bb, sillonnent quotidiennement Lyon&hellip;\n","protected":false},"author":2,"featured_media":496767,"comment_status":"","ping_status":"","sticky":false,"template":"","format":"standard","meta":{"footnotes":""},"categories":[1889],"tags":[1111,11,2813,2190,2430,1109,251,1112,2811,1777,674,118,1011,27,1922,1110,1114,2428,2810,12,241,316,25,2812,517,800],"class_list":{"0":"post-496766","1":"post","2":"type-post","3":"status-publish","4":"format-standard","5":"has-post-thumbnail","7":"category-lyon","8":"tag-actu","9":"tag-actualites","10":"tag-article","11":"tag-asvel","12":"tag-auvergne-rhone-alpes","13":"tag-breves","14":"tag-culture","15":"tag-depeches","16":"tag-economique","17":"tag-eu","18":"tag-europe","19":"tag-faits-divers","20":"tag-fr","21":"tag-france","22":"tag-info","23":"tag-informations","24":"tag-infos","25":"tag-lyon","26":"tag-lyonmag","27":"tag-news","28":"tag-ol","29":"tag-politique","30":"tag-republique-francaise","31":"tag-sociale","32":"tag-sport","33":"tag-transports"},"share_on_mastodon":{"url":"https:\/\/pubeurope.com\/@fr\/115455209259359467","error":""},"_links":{"self":[{"href":"https:\/\/www.europesays.com\/fr\/wp-json\/wp\/v2\/posts\/496766","targetHints":{"allow":["GET"]}}],"collection":[{"href":"https:\/\/www.europesays.com\/fr\/wp-json\/wp\/v2\/posts"}],"about":[{"href":"https:\/\/www.europesays.com\/fr\/wp-json\/wp\/v2\/types\/post"}],"author":[{"embeddable":true,"href":"https:\/\/www.europesays.com\/fr\/wp-json\/wp\/v2\/users\/2"}],"replies":[{"embeddable":true,"href":"https:\/\/www.europesays.com\/fr\/wp-json\/wp\/v2\/comments?post=496766"}],"version-history":[{"count":0,"href":"https:\/\/www.europesays.com\/fr\/wp-json\/wp\/v2\/posts\/496766\/revisions"}],"wp:featuredmedia":[{"embeddable":true,"href":"https:\/\/www.europesays.com\/fr\/wp-json\/wp\/v2\/media\/496767"}],"wp:attachment":[{"href":"https:\/\/www.europesays.com\/fr\/wp-json\/wp\/v2\/media?parent=496766"}],"wp:term":[{"taxonomy":"category","embeddable":true,"href":"https:\/\/www.europesays.com\/fr\/wp-json\/wp\/v2\/categories?post=496766"},{"taxonomy":"post_tag","embeddable":true,"href":"https:\/\/www.europesays.com\/fr\/wp-json\/wp\/v2\/tags?post=496766"}],"curies":[{"name":"wp","href":"https:\/\/api.w.org\/{rel}","templated":true}]}}