{"id":496775,"date":"2025-10-29T03:03:15","date_gmt":"2025-10-29T03:03:15","guid":{"rendered":"https:\/\/www.europesays.com\/fr\/496775\/"},"modified":"2025-10-29T03:03:15","modified_gmt":"2025-10-29T03:03:15","slug":"la-prise-en-charge-des-avc-est-encore-inequitable-en-france-selon-la-cour-des-comptes-2","status":"publish","type":"post","link":"https:\/\/www.europesays.com\/fr\/496775\/","title":{"rendered":"La prise en charge des AVC est encore in\u00e9quitable en France selon la Cour des comptes"},"content":{"rendered":"<p>La Cour des comptes dresse un bilan contrast\u00e9 de la pr\u00e9vention et de la prise en charge des accidents vasculaires c\u00e9r\u00e9braux, quinze ans apr\u00e8s le lancement d\u2019un premier plan national (2010-2014) qui n\u2019a pas eu de suite.<\/p>\n<p>Un quart de d\u00e9c\u00e8s<\/p>\n<p>Plus<a href=\"https:\/\/beh.santepubliquefrance.fr\/beh\/2025\/HS\/2025_HS_3.html\" target=\"_blank\" rel=\"nofollow noopener\"> de 120\u00a0000\u00a0personnes sont hospitalis\u00e9es pour un accident vasculaire c\u00e9r\u00e9bral chaque ann\u00e9e. Plus de 30\u00a0000\u00a0en meurent.<\/a> La majorit\u00e9 garde des s\u00e9quelles d\u00e9finitives. Quatre AVC sur cinq sont li\u00e9s \u00e0 un caillot de sang obstruant ou g\u00eanant la circulation du sang dans le cerveau (AVC isch\u00e9mique). Un sur cinq est li\u00e9 \u00e0 la rupture d\u2019un vaisseau (AVC h\u00e9morragique). La mortalit\u00e9 des AVC diminue, mais leur nombre va continuer \u00e0 augmenter, notamment avec le vieillissement de la population.<\/p>\n<p>Une m\u00e9decine d\u2019urgence r\u00e9cente<\/p>\n<p>Une vraie m\u00e9decine d\u2019urgence s\u2019est d\u00e9velopp\u00e9e depuis le d\u00e9but des ann\u00e9es 2000. Avec l\u2019injection de m\u00e9dicaments (thrombolyse) pour liqu\u00e9fier le caillot et, plus r\u00e9cemment, la thrombectomie, pour enlever le caillot par chirurgie. Mais il faut agir vite\u00a0: quatre heures trente pour une thrombolyse, six heures pour une thrombectomie. Encore faut-il reconna\u00eetre les signes de l\u2019AVC, trop m\u00e9connus, note la Cour.<\/p>\n<p>Des soins sp\u00e9cialis\u00e9s insuffisants<\/p>\n<p>En 2023, derni\u00e8re ann\u00e9e pour laquelle tous les chiffres sont disponibles, un peu moins de la moiti\u00e9 des victimes d\u2019un AVC (48,6\u00a0%) \u00e9taient pris en charge par une unit\u00e9 sp\u00e9cialis\u00e9e (unit\u00e9 neuro-vasculaire ou UNV). <strong>\u00ab\u00a0Tr\u00e8s loin de l\u2019objectif d\u2019une prise en charge de 90\u00a0% des victimes d\u2019AVC\u00a0\u00bb<\/strong>, pointe la Cour.<\/p>\n<p>Les 140\u00a0UNV ne sont plus suffisantes et sont in\u00e9galement r\u00e9parties sur le territoire. Et encore plus les services de neuroradiologie interventionnelle, seuls \u00e0 pratiquer les thrombectomies. Il y en a deux en Normandie (Caen et Rouen), deux dans les Pays de la Loire (Nantes et Angers), trois en Bretagne (Brest, Rennes et Vannes). Mais un seul en Corse (Bastia), et les quatre de Provence-Alpes-C\u00f4te d\u2019Azur sont tous bas\u00e9s sur le littoral.<\/p>\n<p>Des solutions imparfaites<\/p>\n<p>Faute de m\u00e9decins sp\u00e9cialistes, l\u2019ouverture \u00e0 court terme de nouvelles unit\u00e9s n\u2019est <strong>\u00ab\u00a0pas envisageable\u00a0\u00bb<\/strong>, reconna\u00eet la Cour, qui insiste sur la n\u00e9cessit\u00e9 de relier plus de services d\u2019urgence \u00e0 des UNV avec des moyens de t\u00e9l\u00e9m\u00e9decine, afin que des sp\u00e9cialistes guident leurs coll\u00e8gues \u00e0 distance. Mais les UNV existantes sont elles-m\u00eames en tension. Leur donner les moyens d\u2019assurer la permanence des soins devrait \u00eatre une priorit\u00e9, mais il faut aussi<strong> \u00ab\u00a0renforcer l\u2019attractivit\u00e9 de la fili\u00e8re neurovasculaire\u00a0\u00bb<\/strong>, en mal de personnel m\u00e9dical et param\u00e9dical.<\/p>\n<p>Un apr\u00e8s souvent n\u00e9glig\u00e9<\/p>\n<p>En 2022, 20\u00a0000\u00a0victimes d\u2019AVC souffrant d\u2019affection longue dur\u00e9e n\u2019avaient pas de m\u00e9decin traitant. Un tiers des personnes pour qui l\u2019AVC a g\u00e9n\u00e9r\u00e9 des handicaps lourds n\u2019a pas eu acc\u00e8s \u00e0 des services de r\u00e9adaptation. <a href=\"https:\/\/www.has-sante.fr\/jcms\/p_3702555\/fr\/accident-vasculaire-cerebral-ameliorer-le-parcours-de-sante-et-la-prise-en-charge-des-patients#:~:text=%C3%80%20l&#039;occasion%20de%20la,reprise%20de%20sa%20vie%20quotidienne.\" target=\"_blank\" rel=\"nofollow noopener\">Le pilotage des parcours de soins,<\/a> d\u00e9terminants pour limiter les s\u00e9quelles, a besoin d\u2019une urgente remobilisation par l\u2019\u00c9tat.<\/p>\n<p>Une pr\u00e9vention elle aussi insuffisante<\/p>\n<p>L\u2019hypertension est le facteur de risque principal de l\u2019AVC. Or, celle-ci reste tr\u00e8s insuffisamment d\u00e9pist\u00e9e et prise en charge. Selon<a href=\"https:\/\/beh.santepubliquefrance.fr\/beh\/2025\/12\/2025_12_1.html\" target=\"_self\" rel=\"nofollow noopener\"> une \u00e9tude de Sant\u00e9 Publique France publi\u00e9e en juin,<\/a> plus de 17\u00a0millions d\u2019adultes seraient hypertendus. Un peu plus de la moiti\u00e9 seulement le savent et un peu moins de la moiti\u00e9 sont trait\u00e9s. Des chiffres <strong>\u00ab\u00a0qui stagnent voire r\u00e9gressent chez les femmes, et sont loin de ceux atteints par le reste des pays d\u00e9velopp\u00e9s.\u00a0\u00bb <\/strong>Aucune campagne sp\u00e9cifique n\u2019est d\u00e9di\u00e9e \u00e0 ce sujet.<\/p>\n<p>\u00a0<\/p>\n","protected":false},"excerpt":{"rendered":"La Cour des comptes dresse un bilan contrast\u00e9 de la pr\u00e9vention et de la prise en charge des&hellip;\n","protected":false},"author":2,"featured_media":496295,"comment_status":"","ping_status":"","sticky":false,"template":"","format":"standard","meta":{"footnotes":""},"categories":[1888],"tags":[11,860,5492,17070,30749,8663,1440,1777,674,1011,27,61866,12,626,12559,25],"class_list":{"0":"post-496775","1":"post","2":"type-post","3":"status-publish","4":"format-standard","5":"has-post-thumbnail","7":"category-paris","8":"tag-actualites","9":"tag-avc","10":"tag-caen","11":"tag-charge","12":"tag-comptes","13":"tag-cour","14":"tag-encore","15":"tag-eu","16":"tag-europe","17":"tag-fr","18":"tag-france","19":"tag-inequitable","20":"tag-news","21":"tag-paris","22":"tag-prise","23":"tag-republique-francaise"},"share_on_mastodon":{"url":"https:\/\/pubeurope.com\/@fr\/115455236823325876","error":""},"_links":{"self":[{"href":"https:\/\/www.europesays.com\/fr\/wp-json\/wp\/v2\/posts\/496775","targetHints":{"allow":["GET"]}}],"collection":[{"href":"https:\/\/www.europesays.com\/fr\/wp-json\/wp\/v2\/posts"}],"about":[{"href":"https:\/\/www.europesays.com\/fr\/wp-json\/wp\/v2\/types\/post"}],"author":[{"embeddable":true,"href":"https:\/\/www.europesays.com\/fr\/wp-json\/wp\/v2\/users\/2"}],"replies":[{"embeddable":true,"href":"https:\/\/www.europesays.com\/fr\/wp-json\/wp\/v2\/comments?post=496775"}],"version-history":[{"count":0,"href":"https:\/\/www.europesays.com\/fr\/wp-json\/wp\/v2\/posts\/496775\/revisions"}],"wp:featuredmedia":[{"embeddable":true,"href":"https:\/\/www.europesays.com\/fr\/wp-json\/wp\/v2\/media\/496295"}],"wp:attachment":[{"href":"https:\/\/www.europesays.com\/fr\/wp-json\/wp\/v2\/media?parent=496775"}],"wp:term":[{"taxonomy":"category","embeddable":true,"href":"https:\/\/www.europesays.com\/fr\/wp-json\/wp\/v2\/categories?post=496775"},{"taxonomy":"post_tag","embeddable":true,"href":"https:\/\/www.europesays.com\/fr\/wp-json\/wp\/v2\/tags?post=496775"}],"curies":[{"name":"wp","href":"https:\/\/api.w.org\/{rel}","templated":true}]}}