{"id":496786,"date":"2025-10-29T03:09:13","date_gmt":"2025-10-29T03:09:13","guid":{"rendered":"https:\/\/www.europesays.com\/fr\/496786\/"},"modified":"2025-10-29T03:09:13","modified_gmt":"2025-10-29T03:09:13","slug":"klara-buhl-sensationnelle-melvine-malard-audacieuse-le-manque-de-realisme-des-bleues-les-tops-et-flops","status":"publish","type":"post","link":"https:\/\/www.europesays.com\/fr\/496786\/","title":{"rendered":"Klara B\u00fchl sensationnelle, Melvine Malard audacieuse, le manque de r\u00e9alisme des Bleues&#8230; Les tops et flops"},"content":{"rendered":"<p>\n    Au terme du match nul de l\u2019\u00c9quipe de France face \u00e0 l\u2019Allemagne (2-2), ce mardi, lors de la demi-finale retour de Ligue des Nations, d\u00e9couvrez ce qui a plu et d\u00e9plu \u00e0 la r\u00e9daction du Figaro.<\/p>\n<p class=\"fig-paragraph\"><strong>TOPS<\/strong><\/p>\n<p>Klara B\u00fchl sensationnelle<\/p>\n<p class=\"fig-paragraph\">La joueuse du Bayern de Munich a \u00e9t\u00e9 sensationnelle dans cette demi-finale de Ligue des Nations\u00a0<a href=\"http:\/\/www.lefigaro.fr\/sports\/football\/ligue-des-nations\/ligue-des-nations-f-malgre-une-entame-de-match-parfaite-et-des-belles-promesses-face-a-l-allemagne-les-bleues-n-iront-pas-en-finale-20251028\" target=\"_blank\" data-fig-type=\"NewsFlash\" rel=\"noopener\" data-gtm-custom-categorie=\"navigation\" data-gtm-custom-action=\"crossclick\" data-gtm-custom-label=\"Contextuel\" data-gtm-event=\"customEventSPE\" data-fig-domain=\"LEFIGARO\">opposant l\u2019Allemagne \u00e0 la France (2-2, 2-3 score cumul\u00e9)<\/a>. L\u2019attaquante de 24 ans \u00e9tait tout simplement partout, elle a fait vivre \u00e0 l\u2019arri\u00e8re-garde fran\u00e7aise un v\u00e9ritable cauchemar. D\u00e8s le retour des vestiaires, la Bavaroise se joue de De Almeida et frappe en force pour tromper Peyraud-Magnin (50e). Elle inscrit son 30e but en 74 s\u00e9lections avec la Frauenteam. Outre son but, son apport dans le jeu \u00e9tait plus que consid\u00e9rable. 20 minutes apr\u00e8s son but, elle s\u2019offre un rush solitaire et sert parfaitement Anyomi, qui marque,mais voit son but finalement refus\u00e9 pour une position de hors-Jeu. Les attaquantes fran\u00e7aises devraient s\u2019inspirer du match de l\u2019Allemande.<\/p>\n<p>                                    <a class=\"fig-a11y-skip a11y-hidden\" href=\"#fig-a11y-skip-main-inarticle\"><br \/>\n        Passer la publicit\u00e9<br \/>\n    <\/a><\/p>\n<p>Melvine Malard audacieuse<\/p>\n<p class=\"fig-paragraph\">Dans tous les bons coups, la joueuse de Manchester United a r\u00e9alis\u00e9 une performance XXL. Elle permet aux Bleues de rapidement y croire et inscrit son 10e but en s\u00e9lection (2e). Son apport dans le jeu ne s\u2019est pas arr\u00eat\u00e9 l\u00e0. Malgr\u00e9 quelques loup\u00e9s, elle a longtemps port\u00e9 l\u2019animation offensive tricolore. Disponible, l\u2019attaquante a donn\u00e9 le tournis \u00e0 la d\u00e9fense adverse en multipliant les appels. Elle c\u00e8de sa place \u00e0 Clara Mateo peu apr\u00e8s l\u2019heure de jeu.<\/p>\n<p>L\u2019entr\u00e9e impactante de Clara Mateo<\/p>\n<p class=\"fig-paragraph\">Rentr\u00e9e \u00e0 l\u2019heure de jeu pour amener du danger, Clara Mateo a parfaitement rempli son r\u00f4le. Percutante, la joueuse du Paris FC a sans cesse percut\u00e9 et inqui\u00e9t\u00e9 la d\u00e9fense Allemande. Contre des allemandes fatigu\u00e9es, De Almeida l\u2019as lanc\u00e9 plusieurs fois en profondeur. De plus, elle marque en toute fin du match et fait exulter tout le stade Michel D\u2019Ornano. Malheureusement, ses efforts n\u2019ont pas \u00e9t\u00e9 r\u00e9compens\u00e9s mais la prestation de la Fran\u00e7aise n\u2019est pas \u00e0 oubli\u00e9e.<\/p>\n<p class=\"fig-paragraph\"><strong>FLOPS<\/strong><\/p>\n<p>Le manque de r\u00e9alisme des Bleues<\/p>\n<p class=\"fig-paragraph\">Toujours pas de troph\u00e9e majeur pour les Bleues et toujours la m\u00eame histoire en boucle, les tricolores ont eux les occasions mais n\u2019ont pas \u00e9t\u00e9 assez efficaces. Voil\u00e0 la diff\u00e9rence avec les grandes s\u00e9lections. Les co\u00e9quipi\u00e8res de Bacha ont tent\u00e9 13 frappes dans le match, alors que les Allemandes ont r\u00e9alis\u00e9 seulement deux frappes cadr\u00e9es pour autant de buts. En fin de premi\u00e8re mi-temps (32e et 35e), Malard a deux occasions coup sur coup d\u2019aggraver le score mais elle bute sur Johannes. Diani fait le m\u00eame coup \u00e0 10 minutes de la fin, en face-\u00e0-face avec la gardienne, l\u2019attaquante frappe au milieu.<\/p>\n<p>Une d\u00e9fense friable<\/p>\n<p class=\"fig-paragraph\">\u00abDans ce genre de match, prendre deux buts \u00e0 domicile c\u2019est compliqu\u00e9. On encaisse deux buts \u00e9vitables\u00bb, a d\u00e9clar\u00e9 Laurent Bonadei apr\u00e8s le match. Il a tr\u00e8s bien cibl\u00e9 le probl\u00e8me de son \u00e9quipe. L\u2019arri\u00e8re-garde Fran\u00e7aise n\u2019\u00e9tait pas du tout rassurante. Autrice d\u2019un tr\u00e8s bon match aller, Pauline Peyraud-Magnin n\u2019a pas aid\u00e9 sa d\u00e9fense plus que f\u00e9brile, la gardienne de la Juve semblait touch\u00e9e \u00e0 la cuisse et a appel\u00e9 les soigneurs \u00e0 deux reprises. Sur le premier but allemand, Anyomi se joue compl\u00e8tement de Lakrar qui se fait contourner trop facilement. Selma Bacha a encore fait trop de fautes sans apporter de la s\u00e9r\u00e9nit\u00e9 dans ses rangs. Seule \u00c9lisa de\u00a0Almeida a rendu une copie acceptable.<\/p>\n","protected":false},"excerpt":{"rendered":"Au terme du match nul de l\u2019\u00c9quipe de France face \u00e0 l\u2019Allemagne (2-2), ce mardi, lors de la&hellip;\n","protected":false},"author":2,"featured_media":496787,"comment_status":"","ping_status":"","sticky":false,"template":"","format":"standard","meta":{"footnotes":""},"categories":[1587],"tags":[11,672,1804,1805,1803,64,1777,674,3236,1801,12,1802],"class_list":{"0":"post-496786","1":"post","2":"type-post","3":"status-publish","4":"format-standard","5":"has-post-thumbnail","7":"category-allemagne","8":"tag-actualites","9":"tag-allemagne","10":"tag-bundesrepublik-deutschland","11":"tag-de","12":"tag-deutschland","13":"tag-equipe-de-france","14":"tag-eu","15":"tag-europe","16":"tag-football-feminin","17":"tag-germany","18":"tag-news","19":"tag-republique-federale-dallemagne"},"share_on_mastodon":{"url":"https:\/\/pubeurope.com\/@fr\/115455260352602971","error":""},"_links":{"self":[{"href":"https:\/\/www.europesays.com\/fr\/wp-json\/wp\/v2\/posts\/496786","targetHints":{"allow":["GET"]}}],"collection":[{"href":"https:\/\/www.europesays.com\/fr\/wp-json\/wp\/v2\/posts"}],"about":[{"href":"https:\/\/www.europesays.com\/fr\/wp-json\/wp\/v2\/types\/post"}],"author":[{"embeddable":true,"href":"https:\/\/www.europesays.com\/fr\/wp-json\/wp\/v2\/users\/2"}],"replies":[{"embeddable":true,"href":"https:\/\/www.europesays.com\/fr\/wp-json\/wp\/v2\/comments?post=496786"}],"version-history":[{"count":0,"href":"https:\/\/www.europesays.com\/fr\/wp-json\/wp\/v2\/posts\/496786\/revisions"}],"wp:featuredmedia":[{"embeddable":true,"href":"https:\/\/www.europesays.com\/fr\/wp-json\/wp\/v2\/media\/496787"}],"wp:attachment":[{"href":"https:\/\/www.europesays.com\/fr\/wp-json\/wp\/v2\/media?parent=496786"}],"wp:term":[{"taxonomy":"category","embeddable":true,"href":"https:\/\/www.europesays.com\/fr\/wp-json\/wp\/v2\/categories?post=496786"},{"taxonomy":"post_tag","embeddable":true,"href":"https:\/\/www.europesays.com\/fr\/wp-json\/wp\/v2\/tags?post=496786"}],"curies":[{"name":"wp","href":"https:\/\/api.w.org\/{rel}","templated":true}]}}