{"id":496796,"date":"2025-10-29T03:14:11","date_gmt":"2025-10-29T03:14:11","guid":{"rendered":"https:\/\/www.europesays.com\/fr\/496796\/"},"modified":"2025-10-29T03:14:11","modified_gmt":"2025-10-29T03:14:11","slug":"france-inter-naura-fait-confiance-qua-peine-deux-mois-a-marie-sinfiltre","status":"publish","type":"post","link":"https:\/\/www.europesays.com\/fr\/496796\/","title":{"rendered":"France Inter n\u2019aura fait confiance qu\u2019\u00e0 peine deux mois \u00e0 Marie s&rsquo;infiltre"},"content":{"rendered":"<p>L\u2019aventure entre <a href=\"https:\/\/www.20minutes.fr\/faits_divers\/faits-divers-marseille\/4165723-20250729-marseille-humoriste-marie-infiltre-affirme-avoir-chassee-cafe-vieux-port-parce-juive\" target=\"_blank\" class=\"c-link c-link--is-underlined\" rel=\"noopener\">Marie s&rsquo;infiltre<\/a> et <a href=\"https:\/\/www.20minutes.fr\/arts-stars\/medias\/4172115-20250909-thomas-legrand-accuse-connivence-parti-socialiste-renonce-emission-hebdomadaire-france-inter\" target=\"_blank\" class=\"c-link c-link--is-underlined\" rel=\"noopener\">France Inter<\/a> est termin\u00e9e. Et elle n\u2019aura pas dur\u00e9 longtemps. La com\u00e9dienne ne retournera en effet pas sur la \u00ab\u00a0Grande matinale\u00a0\u00bb qu\u2019elle avait rejoint il y a \u00e0 peine deux mois pour un billet hebdomadaire, a indiqu\u00e9 mardi la radio, confirmant une information du Parisien.<\/p>\n<p>\u00ab\u00a0Apr\u00e8s nous avoir accompagn\u00e9s depuis la rentr\u00e9e, Marie s&rsquo;infiltre va se consacrer pleinement \u00e0 sa tourn\u00e9e\u00a0\u00bb, a d\u00e9clar\u00e9 un porte-parole de la station. Connue pour ses happenings vid\u00e9o sur YouTube et son humour qui flirte avec le malaise, la com\u00e9dienne de 34 ans avait d\u00e9but\u00e9 ses chroniques sur France Inter le 25\u00a0ao\u00fbt.<\/p>\n<p>Thomas Poitevin prend le relais<\/p>\n<p>Elle a d\u2019ores et d\u00e9j\u00e0 \u00e9t\u00e9 remplac\u00e9e \u00e0 l\u2019antenne par la chronique de \u00ab\u00a0Merci V\u00e9ro\u00a0\u00bb, \u00ab\u00a0un personnage incarn\u00e9 par Thomas Poitevin qui recueillera chaque semaine des probl\u00e9matiques soulev\u00e9es par les auditeurs auxquelles il r\u00e9pondra avec humour\u00a0\u00bb, a pr\u00e9cis\u00e9 France Inter.<\/p>\n<\/p>\n<p>Les billets de Marie s&rsquo;infiltre avaient fait l\u2019objet de critiques sur les r\u00e9seaux sociaux auxquelles elle avait r\u00e9pondu. \u00ab\u00a0Je ne suis pas une humoriste\u00a0\u00bb, avait-elle ainsi expliqu\u00e9 fin septembre sur le plateau de l\u2019\u00e9mission \u00ab\u00a0<a href=\"https:\/\/www.20minutes.fr\/arts-stars\/television\/4169801-20250827-mohamed-bouhafsi-admis-urgences-quelques-jours-avant-retour-antenne\" target=\"_blank\" class=\"c-link c-link--is-underlined\" rel=\"noopener\">C \u00e0 vous<\/a>\u00a0\u00bb. \u00ab\u00a0Mon objectif n\u2019est pas de faire rire\u00a0\u00bb.<\/p>\n<p><a href=\"https:\/\/www.20minutes.fr\/arts-stars\/medias\/\" target=\"_blank\" class=\"c-link c-btn c-btn--primary\" rel=\"noopener\">Notre dossier sur les M\u00e9dias<\/a><\/p>\n<p>Pass\u00e9e par Sciences Po, Marie Benoliel de son vrai nom s\u2019est fait conna\u00eetre gr\u00e2ce \u00e0 ses pastilles vid\u00e9os, o\u00f9 on la voit s\u2019incruster en cam\u00e9ra cach\u00e9e sur la sc\u00e8ne d\u2019un d\u00e9fil\u00e9 Chanel, se travestir en supportrice de la Manif pour tous ou du Front national, pour les tourner en d\u00e9rision. Elle est actuellement en tourn\u00e9e pour son spectacle \u00ab\u00a0Culot\u00a0\u00bb qui doit se conclure le 20\u00a0d\u00e9cembre \u00e0 l\u2019Accor Arena \u00e0 Paris.<\/p>\n","protected":false},"excerpt":{"rendered":"L\u2019aventure entre Marie s&rsquo;infiltre et France Inter est termin\u00e9e. Et elle n\u2019aura pas dur\u00e9 longtemps. La com\u00e9dienne ne&hellip;\n","protected":false},"author":2,"featured_media":496797,"comment_status":"","ping_status":"","sticky":false,"template":"","format":"standard","meta":{"footnotes":""},"categories":[4],"tags":[11,251,58,1011,27,9102,2701,500,12,1825,25,133],"class_list":{"0":"post-496796","1":"post","2":"type-post","3":"status-publish","4":"format-standard","5":"has-post-thumbnail","7":"category-france","8":"tag-actualites","9":"tag-culture","10":"tag-divertissement","11":"tag-fr","12":"tag-france","13":"tag-france-inter","14":"tag-humoriste","15":"tag-medias","16":"tag-news","17":"tag-radio","18":"tag-republique-francaise","19":"tag-video"},"share_on_mastodon":{"url":"https:\/\/pubeurope.com\/@fr\/115455279936804836","error":""},"_links":{"self":[{"href":"https:\/\/www.europesays.com\/fr\/wp-json\/wp\/v2\/posts\/496796","targetHints":{"allow":["GET"]}}],"collection":[{"href":"https:\/\/www.europesays.com\/fr\/wp-json\/wp\/v2\/posts"}],"about":[{"href":"https:\/\/www.europesays.com\/fr\/wp-json\/wp\/v2\/types\/post"}],"author":[{"embeddable":true,"href":"https:\/\/www.europesays.com\/fr\/wp-json\/wp\/v2\/users\/2"}],"replies":[{"embeddable":true,"href":"https:\/\/www.europesays.com\/fr\/wp-json\/wp\/v2\/comments?post=496796"}],"version-history":[{"count":0,"href":"https:\/\/www.europesays.com\/fr\/wp-json\/wp\/v2\/posts\/496796\/revisions"}],"wp:featuredmedia":[{"embeddable":true,"href":"https:\/\/www.europesays.com\/fr\/wp-json\/wp\/v2\/media\/496797"}],"wp:attachment":[{"href":"https:\/\/www.europesays.com\/fr\/wp-json\/wp\/v2\/media?parent=496796"}],"wp:term":[{"taxonomy":"category","embeddable":true,"href":"https:\/\/www.europesays.com\/fr\/wp-json\/wp\/v2\/categories?post=496796"},{"taxonomy":"post_tag","embeddable":true,"href":"https:\/\/www.europesays.com\/fr\/wp-json\/wp\/v2\/tags?post=496796"}],"curies":[{"name":"wp","href":"https:\/\/api.w.org\/{rel}","templated":true}]}}