{"id":496800,"date":"2025-10-29T03:18:08","date_gmt":"2025-10-29T03:18:08","guid":{"rendered":"https:\/\/www.europesays.com\/fr\/496800\/"},"modified":"2025-10-29T03:18:08","modified_gmt":"2025-10-29T03:18:08","slug":"carlos-alcaraz-sorti-des-son-entree-en-lice-au-masters-1000-de-paris-au-terme-du-pire-match-de-sa-saison-le-monde-fr","status":"publish","type":"post","link":"https:\/\/www.europesays.com\/fr\/496800\/","title":{"rendered":"Carlos Alcaraz sorti d\u00e8s son entr\u00e9e en lice au Masters 1000 de Paris, au terme du \u00ab pire match \u00bb de sa saison &#8211; Le Monde.fr"},"content":{"rendered":"<ol>\n<li><a href=\"https:\/\/news.google.com\/rss\/articles\/CBMi_wFBVV95cUxNRGhZek8wdFZFdm1nbnB5QV83dldwcmxuVHNIMHFlM1RfSU1QTk1EZzVLY3JnSDJMWGRYaU4yeEVXa2thT0dDWlJlb2lja0ZhQ2Vqa3hja0xxUmxaVXNhQkhubTdfbkp1YVpKaUxTNi1iVUs5Z093YmFoWElkNVZYU01rV2lCVEJUX0dCbEFSTy1KWEFNcVM3Q3liVTVSWi03ZGR0YnhBNDVQU0FoSUpUWmkxUksxWmdzdF9CRzUtRDN2WEFYYl9BbjBIWjlSaE8tbEdKQXZmdUoyQkNqRzgzSlN5Z2I1WVNaTjB2MVlTQ3VLc2FuSklibW9idHBxTWM?oc=5\" target=\"_blank\" rel=\"nofollow noopener\">Carlos Alcaraz sorti d\u00e8s son entr\u00e9e en lice au Masters 1000 de Paris, au terme du \u00ab pire match \u00bb de sa saison<\/a>&nbsp;&nbsp;Le Monde.fr<\/li>\n<li><a href=\"https:\/\/news.google.com\/rss\/articles\/CBMiuAFBVV95cUxNMjZJNGh1TUg0eS13QThQZTg4cGRZa2N5MEtNaEMtYjF0cVp6UVRTQWExd2x4YjNqUERZU09fV1d2QWU4RkhUbVJHOEg2YWtreFAzUDdFeUFqQUhHOHhZTk5ySzNHSnF2d1R0dnE5QTdMc3I3VFNTeWhhVGZJek9mQ1BkLTVXWDdhdjl0YzRsN1Z5TWRNck9DUGdyUHNVQ2FoMDZxeWpJMkk1VUVUQXBjTUVvNDR4MXRo?oc=5\" target=\"_blank\" rel=\"nofollow noopener\">Carlos Alcaraz \u00e9limin\u00e9 par Cameron Norrie d\u00e8s son entr\u00e9e en lice au Rolex Paris Masters<\/a>&nbsp;&nbsp;L&rsquo;\u00c9quipe<\/li>\n<li><a href=\"https:\/\/news.google.com\/rss\/articles\/CBMimAFBVV95cUxPRFB2dEc4SUtIU2F1bGFYUHFxdEd1OHg3b19Ma0dOTXRWQzFZaWw3UGw5UWJ0V2MyMXNjN3Q3MUJiX0JyN2ZybWh4NExmV3I2MzM1U3plSVhJTUYyUHZZMEl4S294SW1OUGx0WDhzOTRYbTZCdDRKZlMzNFdjQzFOV0ZiRmRxN1k0RjBUR204WXQ1MDk3cDVqZA?oc=5\" target=\"_blank\" rel=\"nofollow noopener\">Rolex Paris Masters : \u00abJe ne me sentais pas bien aujourd\u2019hui\u00bb, confie Alcaraz battu d\u00e8s son entr\u00e9e en lice<\/a>&nbsp;&nbsp;Le Figaro<\/li>\n<li><a href=\"https:\/\/news.google.com\/rss\/articles\/CBMigAJBVV95cUxQSm9PR0Fmc0lEcHphWGI2TmF0dkRlUlFQZkxncnRoQ0twdnltQ1RreVM3UkpULVBCY0lTdHJDRktqMFJkWk9aVTdMZDZfbTZZRHoxdHZwaGVnVXNxR2dkY3Rpdk81VG5OUWNJX3pvZ1hUU1JTNXlZUW1WYmRIU1lfWVhvS0pQclNFa2xvWlg5d2FfZUNScl9xYTV5cjZWY1EyenRSOTBtbzRrV28zRllVaXNWVUpLdUFxMElvSHJUM3NWaXJJWjJRNEhVNG5HNWMtWWdiWGN1Q01rM0JnTVdpeGItcS1VRUFlQUVydm1WXzN0TlhVbGRqYzZxWVhPWF96?oc=5\" target=\"_blank\" rel=\"nofollow noopener\">Carlos Alcaraz, sensations en berne : \u00ab\u00a0C&rsquo;est l&rsquo;un des pires matches que j&rsquo;ai jou\u00e9 cette ann\u00e9e\u00a0\u00bb<\/a>&nbsp;&nbsp;Eurosport<\/li>\n<li><a href=\"https:\/\/news.google.com\/rss\/articles\/CBMiqgFBVV95cUxNMWUxQnNDdVFVR21MOUtwUXdEOXY4b1luR0hXRkJuU3hOZk00UnhoUC1JZ3ZLU2duMDQtV1EzbmJDLU1Fd28xMkJFY19wcjY1dHhrN282NDdKa2dadld6NllIVGJFY3ExQWVCU0lQbEFabnd0dno4Vjh5U0lUTC14SzVPVjZLVTEyUW1FZi0zdk5RMTRwUnpjcDVRa1NnV2I2RGV5TWplWE95QQ?oc=5\" target=\"_blank\" rel=\"nofollow noopener\">1\/16 de finale : le r\u00e9sum\u00e9 de Alcaraz vs Norrie en replay &#8211; Rolex Paris Masters<\/a>&nbsp;&nbsp;France TV<\/li>\n<\/ol>\n","protected":false},"excerpt":{"rendered":"Carlos Alcaraz sorti d\u00e8s son entr\u00e9e en lice au Masters 1000 de Paris, au terme du \u00ab pire&hellip;\n","protected":false},"author":2,"featured_media":395849,"comment_status":"","ping_status":"","sticky":false,"template":"","format":"standard","meta":{"footnotes":""},"categories":[1415],"tags":[1011,27,60,1467],"class_list":{"0":"post-496800","1":"post","2":"type-post","3":"status-publish","4":"format-standard","5":"has-post-thumbnail","7":"category-tennis","8":"tag-fr","9":"tag-france","10":"tag-sports","11":"tag-tennis"},"share_on_mastodon":{"url":"https:\/\/pubeurope.com\/@fr\/115455295651298341","error":""},"_links":{"self":[{"href":"https:\/\/www.europesays.com\/fr\/wp-json\/wp\/v2\/posts\/496800","targetHints":{"allow":["GET"]}}],"collection":[{"href":"https:\/\/www.europesays.com\/fr\/wp-json\/wp\/v2\/posts"}],"about":[{"href":"https:\/\/www.europesays.com\/fr\/wp-json\/wp\/v2\/types\/post"}],"author":[{"embeddable":true,"href":"https:\/\/www.europesays.com\/fr\/wp-json\/wp\/v2\/users\/2"}],"replies":[{"embeddable":true,"href":"https:\/\/www.europesays.com\/fr\/wp-json\/wp\/v2\/comments?post=496800"}],"version-history":[{"count":0,"href":"https:\/\/www.europesays.com\/fr\/wp-json\/wp\/v2\/posts\/496800\/revisions"}],"wp:featuredmedia":[{"embeddable":true,"href":"https:\/\/www.europesays.com\/fr\/wp-json\/wp\/v2\/media\/395849"}],"wp:attachment":[{"href":"https:\/\/www.europesays.com\/fr\/wp-json\/wp\/v2\/media?parent=496800"}],"wp:term":[{"taxonomy":"category","embeddable":true,"href":"https:\/\/www.europesays.com\/fr\/wp-json\/wp\/v2\/categories?post=496800"},{"taxonomy":"post_tag","embeddable":true,"href":"https:\/\/www.europesays.com\/fr\/wp-json\/wp\/v2\/tags?post=496800"}],"curies":[{"name":"wp","href":"https:\/\/api.w.org\/{rel}","templated":true}]}}