{"id":496805,"date":"2025-10-29T03:24:11","date_gmt":"2025-10-29T03:24:11","guid":{"rendered":"https:\/\/www.europesays.com\/fr\/496805\/"},"modified":"2025-10-29T03:24:11","modified_gmt":"2025-10-29T03:24:11","slug":"des-strings-avec-frederic-francois-ces-folles-declarations-damour-quil-recoit-sur-scene","status":"publish","type":"post","link":"https:\/\/www.europesays.com\/fr\/496805\/","title":{"rendered":"\u00ab\u00a0Des strings avec\u2026\u00a0\u00bb : Fr\u00e9d\u00e9ric Fran\u00e7ois, ces folles d\u00e9clarations d\u2019amour qu\u2019il re\u00e7oit sur sc\u00e8ne"},"content":{"rendered":"<p><a href=\"https:\/\/vsd.fr\/tag\/frederic-francois\/\" target=\"_blank\" rel=\"noopener\">Fr\u00e9d\u00e9ric Fran\u00e7ois<\/a> est en pleine forme et compte toujours autant de fans, en plus de nombreuses groupies <strong>pr\u00eatent \u00e0 tout pour passer un moment privil\u00e9gi\u00e9 avec lui<\/strong>. En effet, ce mardi 28 octobre 2025, le chanteur a r\u00e9v\u00e9l\u00e9 qu\u2019au cours de sa carri\u00e8re, il avait re\u00e7u de folles demandes et d\u00e9clarations d\u2019amour lors de ses concerts.\u00a0<\/p>\n<p>Des d\u00e9clarations auxquelles <a href=\"https:\/\/www.public.fr\/ne-vous-laissez-pas-arnaquer-apres-laffaire-du-faux-brad-pitt-le-cri-du-coeur-de-frederic-francois\" target=\"_blank\" rel=\"noopener\">le chanteur \u00e2g\u00e9 de 75 ans<\/a> pourrait de nouveau avoir droit. \u00c0 l\u2019occasion de ses 56 ans de carri\u00e8re, il va en effet donner un 19e concert \u00e0 l\u2019Olympia le 16 novembre prochain. L\u2019occasion pour lui, \u00e9galement, de pr\u00e9senter son nouvel album <strong>Tout s\u2019oublie un jour.<\/strong>\u00a0<\/p>\n<p>Fr\u00e9d\u00e9ric Fran\u00e7ois fait le point sur sa sant\u00e9<\/p>\n<p>Un \u00e9v\u00e9nement sur lequel a souhait\u00e9 revenir Fr\u00e9d\u00e9ric Fran\u00e7ois lors de son passage dans le Buzz TV du Figaro, en plus de revenir sur ses r\u00e9cents probl\u00e8mes de sant\u00e9 comme le r\u00e9v\u00e9laient nos confr\u00e8res de Sud Info il y a un mois.<\/p>\n<p>\u00ab\u00a0Je suis un peu comme mon ami\u00a0<a href=\"https:\/\/www.public.fr\/tag\/michel-drucker\" target=\"_blank\" rel=\"noopener\">Michel Drucker<\/a>\u00a0. Il me faudrait un h\u00f4pital l\u00e0, au fond du jardin. Au moindre petit bobo, je vais chez mon m\u00e9decin\u00a0\u00bb, a-t-il confi\u00e9 \u00e0 ce sujet, en profitant pour avouer son hypocondrie. En ce qui concerne son \u00e9tat de sant\u00e9 \u00e0 proprement parler, Fr\u00e9d\u00e9ric Fran\u00e7ois s\u2019est montr\u00e9 rassurant.<\/p>\n<p>Il a avou\u00e9 avoir d\u00fb se rendre \u00e0 l\u2019h\u00f4pital mais pour un simple \u00ab\u00a0check-up\u00a0\u00bb. N\u00e9anmoins, concernant l\u2019op\u00e9ration de l\u2019intestin \u00e9voqu\u00e9e par m\u00e9dia belge, celle-ci a bel et bien eu lieu mais remonte \u00e0 \u00ab\u00a0plus longtemps que cela\u00a0\u00bb.<\/p>\n<p>Des strings et de folles d\u00e9clarations d&rsquo;amour re\u00e7us sur sc\u00e8nes<\/p>\n<p>Fr\u00e9d\u00e9ric Fran\u00e7ois para\u00eet donc en pleine forme pour s\u2019attaquer \u00e0 <strong>son 19e Olympia<\/strong> et ses fans n\u2019attendant que \u00e7a. Certains n\u2019h\u00e9sitent pas \u00e0 parcourir plusieurs centaines de kilom\u00e8tres pour assister \u00e0 ses shows. Parmi les fans pr\u00e9sents, le chanteur \u00e2g\u00e9 de 75 ans compte de nombreuses groupies parfois pr\u00eatent \u00e0 tout pour attirer son attention. \u00a0<\/p>\n<p>\u00ab\u00a0Est-ce que \u00e7a arrive, Fr\u00e9d\u00e9ric Fran\u00e7ois, de refuser les avances comme \u00e7a d&rsquo;une personnalit\u00e9 du showbiz ?\u00a0\u00bb, lui a demand\u00e9 \u00e0 Sarah Lec\u0153uvre avant que le principal int\u00e9ress\u00e9 ne r\u00e9v\u00e8le : \u00ab\u00a0Je ne pense pas qu\u2019on m\u2019ait d\u00e9j\u00e0 fait d\u2019avances \u00e0 proprement parler, \u00e0 part <strong>des strings qui arrivent sur sc\u00e8ne avec des num\u00e9ros de t\u00e9l\u00e9phone<\/strong>&#8230; J\u2019ai un public tr\u00e8s f\u00e9minin donc je re\u00e7ois des lettres d\u2019amour extraordinaires. C\u2019est bien, je fais partie de leur vie, mais ce n\u2019est pas pour \u00e7a que je passe ce cap dangereux\u00a0\u00bb.<\/p>\n<p>Une situation qui n\u2019impacte n\u00e9anmoins pas son couple. En effet, l\u2019artiste a assur\u00e9 que <a href=\"https:\/\/www.public.fr\/frederic-francois-amoureux-de-monique-depuis-55-ans-mais-cest-difficile\" target=\"_blank\" rel=\"noopener\">sa femme Monique<\/a> ne se montrait pas jalouse, m\u00eame lorsque son compagnon re\u00e7oit de la lingerie sur sc\u00e8ne avec des num\u00e9ros de t\u00e9l\u00e9phone.\u00a0<\/p>\n<blockquote class=\"twitter-tweet\">\n<p>\u00ab\u00a0Des strings qui arrivent sur sc\u00e8ne avec des num\u00e9ros de t\u00e9l\u00e9phone\u00a0\u00bb : Fr\u00e9d\u00e9ric Fran\u00e7ois re\u00e7oit de dr\u00f4les de d\u00e9clarations d&rsquo;amour de ses fans, comme il raconte dans le <a href=\"https:\/\/twitter.com\/hashtag\/BuzzTV?src=hash&amp;ref_src=twsrc%5Etfw\" target=\"_blank\" rel=\"noopener\">#BuzzTV<\/a> <a href=\"https:\/\/t.co\/NL7lQAy8v6\">pic.twitter.com\/NL7lQAy8v6<\/a><\/p>\n<p>\u2014 TV Magazine (@TVMAG) <a href=\"https:\/\/twitter.com\/TVMAG\/status\/1983202567543734679?ref_src=twsrc%5Etfw\" target=\"_blank\" rel=\"noopener\">October 28, 2025<\/a><\/p><\/blockquote>\n<p>\n          Hits &amp; People en continu\n        <\/p>\n<p>\n          Public Radio\n        <\/p>\n<p>      Mentionn\u00e9s dans cet article<\/p>\n<p>      Sur le m\u00eame sujet<\/p>\n<p>  <script async src=\"https:\/\/platform.twitter.com\/widgets.js\" charset=\"utf-8\"><\/script><\/p>\n","protected":false},"excerpt":{"rendered":"Fr\u00e9d\u00e9ric Fran\u00e7ois est en pleine forme et compte toujours autant de fans, en plus de nombreuses groupies pr\u00eatent&hellip;\n","protected":false},"author":2,"featured_media":496806,"comment_status":"","ping_status":"","sticky":false,"template":"","format":"standard","meta":{"footnotes":""},"categories":[1359],"tags":[1697,58,59,1011,27,28443,973,2743],"class_list":{"0":"post-496805","1":"post","2":"type-post","3":"status-publish","4":"format-standard","5":"has-post-thumbnail","7":"category-people","8":"tag-concert","9":"tag-divertissement","10":"tag-entertainment","11":"tag-fr","12":"tag-france","13":"tag-frederic-francois","14":"tag-people","15":"tag-string"},"share_on_mastodon":{"url":"https:\/\/pubeurope.com\/@fr\/115455319425549206","error":""},"_links":{"self":[{"href":"https:\/\/www.europesays.com\/fr\/wp-json\/wp\/v2\/posts\/496805","targetHints":{"allow":["GET"]}}],"collection":[{"href":"https:\/\/www.europesays.com\/fr\/wp-json\/wp\/v2\/posts"}],"about":[{"href":"https:\/\/www.europesays.com\/fr\/wp-json\/wp\/v2\/types\/post"}],"author":[{"embeddable":true,"href":"https:\/\/www.europesays.com\/fr\/wp-json\/wp\/v2\/users\/2"}],"replies":[{"embeddable":true,"href":"https:\/\/www.europesays.com\/fr\/wp-json\/wp\/v2\/comments?post=496805"}],"version-history":[{"count":0,"href":"https:\/\/www.europesays.com\/fr\/wp-json\/wp\/v2\/posts\/496805\/revisions"}],"wp:featuredmedia":[{"embeddable":true,"href":"https:\/\/www.europesays.com\/fr\/wp-json\/wp\/v2\/media\/496806"}],"wp:attachment":[{"href":"https:\/\/www.europesays.com\/fr\/wp-json\/wp\/v2\/media?parent=496805"}],"wp:term":[{"taxonomy":"category","embeddable":true,"href":"https:\/\/www.europesays.com\/fr\/wp-json\/wp\/v2\/categories?post=496805"},{"taxonomy":"post_tag","embeddable":true,"href":"https:\/\/www.europesays.com\/fr\/wp-json\/wp\/v2\/tags?post=496805"}],"curies":[{"name":"wp","href":"https:\/\/api.w.org\/{rel}","templated":true}]}}