{"id":49681,"date":"2025-04-24T17:20:11","date_gmt":"2025-04-24T17:20:11","guid":{"rendered":"https:\/\/www.europesays.com\/fr\/49681\/"},"modified":"2025-04-24T17:20:11","modified_gmt":"2025-04-24T17:20:11","slug":"emergen-2-0-cette-nouvelle-arme-dont-la-france-se-dote-pour-eviter-la-prochaine-catastrophe-sanitaire","status":"publish","type":"post","link":"https:\/\/www.europesays.com\/fr\/49681\/","title":{"rendered":"EMERGEN 2.0 : cette nouvelle arme dont la France se dote pour \u00e9viter la prochaine catastrophe sanitaire"},"content":{"rendered":"<p>\t\t\t\t\t Une r\u00e9ponse concr\u00e8te aux failles r\u00e9v\u00e9l\u00e9es par la crise sanitaire<\/p>\n<p class=\"\" data-start=\"718\" data-end=\"1014\">La pand\u00e9mie de Covid-19 a mis en lumi\u00e8re <strong data-start=\"759\" data-end=\"821\">les limites des syst\u00e8mes traditionnels de veille sanitaire<\/strong>, souvent trop lents, trop compartiment\u00e9s et mal coordonn\u00e9s. \u00c0 la suite de cette crise, la n\u00e9cessit\u00e9 d\u2019un dispositif de surveillance <strong data-start=\"954\" data-end=\"988\">rapide, int\u00e9gr\u00e9 et transversal<\/strong> est devenue une \u00e9vidence.<\/p>\n<p class=\"\" data-start=\"1016\" data-end=\"1400\">C\u2019est dans ce contexte qu\u2019a \u00e9t\u00e9 lanc\u00e9 <strong data-start=\"1054\" data-end=\"1069\">EMERGEN 2.0<\/strong>, une nouvelle phase du programme initi\u00e9 d\u00e8s 2021. Cette version renforc\u00e9e, mise en \u0153uvre par <strong data-start=\"1163\" data-end=\"1188\">Sant\u00e9 publique France<\/strong>, <strong data-start=\"1190\" data-end=\"1235\">l\u2019ANRS | Maladies infectieuses \u00e9mergentes<\/strong> et <strong data-start=\"1239\" data-end=\"1250\">l\u2019Anses<\/strong>, repose sur un principe fondamental : <strong data-start=\"1289\" data-end=\"1318\">une approche \u00ab\u00a0One Health\u00a0\u00bb<\/strong>, ou \u00ab Une seule sant\u00e9 \u00bb, int\u00e9grant la sant\u00e9 humaine, animale et environnementale.<\/p>\n<p class=\"\" data-start=\"1402\" data-end=\"1564\"><strong data-start=\"1402\" data-end=\"1485\">L\u2019objectif est clair : d\u00e9tecter au plus t\u00f4t les mutations ou \u00e9mergences virales<\/strong>, avant qu\u2019elles ne deviennent incontr\u00f4lables, \u00e0 l\u2019image du SARS-CoV-2 en 2019.<\/p>\n<p> Une plateforme bas\u00e9e sur la g\u00e9nomique et le partage des donn\u00e9es<\/p>\n<p class=\"\" data-start=\"1635\" data-end=\"1975\">EMERGEN 2.0 repose sur l\u2019analyse du <strong data-start=\"1671\" data-end=\"1717\">s\u00e9quen\u00e7age g\u00e9n\u00e9tique des agents pathog\u00e8nes<\/strong>. Concr\u00e8tement, cela signifie qu\u2019\u00e0 partir d\u2019un pr\u00e9l\u00e8vement r\u00e9alis\u00e9 sur un patient ou un animal, les laboratoires peuvent identifier non seulement le virus ou la bact\u00e9rie pr\u00e9sents, mais aussi leurs mutations, leur vitesse d\u2019\u00e9volution et leur origine probable.<\/p>\n<p class=\"\" data-start=\"1977\" data-end=\"2294\"><strong data-start=\"1977\" data-end=\"2051\">L\u2019innovation majeure du programme est la mise en commun de ces donn\u00e9es<\/strong> : chaque laboratoire partenaire (h\u00f4pital, institut de recherche, centre v\u00e9t\u00e9rinaire\u2026) alimente la plateforme nationale. Cette mutualisation permet une <strong data-start=\"2203\" data-end=\"2248\">lecture en temps r\u00e9el des signaux faibles<\/strong>, et donc une capacit\u00e9 de r\u00e9ponse plus rapide.<\/p>\n<p class=\"\" data-start=\"2296\" data-end=\"2361\">Voici un tableau synth\u00e9tique des composantes cl\u00e9s d\u2019EMERGEN 2.0 :<\/p>\n<tr data-start=\"2363\" data-end=\"2520\">\n<strong data-start=\"2365\" data-end=\"2390\">\u00c9l\u00e9ment du dispositif<\/strong><br \/>\n<strong data-start=\"2407\" data-end=\"2419\">Fonction<\/strong><br \/>\n<strong data-start=\"2459\" data-end=\"2481\">B\u00e9n\u00e9fices attendus<\/strong><br \/>\n<\/tr>\n<tr data-start=\"2677\" data-end=\"2832\">\n<td class=\"max-w-[calc(var(--thread-content-max-width)*2\/3)]\" data-start=\"2677\" data-end=\"2718\">S\u00e9quen\u00e7age g\u00e9nomique<\/td>\n<td class=\"max-w-[calc(var(--thread-content-max-width)*2\/3)] min-w-[calc(var(--thread-content-max-width)\/3)]\" data-start=\"2718\" data-end=\"2769\">Identifier agents infectieux et leurs mutations<\/td>\n<td class=\"max-w-[calc(var(--thread-content-max-width)*2\/3)] min-w-[calc(var(--thread-content-max-width)\/3)]\" data-start=\"2769\" data-end=\"2832\">D\u00e9tection pr\u00e9coce de nouveaux variants ou pathog\u00e8nes<\/td>\n<\/tr>\n<tr data-start=\"2833\" data-end=\"2987\">\n<td class=\"max-w-[calc(var(--thread-content-max-width)*2\/3)]\" data-start=\"2833\" data-end=\"2873\">Partage des donn\u00e9es interinstitutions<\/td>\n<td class=\"max-w-[calc(var(--thread-content-max-width)*2\/3)] min-w-[calc(var(--thread-content-max-width)\/3)]\" data-start=\"2873\" data-end=\"2924\">Mutualisation entre Sant\u00e9 publique, ANRS, Anses<\/td>\n<td class=\"max-w-[calc(var(--thread-content-max-width)*2\/3)] min-w-[calc(var(--thread-content-max-width)\/3)]\" data-start=\"2924\" data-end=\"2987\">Coordination et gain de temps dans la r\u00e9ponse sanitaire<\/td>\n<\/tr>\n<tr data-start=\"2988\" data-end=\"3150\">\n<td class=\"max-w-[calc(var(--thread-content-max-width)*2\/3)]\" data-start=\"2988\" data-end=\"3029\">Int\u00e9gration sant\u00e9 humaine \/ animale<\/td>\n<td class=\"max-w-[calc(var(--thread-content-max-width)*2\/3)]\" data-start=\"3029\" data-end=\"3080\">Surveillance crois\u00e9e des zoonoses<\/td>\n<td class=\"max-w-[calc(var(--thread-content-max-width)*2\/3)] min-w-[calc(var(--thread-content-max-width)\/3)]\" data-start=\"3080\" data-end=\"3150\">Anticipation des transmissions inter-esp\u00e8ces (ex : grippe aviaire)<\/td>\n<\/tr>\n<tr data-start=\"3151\" data-end=\"3309\">\n<td class=\"max-w-[calc(var(--thread-content-max-width)*2\/3)]\" data-start=\"3151\" data-end=\"3192\">Veille environnementale<\/td>\n<td class=\"max-w-[calc(var(--thread-content-max-width)*2\/3)]\" data-start=\"3192\" data-end=\"3243\">Analyse des eaux us\u00e9es, sols, faune<\/td>\n<td class=\"max-w-[calc(var(--thread-content-max-width)*2\/3)] min-w-[calc(var(--thread-content-max-width)\/3)]\" data-start=\"3243\" data-end=\"3309\">Alerte sur les foyers \u00e9mergents invisibles en m\u00e9decine humaine<\/td>\n<\/tr>\n<tr data-start=\"3310\" data-end=\"3465\">\n<td class=\"max-w-[calc(var(--thread-content-max-width)*2\/3)]\" data-start=\"3310\" data-end=\"3351\">R\u00e9seau de laboratoires partenaires<\/td>\n<td class=\"max-w-[calc(var(--thread-content-max-width)*2\/3)] min-w-[calc(var(--thread-content-max-width)\/3)]\" data-start=\"3351\" data-end=\"3402\">H\u00f4pitaux, CHU, v\u00e9t\u00e9rinaires, laboratoires publics<\/td>\n<td class=\"max-w-[calc(var(--thread-content-max-width)*2\/3)] min-w-[calc(var(--thread-content-max-width)\/3)]\" data-start=\"3402\" data-end=\"3465\">Couverture nationale renforc\u00e9e et maillage dense<\/td>\n<\/tr>\n<p>Des enjeux scientifiques, mais aussi politiques<\/p>\n<p class=\"\" data-start=\"3520\" data-end=\"3797\">Le projet EMERGEN 2.0 ne repose pas uniquement sur des technologies de pointe. <strong data-start=\"3599\" data-end=\"3686\">Il suppose un changement profond dans la culture de la surveillance \u00e9pid\u00e9miologique<\/strong> : sortir des silos institutionnels, d\u00e9passer les fronti\u00e8res entre disciplines, partager des donn\u00e9es sensibles.<\/p>\n<p class=\"\" data-start=\"3799\" data-end=\"4095\">Pour r\u00e9ussir, le programme n\u00e9cessite une <strong data-start=\"3840\" data-end=\"3949\">coop\u00e9ration \u00e9troite entre les chercheurs, les soignants, les \u00e9pid\u00e9miologistes et les d\u00e9cideurs politiques<\/strong>. Il suppose aussi une infrastructure num\u00e9rique robuste, respectueuse des donn\u00e9es personnelles, et suffisamment financ\u00e9e pour durer dans le temps.<\/p>\n<p class=\"\" data-start=\"4097\" data-end=\"4289\"><strong data-start=\"4097\" data-end=\"4179\">La strat\u00e9gie vise \u00e9galement \u00e0 renforcer la souverainet\u00e9 sanitaire de la France<\/strong>, en r\u00e9duisant la d\u00e9pendance aux alertes internationales et en devenant acteur proactif de la veille mondiale.<\/p>\n<p>Un dispositif pour pr\u00e9venir, pas seulement r\u00e9agir<\/p>\n<p class=\"\" data-start=\"4346\" data-end=\"4668\">Ce qui distingue EMERGEN 2.0 des dispositifs ant\u00e9rieurs, c\u2019est sa <strong data-start=\"4412\" data-end=\"4442\">logique de pr\u00e9vention pure<\/strong>, et non simplement de r\u00e9action. L\u2019ambition est de rep\u00e9rer <strong data-start=\"4501\" data-end=\"4586\">l\u2019\u00e9mergence d\u2019un pathog\u00e8ne \u00e0 l\u2019\u00e9chelle d\u2019un \u00e9levage, d\u2019un quartier ou d\u2019une ville<\/strong>, avant qu\u2019il n\u2019ait franchi le seuil critique de la transmission humaine de masse.<\/p>\n<p class=\"\" data-start=\"4670\" data-end=\"4909\">L\u2019exemple du SARS-CoV-2 a montr\u00e9 combien quelques semaines de retard pouvaient co\u00fbter des milliers de vies. D\u00e9sormais, <strong data-start=\"4789\" data-end=\"4840\">chaque donn\u00e9e g\u00e9nomique est une pi\u00e8ce du puzzle<\/strong> qui, bien analys\u00e9e et partag\u00e9e \u00e0 temps, peut \u00e9viter une catastrophe.<\/p>\n<p>Une initiative salu\u00e9e, mais encore fragile<\/p>\n<p class=\"\" data-start=\"4959\" data-end=\"5217\">Si la communaut\u00e9 scientifique salue le d\u00e9ploiement d\u2019EMERGEN 2.0, plusieurs observateurs pointent les d\u00e9fis \u00e0 relever : <strong data-start=\"5079\" data-end=\"5216\">p\u00e9rennit\u00e9 du financement, formation des \u00e9quipes, interop\u00e9rabilit\u00e9 entre syst\u00e8mes d&rsquo;information, et s\u00e9curisation des donn\u00e9es sensibles<\/strong>.<\/p>\n<p class=\"\" data-start=\"5219\" data-end=\"5412\">De plus, <strong data-start=\"5228\" data-end=\"5290\">la communication aupr\u00e8s du grand public est encore limit\u00e9e<\/strong>, ce qui nuit \u00e0 la lisibilit\u00e9 du projet dans un contexte o\u00f9 la confiance envers les institutions sanitaires reste fragile.<\/p>\n<p class=\"\" data-start=\"5414\" data-end=\"5625\">Pour que cette nouvelle \u00ab arme sanitaire \u00bb fonctionne pleinement, il faudra <strong data-start=\"5490\" data-end=\"5566\">assurer une transparence sur ses r\u00e9sultats, ses objectifs et ses limites<\/strong>, et garantir qu\u2019elle serve avant tout l\u2019int\u00e9r\u00eat collectif.<\/p>\n<p> Un tournant strat\u00e9gique pour la sant\u00e9 publique<\/p>\n<p class=\"\" data-start=\"5679\" data-end=\"5917\">Avec EMERGEN 2.0, <strong data-start=\"5697\" data-end=\"5768\">la France change d\u2019\u00e9chelle dans la pr\u00e9vention des crises sanitaires<\/strong>. Le pays se dote d\u2019un outil de surveillance bas\u00e9 sur la science du XXIe si\u00e8cle, pens\u00e9 pour anticiper, mod\u00e9liser et contenir les risques \u00e9pid\u00e9miques.<\/p>\n<p class=\"\" data-start=\"5919\" data-end=\"6178\"><strong data-start=\"5919\" data-end=\"6005\">Loin d\u2019un gadget technologique, c\u2019est une boussole sanitaire \u00e0 l\u2019\u00e9chelle nationale<\/strong>, qui pourrait bien devenir l\u2019un des piliers de la prochaine d\u00e9cennie en mati\u00e8re de sant\u00e9 publique. Encore faut-il que les moyens suivent, et que la vigilance reste de mise.<\/p>\n","protected":false},"excerpt":{"rendered":"Une r\u00e9ponse concr\u00e8te aux failles r\u00e9v\u00e9l\u00e9es par la crise sanitaire La pand\u00e9mie de Covid-19 a mis en lumi\u00e8re&hellip;\n","protected":false},"author":2,"featured_media":49682,"comment_status":"","ping_status":"","sticky":false,"template":"","format":"standard","meta":{"footnotes":""},"categories":[4],"tags":[11,4400,14181,14182,434,1011,27,12,14183,56,25],"class_list":{"0":"post-49681","1":"post","2":"type-post","3":"status-publish","4":"format-standard","5":"has-post-thumbnail","7":"category-france","8":"tag-actualites","9":"tag-covid","10":"tag-crise-sanitaire","11":"tag-emergen-2-0","12":"tag-epidemie","13":"tag-fr","14":"tag-france","15":"tag-news","16":"tag-pandemie","17":"tag-push","18":"tag-republique-francaise"},"share_on_mastodon":{"url":"https:\/\/pubeurope.com\/@fr\/114394092229720899","error":""},"_links":{"self":[{"href":"https:\/\/www.europesays.com\/fr\/wp-json\/wp\/v2\/posts\/49681","targetHints":{"allow":["GET"]}}],"collection":[{"href":"https:\/\/www.europesays.com\/fr\/wp-json\/wp\/v2\/posts"}],"about":[{"href":"https:\/\/www.europesays.com\/fr\/wp-json\/wp\/v2\/types\/post"}],"author":[{"embeddable":true,"href":"https:\/\/www.europesays.com\/fr\/wp-json\/wp\/v2\/users\/2"}],"replies":[{"embeddable":true,"href":"https:\/\/www.europesays.com\/fr\/wp-json\/wp\/v2\/comments?post=49681"}],"version-history":[{"count":0,"href":"https:\/\/www.europesays.com\/fr\/wp-json\/wp\/v2\/posts\/49681\/revisions"}],"wp:featuredmedia":[{"embeddable":true,"href":"https:\/\/www.europesays.com\/fr\/wp-json\/wp\/v2\/media\/49682"}],"wp:attachment":[{"href":"https:\/\/www.europesays.com\/fr\/wp-json\/wp\/v2\/media?parent=49681"}],"wp:term":[{"taxonomy":"category","embeddable":true,"href":"https:\/\/www.europesays.com\/fr\/wp-json\/wp\/v2\/categories?post=49681"},{"taxonomy":"post_tag","embeddable":true,"href":"https:\/\/www.europesays.com\/fr\/wp-json\/wp\/v2\/tags?post=49681"}],"curies":[{"name":"wp","href":"https:\/\/api.w.org\/{rel}","templated":true}]}}