{"id":496812,"date":"2025-10-29T03:29:35","date_gmt":"2025-10-29T03:29:35","guid":{"rendered":"https:\/\/www.europesays.com\/fr\/496812\/"},"modified":"2025-10-29T03:29:35","modified_gmt":"2025-10-29T03:29:35","slug":"seuls-les-fans-peuvent-reperer-cette-erreur-faites-pause-a-1-heures-et-33-minutes","status":"publish","type":"post","link":"https:\/\/www.europesays.com\/fr\/496812\/","title":{"rendered":"seuls les fans peuvent rep\u00e9rer cette erreur, faites pause \u00e0 1\u00a0heures et 33\u00a0minutes"},"content":{"rendered":"<p>\n                                            <a title=\"\u00a0\u00a9\u00a0LILO\/SIPA (publi\u00e9e le 28\/10\/2025)\" href=\"https:\/\/img-4.linternaute.com\/x05B9bi2fFWaGKZCaYkl-0krfYM=\/1240x\/smart\/63d284bdb7294e5b888a94300a2a5425\/ccmcms-linternaute\/82026230.jpg\" class=\"fancy\" rel=\"nofollow noopener\" target=\"_blank\"><br \/>\n                            <img decoding=\"async\" alt=\"Harry Potter et la chambre des secrets\u00a0: seuls les fans peuvent rep\u00e9rer cette erreur, faites pause \u00e0 1\u00a0heures et 33\u00a0minutes\" src=\"https:\/\/www.europesays.com\/fr\/wp-content\/uploads\/2025\/10\/82026230.jpg\" width=\"&quot;540&quot;\" height=\"&quot;360&quot;\"\/><br \/>\n                        <\/a><br \/>\n                                        Si vous ne faites pas attention; il y a de grandes chances que vous ne remarquiez pas cette grosse erreur dans \u00ab\u00a0Harry Potter 2\u00a0\u00bb.\n                <\/p>\n<p><a href=\"https:\/\/www.linternaute.fr\/cinema\/pratique\/1325112-harry-potter-un-neuvieme-film-va-t-il-sortir\/\" title=\"Harry Potter\" rel=\"nofollow noopener\" target=\"_blank\">Harry Potter<\/a> et la chambre des secrets\u00a0est le second \u00e9pisode de la saga magique. Sorti en 2002, il voit le retour chaotique d&rsquo;Harry et ses amis \u00e0 Poudlard. Alors qu&rsquo;on cherche express\u00e9ment \u00e0 revenir au sein de l&rsquo;\u00e9cole de sorcellerie, le jeune gar\u00e7on \u00e0 la cicatrice va d\u00e9couvrir une terrifiante menace contre les \u00e9l\u00e8ves : la chambre des secrets a \u00e9t\u00e9 ouverte, rel\u00e2chant un monstre qui rode dans les couloirs&#8230;<\/p>\n<p>Ce second \u00e9pisode fait partie des moins aim\u00e9s de la saga magique, en raison de sa longueur (2h38 tout de m\u00eame) et de son manque de rythme. Le long-m\u00e9trage fait ainsi la transition entre le charme de l&rsquo;univers aper\u00e7u dans le premier film, et la noirceur qui ira crescendo dans les volets suivants. Il n&#8217;emp\u00eache que les fans ont vu et revu\u00a0Harry Potter et la chambre des secrets\u00a0au point de le conna\u00eetre presque par coeur.<\/p>\n<p>Mais m\u00eame si vous \u00eates un grand expert de la franchise magique, quelques d\u00e9tails ont pu vous \u00e9chapper. Le film fourmille d&rsquo;erreurs d&rsquo;inattention et de faux raccords que l&rsquo;on peut s&rsquo;amuser \u00e0 essayer de rep\u00e9rer. Il y a surtout une \u00e9norme erreur, si flagrante qu&rsquo;une fois qu&rsquo;on l&rsquo;a rep\u00e9r\u00e9e, on a presque honte de ne pas l&rsquo;avoir vue la premi\u00e8re fois. Il faut avoir vu\u00a0Harry Potter et la chambre des secrets\u00a0de nombreuses fois pour finir par la rep\u00e9rer sans aucun indice.<\/p>\n<p>Il faut faire pause \u00e0 1 heures, 33 minutes et 4 secondes pour pouvoir bien la remarquer, car la sc\u00e8ne passe trop vite pour qu&rsquo;on puisse la voir sans arr\u00eater le film. La s\u00e9quence se d\u00e9roule au moment o\u00f9 Harry Potter affronte Drago Malefoy en duel.\u00a0Si le spectateur peut se laisser happer par les \u00e9clats de magie qui fusent des baguettes des deux sorciers, il peut \u00e9galement remarquer&#8230;\u00a0un cam\u00e9raman dans le champ, au milieu de la foule d&rsquo;\u00e9l\u00e8ves\u00a0!<\/p>\n<p>Soyez attentif, il est visible dans le coin gauche, au moment o\u00f9 Rogue rel\u00e8ve le jeune Malefoy. Heureusement, un utilisateur Reddit a immortalis\u00e9 la s\u00e9quence si jamais vous ne pouvez pas mettre le film en pause. La capture d&rsquo;\u00e9cran est visible ci-dessous.<\/p>\n<p>D&rsquo;autres erreurs se cachent dans\u00a0Harry Potter et la chambre des secrets\u00a0: il est facile de remarquer\u00a0 les proth\u00e8ses d&rsquo;oreilles de Neville, lorsqu&rsquo;il est accroch\u00e9 au chandelier par des lutins de Cornouailles, ou le marquage au sol indiquant la position de l&rsquo;acteur qui joue Drago, lorsqu&rsquo;il observe Harry et Lockhart \u00e0 la librairie du Chemin de traverse. Des petites bourdes que seuls les cerveaux les plus vigilants peuvent reconna\u00eetre et qui ne viennent pas entacher le plaisir du spectateur au visionnage.<\/p>\n<p><a id=\"synopsis\" name=\"synopsis\"><strong>Synopsis<\/strong><\/a> &#8211; Alors que la rentr\u00e9e \u00e0 Poudlard approche, Harry est pr\u00e9venu par un elfe qu&rsquo;une terrible mal\u00e9diction menace l&rsquo;\u00e9cole de sorcellerie, et qu&rsquo;il ferait mieux de ne pas y retourner. Harry refuse de le croire. Pourtant, d\u00e8s son retour, le petit sorcier entend une voix malveillante, lui disant de prendre garde \u00e0 la chambre des secrets, qui vient de r\u00e9ouvrir&#8230;<\/p>\n","protected":false},"excerpt":{"rendered":"Si vous ne faites pas attention; il y a de grandes chances que vous ne remarquiez pas cette&hellip;\n","protected":false},"author":2,"featured_media":496813,"comment_status":"","ping_status":"","sticky":false,"template":"","format":"standard","meta":{"footnotes":""},"categories":[1354],"tags":[61917,51761,58,59,61918,1346,51763,1011,27,6610,1360,51767],"class_list":{"0":"post-496812","1":"post","2":"type-post","3":"status-publish","4":"format-standard","5":"has-post-thumbnail","7":"category-films","8":"tag-cms-linternaute-2199578","9":"tag-controller-content","10":"tag-divertissement","11":"tag-entertainment","12":"tag-film-fantastique","13":"tag-films","14":"tag-format-papier","15":"tag-fr","16":"tag-france","17":"tag-harry-potter","18":"tag-movies","19":"tag-parallaxeinfeed"},"share_on_mastodon":{"url":"https:\/\/pubeurope.com\/@fr\/115455339535538695","error":""},"_links":{"self":[{"href":"https:\/\/www.europesays.com\/fr\/wp-json\/wp\/v2\/posts\/496812","targetHints":{"allow":["GET"]}}],"collection":[{"href":"https:\/\/www.europesays.com\/fr\/wp-json\/wp\/v2\/posts"}],"about":[{"href":"https:\/\/www.europesays.com\/fr\/wp-json\/wp\/v2\/types\/post"}],"author":[{"embeddable":true,"href":"https:\/\/www.europesays.com\/fr\/wp-json\/wp\/v2\/users\/2"}],"replies":[{"embeddable":true,"href":"https:\/\/www.europesays.com\/fr\/wp-json\/wp\/v2\/comments?post=496812"}],"version-history":[{"count":0,"href":"https:\/\/www.europesays.com\/fr\/wp-json\/wp\/v2\/posts\/496812\/revisions"}],"wp:featuredmedia":[{"embeddable":true,"href":"https:\/\/www.europesays.com\/fr\/wp-json\/wp\/v2\/media\/496813"}],"wp:attachment":[{"href":"https:\/\/www.europesays.com\/fr\/wp-json\/wp\/v2\/media?parent=496812"}],"wp:term":[{"taxonomy":"category","embeddable":true,"href":"https:\/\/www.europesays.com\/fr\/wp-json\/wp\/v2\/categories?post=496812"},{"taxonomy":"post_tag","embeddable":true,"href":"https:\/\/www.europesays.com\/fr\/wp-json\/wp\/v2\/tags?post=496812"}],"curies":[{"name":"wp","href":"https:\/\/api.w.org\/{rel}","templated":true}]}}