{"id":496814,"date":"2025-10-29T03:30:21","date_gmt":"2025-10-29T03:30:21","guid":{"rendered":"https:\/\/www.europesays.com\/fr\/496814\/"},"modified":"2025-10-29T03:30:21","modified_gmt":"2025-10-29T03:30:21","slug":"la-maladie-de-charcot-detectee-plus-tot-grace-a-notre-langue-ce-detail-pourrait-etre-un-signe-precoce","status":"publish","type":"post","link":"https:\/\/www.europesays.com\/fr\/496814\/","title":{"rendered":"La maladie de Charcot d\u00e9tect\u00e9e plus t\u00f4t gr\u00e2ce \u00e0 notre langue\u00a0? Ce d\u00e9tail pourrait \u00eatre un signe pr\u00e9coce"},"content":{"rendered":"<p class=\"app_entry_lead\">\n<p>                    <a title=\"\u00a0\u00a9\u00a0Olga Yastremska, New Africa, Africa Studio\" href=\"https:\/\/www.europesays.com\/fr\/wp-content\/uploads\/2025\/10\/82010472.jpg\" class=\"fancy\"><\/p>\n<p>                            <img loading=\"lazy\" decoding=\"async\" src=\"https:\/\/www.europesays.com\/fr\/wp-content\/uploads\/2025\/10\/82010472.jpg\" alt=\"La maladie de Charcot d\u00e9tect\u00e9e plus t\u00f4t gr\u00e2ce \u00e0 notre langue\u00a0? Ce d\u00e9tail pourrait \u00eatre un signe pr\u00e9coce\" width=\"1500\" height=\"1000\"\/><\/p>\n<p>                    <\/a><\/p>\n<p>                La langue serait-elle un signe pr\u00e9coce de la maladie de Charcot\u00a0? Un examen pourrait aider \u00e0 diagnostiquer la maladie plus t\u00f4t.<\/p>\n<p>Il n&rsquo;existe aujourd&rsquo;hui ni traitement ni moyen de diagnostic sp\u00e9cifique de la maladie de Charcot. Il s&rsquo;agit de deux enjeux majeurs de la recherche sur cette maladie neurod\u00e9g\u00e9n\u00e9rative, aussi appel\u00e9e scl\u00e9rose lat\u00e9rale amyotrophique (SLA). Des chercheurs s&rsquo;int\u00e9ressent depuis longtemps \u00e0 nos muscles&#8230; et notamment \u00e0 notre langue.<\/p>\n<p>On pense que les jambes ou les bras sont d&rsquo;abord touch\u00e9s par la maladie, mais la langue, comme les autres muscles moteurs, l&rsquo;est aussi.\u00a0C&rsquo;est m\u00eame une des premi\u00e8res zones du corps \u00e0 \u00eatre impact\u00e9e dans la forme dite bulbaire de la maladie, qui repr\u00e9sente environ 30\u00a0%\u00a0des cas selon <a href=\"https:\/\/www.inserm.fr\/dossier\/sclerose-laterale-amyotrophique-sla-maladie-charcot\/\" target=\"_blank\" rel=\"noopener\">l&rsquo;Inserm<\/a>. \u00ab\u00a0Chez les personnes atteintes, les muscles de la langue \u2013 comme beaucoup d&rsquo;autres dans le corps \u2013 s&rsquo;affaiblissent progressivement et, malheureusement, s&rsquo;atrophient\u00a0\u00bb, a expliqu\u00e9\u00a0le Dr\u00a0Thomas Shaw, neuroscientifique et auteur de <a href=\"https:\/\/www.sciencedirect.com\/science\/article\/pii\/S0010482525011758?via%3Dihub#sec4\" target=\"_blank\" rel=\"noopener\">l&rsquo;\u00e9tude<\/a> sur le sujet.<\/p>\n<p>R\u00e9sultat, les muscles de la langue deviennent plus petits.\u00a0Comme ce signe peut \u00eatre difficile \u00e0 \u00e9valuer \u00e0 l\u2019\u0153il nu par les m\u00e9decins, le Dr Shaw et son \u00e9quipe ont trouv\u00e9 une solution.<\/p>\n<p>Cette solution, c&rsquo;est l&rsquo;IRM ! La bonne nouvelle, c&rsquo;est qu&rsquo;un scanner c\u00e9r\u00e9bral standard, qui fait d\u00e9j\u00e0 partie des m\u00e9thodes de diagnostic de la maladie de Charcot, \u00ab\u00a0capture souvent la langue en plus du cerveau\u00a0\u00bb, pr\u00e9cise le Dr Shaw. Avec son \u00e9quipe, il a\u00a0examin\u00e9 plusieurs centaines d&rsquo;IRM, dont certaines men\u00e9es sur des patients atteints de la maladie. Avec ces donn\u00e9es et l&rsquo;aide de l&rsquo;intelligence artificielle, ils ont \u00ab\u00a0pu obtenir des mesures pr\u00e9cises du volume et de la forme des muscles de la langue\u00a0\u00bb, et\u00a0ont pu observer des \u00ab\u00a0diff\u00e9rences significatives entre les scanners de personnes atteintes de SLA et ceux de personnes saines\u00a0\u00bb.\u00a0<\/p>\n<p>La baisse de muscles de la langue pourrait ainsi repr\u00e9senter un signe pr\u00e9coce de la maladie de Charcot.\u00a0Une d\u00e9couverte importante quand on sait que le d\u00e9lai actuel pour diagnostiquer la maladie apr\u00e8s les premiers sympt\u00f4mes \u00ab\u00a0est d&rsquo;environ 12\u00a0mois\u00a0\u00bb, rappelle le Dr Shaw. Plus le diagnostic est pos\u00e9 t\u00f4t, plus le patient a \u00ab\u00a0un acc\u00e8s plus rapide au traitement, au soutien, aux essais cliniques\u00a0\u00bb&#8230;<\/p>\n<p>Un tel examen pourrait \u00e0 la fois aider \u00e0 d\u00e9tecter plus rapidement la maladie, mais aussi\u00a0\u00ab\u00a0potentiellement nous renseigner sur l&rsquo;esp\u00e9rance de vie\u00a0\u00bb. Le Dr Shaw pr\u00e9cise en effet que\u00a0\u00ab\u00a0les personnes pr\u00e9sentant un volume de langue plus faible avaient un pronostic moins favorable,\u00a0nos propres r\u00e9sultats confirment cela\u00a0\u00bb. En moyenne, les personnes atteintes de la maladie de Charcot en d\u00e9c\u00e8dent en 3\u00a0\u00e0 5\u00a0ans.\u00a0<\/p>\n","protected":false},"excerpt":{"rendered":"La langue serait-elle un signe pr\u00e9coce de la maladie de Charcot\u00a0? Un examen pourrait aider \u00e0 diagnostiquer la&hellip;\n","protected":false},"author":2,"featured_media":496815,"comment_status":"","ping_status":"","sticky":false,"template":"","format":"standard","meta":{"footnotes":""},"categories":[10],"tags":[61919,51761,51763,1011,27,72,51979,2778,51767,71],"class_list":{"0":"post-496814","1":"post","2":"type-post","3":"status-publish","4":"format-standard","5":"has-post-thumbnail","7":"category-sante","8":"tag-cms-linternaute-9104594","9":"tag-controller-content","10":"tag-format-papier","11":"tag-fr","12":"tag-france","13":"tag-health","14":"tag-les-histoires-de-linternaute","15":"tag-maladies","16":"tag-parallaxeinfeed","17":"tag-sante"},"share_on_mastodon":{"url":"https:\/\/pubeurope.com\/@fr\/115455343376619374","error":""},"_links":{"self":[{"href":"https:\/\/www.europesays.com\/fr\/wp-json\/wp\/v2\/posts\/496814","targetHints":{"allow":["GET"]}}],"collection":[{"href":"https:\/\/www.europesays.com\/fr\/wp-json\/wp\/v2\/posts"}],"about":[{"href":"https:\/\/www.europesays.com\/fr\/wp-json\/wp\/v2\/types\/post"}],"author":[{"embeddable":true,"href":"https:\/\/www.europesays.com\/fr\/wp-json\/wp\/v2\/users\/2"}],"replies":[{"embeddable":true,"href":"https:\/\/www.europesays.com\/fr\/wp-json\/wp\/v2\/comments?post=496814"}],"version-history":[{"count":0,"href":"https:\/\/www.europesays.com\/fr\/wp-json\/wp\/v2\/posts\/496814\/revisions"}],"wp:featuredmedia":[{"embeddable":true,"href":"https:\/\/www.europesays.com\/fr\/wp-json\/wp\/v2\/media\/496815"}],"wp:attachment":[{"href":"https:\/\/www.europesays.com\/fr\/wp-json\/wp\/v2\/media?parent=496814"}],"wp:term":[{"taxonomy":"category","embeddable":true,"href":"https:\/\/www.europesays.com\/fr\/wp-json\/wp\/v2\/categories?post=496814"},{"taxonomy":"post_tag","embeddable":true,"href":"https:\/\/www.europesays.com\/fr\/wp-json\/wp\/v2\/tags?post=496814"}],"curies":[{"name":"wp","href":"https:\/\/api.w.org\/{rel}","templated":true}]}}