{"id":496818,"date":"2025-10-29T03:32:14","date_gmt":"2025-10-29T03:32:14","guid":{"rendered":"https:\/\/www.europesays.com\/fr\/496818\/"},"modified":"2025-10-29T03:32:14","modified_gmt":"2025-10-29T03:32:14","slug":"avec-yoroi-orelsan-fait-litteralement-face-a-ses-demons","status":"publish","type":"post","link":"https:\/\/www.europesays.com\/fr\/496818\/","title":{"rendered":"Avec \u00ab\u00a0Yoro\u00ef\u00a0\u00bb, Orelsan fait (litt\u00e9ralement) face \u00e0 ses d\u00e9mons"},"content":{"rendered":"<p>        <img decoding=\"async\" loading=\"lazy\" src=\"https:\/\/www.europesays.com\/fr\/wp-content\/uploads\/2025\/10\/cf95d6a_upload-1-m7aygelqvakk-dscf7639.jpg\"  width=\"728\" height=\"485\" alt=\"Le rappeur Orelsan incarne son propre r\u00f4le dans Yoro\u00ef au cin\u00e9ma\"\/>  <\/p>\n<p>Sony Pictures France<\/p>\n<p>Le rappeur Orelsan incarne son propre r\u00f4le dans Yoro\u00ef au cin\u00e9ma<\/p>\n<p class=\"asset asset-text\">CIN\u00c9MA \u2013<strong> <\/strong>Avec ce film, <a href=\"https:\/\/www.huffingtonpost.fr\/culture\/article\/orelsan-en-tournee-en-2026-va-exploser-les-compteurs-avec-10-dates-a-paris-bercy_255380.html\" rel=\"nofollow noopener\" target=\"_blank\">Orelsan<\/a> va vous surprendre. En salles ce mercredi 29\u00a0octobre, <a href=\"https:\/\/www.huffingtonpost.fr\/culture\/video\/dans-yoroi-le-nouveau-film-d-orelsan-le-rappeur-part-au-japon-et-se-transforme-en-samourai_251561.html\" rel=\"nofollow noopener\" target=\"_blank\">Yoro\u00ef<\/a> marque le retour d\u2019Orelsan au cin\u00e9ma dans un r\u00f4le qui brouille les fronti\u00e8res entre fiction et r\u00e9alit\u00e9. Co\u00e9crit et r\u00e9alis\u00e9 par David Tomaszewski, le film met en sc\u00e8ne un Orelsan, <a href=\"https:\/\/www.huffingtonpost.fr\/culture\/article\/la-sortie-du-film-d-orelsan-va-de-pair-avec-cette-nouvelle-annonce-du-rappeur_256455.html\" rel=\"nofollow noopener\" target=\"_blank\">star de la musique<\/a>, satur\u00e9 par les tourn\u00e9es, les concerts et les sollicitations \u00e0 r\u00e9p\u00e9tition.<\/p>\n<p class=\"asset asset-text\">Bient\u00f4t papa, il d\u00e9cide de se retirer dans la campagne japonaise avec sa femme, Nanako, une \u00e9pouse aimante, courageuse et patiente, incarn\u00e9e par Clara Cho\u00ef, pour vivre les derniers mois de la grossesse loin des cam\u00e9ras.<\/p>\n<p class=\"asset asset-text\">Mais sa tranquillit\u00e9 tant esp\u00e9r\u00e9e vire au cauchemar. Dans une maison isol\u00e9e au c\u0153ur de la nature, Orelsan tombe sur une armure de samoura\u00ef (\u00ab\u00a0yoro\u00ef\u00a0\u00bb en japonais) qui lui colle \u00e0 la peau et dont il est impossible de se d\u00e9tacher. C\u2019est \u00e0 ce moment que le film prend une tournure compl\u00e8tement d\u00e9jant\u00e9e.<\/p>\n<p class=\"asset asset-text\">Celui qui s\u2019attendait \u00e0 trouver la paix gr\u00e2ce \u00e0 la fuite se retrouve dans un combat contre d\u2019\u00e9tranges cr\u00e9atures\u00a0: des Yoka\u00efs, monstres mystiques issus de l\u00e9gendes japonaises, surgissent de nulle part pour le hanter. Ils viennent ici repr\u00e9senter ses angoisses et ses pens\u00e9es n\u00e9gatives.<\/p>\n<p>                     <strong>Orelsan et ses monstres angoissants<\/strong>    <\/p>\n<p class=\"asset asset-text\">Derri\u00e8re ses allures de com\u00e9die fantastique, Yoro\u00ef\u00a0est avant tout une plong\u00e9e dans la t\u00eate d\u2019un artiste tr\u00e8s populaire en crise. Chaque d\u00e9mon, chaque apparition visqueuse et moche repr\u00e9sent\u00e9e par les Yoka\u00efs, incarne une part de lui-m\u00eame. Le film alterne entre sc\u00e8nes d\u2019horreur et d\u2019humour absurde, dans une atmosph\u00e8re qui rappelle les mangas et les jeux vid\u00e9o qu\u2019Orelsan affectionne tant. Le rappeur se moque de lui-m\u00eame et se ridiculise parfois. Son humour d\u00e9samorce la noirceur, tout en r\u00e9v\u00e9lant une grande lucidit\u00e9 sur la c\u00e9l\u00e9brit\u00e9 et ses d\u00e9rives.<\/p>\n<p class=\"asset asset-text\">Chez Orelsan, les responsabilit\u00e9s n\u2019ont jamais \u00e9t\u00e9 un terrain facile. Dans Yoro\u00ef, il incarne cette incapacit\u00e9 \u00e0 grandir, cette peur terrible de devenir adulte qu\u2019il a souvent racont\u00e9 dans ses morceaux. Le film parle finalement d\u2019un homme qui se retrouve contraint d\u2019affronter ce qu\u2019il a toujours fui\u00a0: lui-m\u00eame. Face \u00e0 \u00ab\u00a0Aurel\u00a0\u00bb, se retrouve Orelsama, qu\u2019il d\u00e9crit comme \u00ab\u00a0le pire Aur\u00e9lien\u00a0\u00bb. Un homme remplit de haine, qui ne se garde pas de balancer des v\u00e9rit\u00e9s. Son but est clair\u00a0: cr\u00e9er le chaos. \u00ab\u00a0On a tous envie d\u2019\u00eatre quelqu\u2019un qui n\u2019en fait qu\u2019\u00e0 sa t\u00eate de mani\u00e8re humoristique et sous couvert de libert\u00e9. Il est vraiment jouissif \u00e0 jouer\u00a0\u00bb, explique Orelsan. Sous ses airs \u00e9tranges et d\u00e9rangeants, Yoro\u00ef reste un projet profond\u00e9ment humain.<\/p>\n<p>    Nouvel album et des featurings star    <\/p>\n<p class=\"asset asset-text\">Quatre ans apr\u00e8s Civilisation (\u00c9dition Ultime), l\u2019album le plus vendu de 2022, Orelsan signe un double retour\u00a0: au cin\u00e9ma, et bient\u00f4t en musique. Son nouvel opus, La Fuite en avant, sortira le 7\u00a0novembre, sur toutes les plateformes de streaming. Dix-sept titres in\u00e9dits, des collaborations prestigieuses avec Yam\u00ea, SDM, le girls band de K-pop Fifty Fifty, et Thomas Bangalter, ex-membre des Daft Punk\u00a0\u00ab\u00a0le feat de mes r\u00eaves\u00a0\u00bb, confie-t-il, \u00e9mu, dans une vid\u00e9o post\u00e9e sur ses r\u00e9seaux sociaux.<\/p>\n<p class=\"asset asset-text\">Et le lien entre l\u2019album et le film est assum\u00e9. \u00ab\u00a0Ce n\u2019est pas la bande originale de Yoro\u00ef, mais c\u2019est une extension de son univers\u00a0\u00bb, pr\u00e9cise-t-il. L\u2019album reprend d\u2019ailleurs les quatre morceaux pr\u00e9sents dans le long-m\u00e9trage, une fa\u00e7on pour lui de \u00ab\u00a0prolonger l\u2019histoire\u00a0\u00bb.<\/p>\n<p> La lecture de ce contenu est susceptible d\u2019entra\u00eener un d\u00e9p\u00f4t de cookies de la part de l\u2019op\u00e9rateur tiers qui l\u2019h\u00e9berge. Compte-tenu des choix que vous avez exprim\u00e9s en mati\u00e8re de d\u00e9p\u00f4t de cookies, nous avons bloqu\u00e9 l\u2019affichage de ce contenu. Si vous souhaitez y acc\u00e9der, vous devez accepter la cat\u00e9gorie de cookies \u201cContenus tiers\u201d en cliquant sur le bouton ci-dessous. <\/p>\n<p> Lire la Vid\u00e9o        <\/p>\n<p class=\"asset asset-text\">En 2026, il reprendra la route pour 33 concerts, dont trois dates au Z\u00e9nith de Caen, ville dont-il est originaire, et dix \u00e0 l\u2019Accor Arena de Paris. Plus de 400.000\u00a0places ont \u00e9t\u00e9 vendues en 24\u00a0heures. Et avec Yoro\u00ef et l\u2019annonce surprise de son nouvel album, difficile de ne pas lui pardonner son absence.<\/p>\n","protected":false},"excerpt":{"rendered":"Sony Pictures France Le rappeur Orelsan incarne son propre r\u00f4le dans Yoro\u00ef au cin\u00e9ma CIN\u00c9MA \u2013 Avec ce&hellip;\n","protected":false},"author":2,"featured_media":496819,"comment_status":"","ping_status":"","sticky":false,"template":"","format":"standard","meta":{"footnotes":""},"categories":[8],"tags":[650,251,58,59,1011,27,873,21953],"class_list":{"0":"post-496818","1":"post","2":"type-post","3":"status-publish","4":"format-standard","5":"has-post-thumbnail","7":"category-divertissement","8":"tag-cinema","9":"tag-culture","10":"tag-divertissement","11":"tag-entertainment","12":"tag-fr","13":"tag-france","14":"tag-musique","15":"tag-orelsan"},"share_on_mastodon":{"url":"https:\/\/pubeurope.com\/@fr\/115455350857824960","error":""},"_links":{"self":[{"href":"https:\/\/www.europesays.com\/fr\/wp-json\/wp\/v2\/posts\/496818","targetHints":{"allow":["GET"]}}],"collection":[{"href":"https:\/\/www.europesays.com\/fr\/wp-json\/wp\/v2\/posts"}],"about":[{"href":"https:\/\/www.europesays.com\/fr\/wp-json\/wp\/v2\/types\/post"}],"author":[{"embeddable":true,"href":"https:\/\/www.europesays.com\/fr\/wp-json\/wp\/v2\/users\/2"}],"replies":[{"embeddable":true,"href":"https:\/\/www.europesays.com\/fr\/wp-json\/wp\/v2\/comments?post=496818"}],"version-history":[{"count":0,"href":"https:\/\/www.europesays.com\/fr\/wp-json\/wp\/v2\/posts\/496818\/revisions"}],"wp:featuredmedia":[{"embeddable":true,"href":"https:\/\/www.europesays.com\/fr\/wp-json\/wp\/v2\/media\/496819"}],"wp:attachment":[{"href":"https:\/\/www.europesays.com\/fr\/wp-json\/wp\/v2\/media?parent=496818"}],"wp:term":[{"taxonomy":"category","embeddable":true,"href":"https:\/\/www.europesays.com\/fr\/wp-json\/wp\/v2\/categories?post=496818"},{"taxonomy":"post_tag","embeddable":true,"href":"https:\/\/www.europesays.com\/fr\/wp-json\/wp\/v2\/tags?post=496818"}],"curies":[{"name":"wp","href":"https:\/\/api.w.org\/{rel}","templated":true}]}}