{"id":496822,"date":"2025-10-29T03:34:14","date_gmt":"2025-10-29T03:34:14","guid":{"rendered":"https:\/\/www.europesays.com\/fr\/496822\/"},"modified":"2025-10-29T03:34:14","modified_gmt":"2025-10-29T03:34:14","slug":"m6-tire-les-fruits-de-son-mercato-offensif-avec-des-audiences-en-forte-hausse-sur-le-lineaire-comme-le-streaming","status":"publish","type":"post","link":"https:\/\/www.europesays.com\/fr\/496822\/","title":{"rendered":"M6 tire les fruits de son mercato offensif avec des audiences en forte hausse sur le lin\u00e9aire comme le streaming"},"content":{"rendered":"<p>\n    Le groupe termine le troisi\u00e8me trimestre avec un chiffre d\u2019affaires de 269 millions d\u2019euros, en faible repli, et des recettes publicitaires quasi stables, malgr\u00e9 un march\u00e9 publicitaire d\u00e9grad\u00e9.<\/p>\n<p class=\"fig-paragraph\">L\u2019incertitude politique et la morosit\u00e9 du march\u00e9 publicitaire n\u2019ont pas g\u00e2ch\u00e9 la rentr\u00e9e du\u00a0<a href=\"http:\/\/www.lefigaro.fr\/medias\/deux-emissions-six-heures-d-antenne-par-jour-cyril-hanouna-nouvelle-star-du-groupe-m6-20250829\" data-fig-type=\"Article\" data-gtm-custom-categorie=\"navigation\" data-gtm-custom-action=\"crossclick\" data-gtm-custom-label=\"Contextuel\" data-gtm-event=\"customEventSPE\" data-fig-domain=\"LEFIGARO\" target=\"_blank\" rel=\"noopener\">groupe M6<\/a>. La filiale de Bertelsmann enregistre un chiffre d\u2019affaires consolid\u00e9 de 269,2 millions d\u2019euros au troisi\u00e8me semestre, en faible repli sur un an (-3,4%), principalement d\u00fb au moindre dynamisme des ventes de droits audiovisuels en France et \u00e0 l\u2019international. Ses revenus publicitaires sont rest\u00e9s quasiment stables \u00e0 220 millions d\u2019euros, soutenus par des audiences en fortes hausses, sur le lin\u00e9aire comme sur le streaming.<\/p>\n<p class=\"fig-paragraph\"><a href=\"http:\/\/www.lefigaro.fr\/medias\/je-ne-serai-pas-differente-sur-m6-et-rtl-avant-sa-rentree-anne-sophie-lapix-devoile-ses-nouveaux-projets-au-figaro-20250703\" data-fig-type=\"Article\" data-gtm-custom-categorie=\"navigation\" data-gtm-custom-action=\"crossclick\" data-gtm-custom-label=\"Contextuel\" data-gtm-event=\"customEventSPE\" data-fig-domain=\"LEFIGARO\" target=\"_blank\" rel=\"noopener\">Anne-Sophie Lapix\u00a0<\/a>\u00e0 la pr\u00e9sentation du JT de M6,\u00a0<a href=\"http:\/\/www.lefigaro.fr\/medias\/un-mercato-risque-qui-s-avere-payant-cyril-hanouna-reussit-sa-rentree-sur-la-chaine-w9-20251006\" data-fig-type=\"Article\" data-gtm-custom-categorie=\"navigation\" data-gtm-custom-action=\"crossclick\" data-gtm-custom-label=\"Contextuel\" data-gtm-event=\"customEventSPE\" data-fig-domain=\"LEFIGARO\" target=\"_blank\" rel=\"noopener\">Cyril Hanouna\u00a0<\/a>aux manettes de \u00abTout beau tout neuf\u00bb sur W9&#8230; Les nouvelles t\u00eates d\u2019affiche de la filiale de Bertelsmann ont visiblement s\u00e9duit les t\u00e9l\u00e9spectateurs. La part d\u2019audience de M6, W9, Gulli, 6ter a grimp\u00e9 de 1,6 point sur les trois derniers mois, atteignant 21,5% sur la cible strat\u00e9gique des 25-49 ans. \u00abNotre groupe r\u00e9alise sa meilleure rentr\u00e9e TV depuis six ans sur les cibles commerciales, validant la strat\u00e9gie de recrutements et d\u2019investissements programmes initi\u00e9e ces derniers mois, se f\u00e9licite David Larremendy, pr\u00e9sident du directoire du groupe. Nous signons la plus forte progression du march\u00e9 \u00e0 la fois sur les 25-49 ans mais aussi sur l\u2019ensemble du public en septembre, ce qui confirme la bonne dynamique actuelle\u00bb.\u00a0<\/p>\n<p>                                    <a class=\"fig-a11y-skip a11y-hidden\" href=\"#fig-a11y-skip-main-inarticle\"><br \/>\n        Passer la publicit\u00e9<br \/>\n    <\/a><\/p>\n<p>Un \u00abeffet Hanouna\u00bb mais pas que<\/p>\n<p class=\"fig-paragraph\">Une performance que le groupe doit au succ\u00e8s non-d\u00e9menti des grands primes de la 6 (L\u2019Amour est dans le pr\u00e9, Les Tra\u00eetres, Le Meilleur P\u00e2tissier&#8230;) mais aussi au bond spectaculaire des audiences de W9, qui a<a href=\"http:\/\/www.lefigaro.fr\/medias\/deux-emissions-six-heures-d-antenne-par-jour-cyril-hanouna-nouvelle-star-du-groupe-m6-20250829\" data-fig-type=\"Article\" data-gtm-custom-categorie=\"navigation\" data-gtm-custom-action=\"crossclick\" data-gtm-custom-label=\"Contextuel\" data-gtm-event=\"customEventSPE\" data-fig-domain=\"LEFIGARO\" target=\"_blank\" rel=\"noopener\">ccueille Cyril Hanouna cinq soirs sur sept.<\/a>\u00a0Sur le mois de septembre, la cha\u00eene s\u2019est attribu\u00e9 3,1% de l\u2019audience selon les chiffres de M\u00e9diam\u00e9trie, signant la meilleure progression du PAF avec une hausse de 0,8 point. Non seulement W9 a r\u00e9cup\u00e9r\u00e9 une grande partie des \u00abfanzouzes\u00bb de l\u2019ex animateur de C8 mais elle aussi rajeuni son audience, multipliant par six son audience sur la cible strat\u00e9gique des 25-49 ans.<\/p>\n<p class=\"fig-paragraph\">\u00abL\u2019\u00e9mission de Cyril Hanouna a trouv\u00e9 son public de mani\u00e8re tr\u00e8s stable, ce qui est une belle satisfaction, estime J\u00e9r\u00f4me Lefebure, directeur financier du groupe. Mais ce n\u2019est qu\u2019un des nombreux succ\u00e8s de la rentr\u00e9e, puisque nos grandes marques ont aussi r\u00e9alis\u00e9 de tr\u00e8s bons scores, et sont de plus en plus accompagn\u00e9es par le streaming, \u00e0 l\u2019image de l\u2019\u00e9mission Les Tra\u00eetres, d\u00e9plac\u00e9 sur une nouvelle tranche horaire, qui a doubl\u00e9 son audience avec M6+\u00bb. Le groupe esp\u00e8re conna\u00eetre la m\u00eame dynamique sur ses cha\u00eenes radio (<a href=\"http:\/\/www.lefigaro.fr\/medias\/faire-evoluer-la-station-pour-mieux-l-ancrer-dans-l-epoque-le-nouveau-patron-de-rtl-devoile-au-figaro-sa-strategie-pour-doper-les-audiences-20250903\" data-fig-type=\"NewsFlash\" data-gtm-custom-categorie=\"navigation\" data-gtm-custom-action=\"crossclick\" data-gtm-custom-label=\"Contextuel\" data-gtm-event=\"customEventSPE\" data-fig-domain=\"LEFIGARO\" target=\"_blank\" rel=\"noopener\">RTL<\/a>, RTL2 et Fun\u00a0Radio), dont il a significativement fait \u00e9voluer les grilles en septembre. Il attend pour cela le relev\u00e9 de M\u00e9diam\u00e9trie, attendu au courant du mois de novembre.<\/p>\n<p class=\"fig-body-link\">\n            \u00c0 lire aussi<br \/>\n        <a class=\"fig-body-link__link fig-premium-mark\" href=\"http:\/\/www.lefigaro.fr\/medias\/faire-evoluer-la-station-pour-mieux-l-ancrer-dans-l-epoque-le-nouveau-patron-de-rtl-devoile-au-figaro-sa-strategie-pour-doper-les-audiences-20250903\" target=\"_blank\" data-fig-type=\"NewsFlash\" rel=\"noopener\" data-gtm-custom-categorie=\"navigation\" data-gtm-custom-action=\"crossclick\" data-gtm-custom-label=\"Contextuel\" data-gtm-event=\"customEventSPE\" data-fig-domain=\"LEFIGARO\"><\/p>\n<p>        \u00abFaire \u00e9voluer la station pour mieux l\u2019ancrer dans l\u2019\u00e9poque\u00bb\u00a0: le nouveau patron de RTL d\u00e9voile au Figaro sa strat\u00e9gie pour doper les audiences<br \/>\n    <\/a>\n<\/p>\n<p>Une fin d\u2019ann\u00e9e difficile sur le march\u00e9 publicitaire<\/p>\n<p class=\"fig-paragraph\">Certes, ces succ\u00e8s d\u2019audiences ne se traduisent pas encore par une hausse significative des revenus publicitaires. Mais, au vu du contexte, le groupe estime \u00eatre parvenu \u00e0 sauver les meubles en maintenant son niveau de recettes. \u00abCette belle rentr\u00e9e nous permet de r\u00e9sister dans un march\u00e9 publicitaire t\u00e9l\u00e9visuel en fort recul. Notre performance dans ce contexte donne confiance\u00bb, affirme J\u00e9r\u00f4me Lefebure. La filiale de Bertelsmann anticipe un nouveau recul des investissements publicitaires pour la fin de l\u2019ann\u00e9e, sur fond de soubresauts \u00e9conomiques et politiques.<\/p>\n<p class=\"fig-paragraph\">\u00abSi le march\u00e9 \u00e9tait l\u00e0, les bonnes audiences de la rentr\u00e9e devraient avoir un impact sur nos revenus publicitaires au quatri\u00e8me trimestre car les annonceurs ne veulent pas \u00eatre \u00e9cart\u00e9s des programmes qui marchent, mais le contexte publicitaire n\u2019est pas porteur, estime J\u00e9r\u00f4me Lefebure. L\u2019instabilit\u00e9 politique avait d\u00e9j\u00e0 d\u00e9truit les revenus publicitaires du quatri\u00e8me trimestre en 2024 et la m\u00eame chose se profile cette ann\u00e9e\u00bb. Dans ce contexte, le groupe se pr\u00e9pare \u00e0 jouer la carte de la prudence, et ce en surveillant notamment ses co\u00fbts de grille, qu\u2019il a d\u00e9j\u00e0 r\u00e9duit de 11 millions d\u2019euros sur les neuf derniers mois. Ces efforts, aid\u00e9s par l\u2019absence de droits sportifs, lui ont permis de d\u00e9gager une marge op\u00e9rationnelle de 13,9%, en hausse de 0,6 point.<\/p>\n<p class=\"fig-paragraph\">Le groupe demeure toutefois tr\u00e8s optimiste quant au potentiel de\u00a0<a href=\"http:\/\/www.lefigaro.fr\/medias\/m6-la-plateforme-de-streaming-a-la-difficile-conquete-des-fans-de-series-coreennes-20250929\" data-fig-type=\"Article\" data-gtm-custom-categorie=\"navigation\" data-gtm-custom-action=\"crossclick\" data-gtm-custom-label=\"Contextuel\" data-gtm-event=\"customEventSPE\" data-fig-domain=\"LEFIGARO\" target=\"_blank\" rel=\"noopener\">sa plateforme streaming M6+<\/a>, qui a vu encore son nombre d\u2019utilisateurs uniques bondir de 40% ce trimestre. \u00abPlus de 30 millions de Fran\u00e7ais se sont connect\u00e9s au moins une fois par mois sur la plateforme en septembre, un record. Les utilisateurs passent aussi de plus en plus de temps sur la plateforme, le nombre d\u2019heures vues a augment\u00e9 de 17%\u00bb, se r\u00e9jouit J\u00e9r\u00f4me Lefebure. Le chiffre d\u2019affaires streaming du groupe a grimp\u00e9 de 25% et s\u2019\u00e9tablit d\u00e9sormais \u00e0 24,4 millions d\u2019euros, repr\u00e9sentant ainsi 11,5% du chiffre d\u2019affaires total du p\u00f4le vid\u00e9o, contre 9,0% il y a un an. \u00abNous avons fix\u00e9 comme objectif un chiffre d\u2019affaires de plus de 200 millions d\u2019euros sur le streaming en 2028, et pour l\u2019instant, nous sommes parfaitement en phase avec cette trajectoire, avec m\u00eame un peu d\u2019avance\u00bb, conclut le directeur financier.<\/p>\n","protected":false},"excerpt":{"rendered":"Le groupe termine le troisi\u00e8me trimestre avec un chiffre d\u2019affaires de 269 millions d\u2019euros, en faible repli, et&hellip;\n","protected":false},"author":2,"featured_media":496823,"comment_status":"","ping_status":"","sticky":false,"template":"","format":"standard","meta":{"footnotes":""},"categories":[6],"tags":[35,33,34,1011,27,494,252],"class_list":{"0":"post-496822","1":"post","2":"type-post","3":"status-publish","4":"format-standard","5":"has-post-thumbnail","7":"category-economie","8":"tag-business","9":"tag-economie","10":"tag-economy","11":"tag-fr","12":"tag-france","13":"tag-m6","14":"tag-television"},"share_on_mastodon":{"url":"https:\/\/pubeurope.com\/@fr\/115455358667820875","error":""},"_links":{"self":[{"href":"https:\/\/www.europesays.com\/fr\/wp-json\/wp\/v2\/posts\/496822","targetHints":{"allow":["GET"]}}],"collection":[{"href":"https:\/\/www.europesays.com\/fr\/wp-json\/wp\/v2\/posts"}],"about":[{"href":"https:\/\/www.europesays.com\/fr\/wp-json\/wp\/v2\/types\/post"}],"author":[{"embeddable":true,"href":"https:\/\/www.europesays.com\/fr\/wp-json\/wp\/v2\/users\/2"}],"replies":[{"embeddable":true,"href":"https:\/\/www.europesays.com\/fr\/wp-json\/wp\/v2\/comments?post=496822"}],"version-history":[{"count":0,"href":"https:\/\/www.europesays.com\/fr\/wp-json\/wp\/v2\/posts\/496822\/revisions"}],"wp:featuredmedia":[{"embeddable":true,"href":"https:\/\/www.europesays.com\/fr\/wp-json\/wp\/v2\/media\/496823"}],"wp:attachment":[{"href":"https:\/\/www.europesays.com\/fr\/wp-json\/wp\/v2\/media?parent=496822"}],"wp:term":[{"taxonomy":"category","embeddable":true,"href":"https:\/\/www.europesays.com\/fr\/wp-json\/wp\/v2\/categories?post=496822"},{"taxonomy":"post_tag","embeddable":true,"href":"https:\/\/www.europesays.com\/fr\/wp-json\/wp\/v2\/tags?post=496822"}],"curies":[{"name":"wp","href":"https:\/\/api.w.org\/{rel}","templated":true}]}}