{"id":496825,"date":"2025-10-29T03:36:12","date_gmt":"2025-10-29T03:36:12","guid":{"rendered":"https:\/\/www.europesays.com\/fr\/496825\/"},"modified":"2025-10-29T03:36:12","modified_gmt":"2025-10-29T03:36:12","slug":"a-lassemblee-la-gauche-et-le-rn-font-adopter-une-taxe-de-26-milliards-contre-les-multinationales","status":"publish","type":"post","link":"https:\/\/www.europesays.com\/fr\/496825\/","title":{"rendered":"\u00e0 l\u2019Assembl\u00e9e, la gauche et le RN font adopter une taxe de 26 milliards contre les multinationales"},"content":{"rendered":"<p>\n    <strong>R\u00c9CIT &#8211;<\/strong> Dans une ambiance extr\u00eamement tendue, la gauche et le Rassemblement national ont fait adopter, en d\u00e9but de soir\u00e9e, un amendement visant \u00e0 taxer tr\u00e8s lourdement les multinationales. Le ministre de l\u2019\u00c9conomie d\u00e9nonce \u00abun bras d\u2019honneur \u00e0 125 pays\u00bb.<\/p>\n<p class=\"fig-paragraph\">Sur les bancs macronistes, on n\u2019en croit pas ses yeux. Jusqu\u2019ici, tout se passait plut\u00f4t bien. Depuis trois jours et le d\u00e9but de l\u2019examen de la partie recettes en s\u00e9ance publique \u00e0 l\u2019Assembl\u00e9e nationale, les d\u00e9put\u00e9s du camp pr\u00e9sidentiel, bien aid\u00e9s par la droite LR et le Rassemblement national, avaient \u00e0 peu pr\u00e8s r\u00e9ussi \u00e0 contrer la fameuse \u00absurench\u00e8re fiscale\u00bb de la gauche. Pas cette fois. \u00c0 la surprise g\u00e9n\u00e9rale, ce mardi, en d\u00e9but de soir\u00e9e, les d\u00e9put\u00e9s ont adopt\u00e9 un amendement du pr\u00e9sident de la commission des finances, l\u2019Insoumis \u00c9ric Coquerel, visant \u00e0 taxer les multinationales proportionnellement \u00e0 leur activit\u00e9 r\u00e9ellement r\u00e9alis\u00e9e en France. Objectif\u00a0: \u00ablutter contre l\u2019optimisation fiscale\u00bb de ces entreprises \u00aben recalculant leur profit au prorata de leur chiffre d\u2019affaires r\u00e9alis\u00e9 en France\u00bb, dixit le d\u00e9put\u00e9 LFI.<\/p>\n<p class=\"fig-paragraph\">Avec 207 voix pour et 89 contre seulement, la mesure est donc tr\u00e8s largement adopt\u00e9e en premi\u00e8re lecture gr\u00e2ce aux voix de toute la gauche et du Rassemblement national\u2026<\/p>\n<p class=\"fig-premium-paywall__infos\">\n        Cet article est r\u00e9serv\u00e9 aux abonn\u00e9s.        Il vous reste 81% \u00e0 d\u00e9couvrir.\n    <\/p>\n<p>                <img  data- alt=\"Le Figaro\" class=\"fig-img--complete fig-img\"\/><\/p>\n<p class=\"fig-premium-paywall__title\">Vous avez envie de lire la suite ?<\/p>\n<p class=\"fig-premium-paywall__subtitle\">D\u00e9bloquez tous les articles imm\u00e9diatement.<\/p>\n<p class=\"fig-premium-paywall__connect\">\n                D\u00e9j\u00e0 abonn\u00e9\u00a0?                <a class=\"fig-premium-paywall__connect-link\" href=\"https:\/\/connect.lefigaro.fr\/login?client=horizon_web&amp;type=main&amp;redirect_uri=https%3A%2F%2Fwww.lefigaro.fr%2Fpolitique%2Fnous-venons-d-asphyxier-l-economie-a-l-assemblee-la-gauche-et-le-rn-font-adopter-une-taxe-de-26-milliards-contre-les-multinationales-20251028\" data-js-gtm=\"{&quot;customCategorie&quot;: &quot;conversion&quot;, &quot;customAction&quot;: &quot;before_Landing_Connexion_paywall_auto&quot;, &quot;customLabel&quot;: &quot;bGVmaWdhcm8uZnJfXzFmMGI0M2NiLWUyOWYtNmY3Ni04N2ExLTc1MzhhZGViYjRhZl9fTmV3c0ZsYXNo_\u00abNous venons d\u2019asphyxier l\u2019\u00e9conomie\u00bb\u00a0: \u00e0 l\u2019Assembl\u00e9e, la gauche et le RN font adopter une taxe de 26 milliards contre les multinationales_163&quot;, &quot;customIDSPE&quot;: &quot;bGVmaWdhcm8uZnJfXzFmMGI0M2NiLWUyOWYtNmY3Ni04N2ExLTc1MzhhZGViYjRhZl9fTmV3c0ZsYXNo&quot;, &quot;event&quot;: &quot;customEventSPE&quot;}\" rel=\"nofollow noopener\" target=\"_blank\"><br \/>\n                    Connectez-vous<br \/>\n                <\/a>\n            <\/p>\n","protected":false},"excerpt":{"rendered":"R\u00c9CIT &#8211; Dans une ambiance extr\u00eamement tendue, la gauche et le Rassemblement national ont fait adopter, en d\u00e9but&hellip;\n","protected":false},"author":2,"featured_media":496826,"comment_status":"","ping_status":"","sticky":false,"template":"","format":"standard","meta":{"footnotes":""},"categories":[4],"tags":[11,416,15746,1011,27,780,12,1078,25,56803],"class_list":{"0":"post-496825","1":"post","2":"type-post","3":"status-publish","4":"format-standard","5":"has-post-thumbnail","7":"category-france","8":"tag-actualites","9":"tag-assemblee-nationale","10":"tag-evasion-fiscale","11":"tag-fr","12":"tag-france","13":"tag-lfi","14":"tag-news","15":"tag-rassemblement-national","16":"tag-republique-francaise","17":"tag-roland-lescure"},"share_on_mastodon":{"url":"https:\/\/pubeurope.com\/@fr\/115455366521269486","error":""},"_links":{"self":[{"href":"https:\/\/www.europesays.com\/fr\/wp-json\/wp\/v2\/posts\/496825","targetHints":{"allow":["GET"]}}],"collection":[{"href":"https:\/\/www.europesays.com\/fr\/wp-json\/wp\/v2\/posts"}],"about":[{"href":"https:\/\/www.europesays.com\/fr\/wp-json\/wp\/v2\/types\/post"}],"author":[{"embeddable":true,"href":"https:\/\/www.europesays.com\/fr\/wp-json\/wp\/v2\/users\/2"}],"replies":[{"embeddable":true,"href":"https:\/\/www.europesays.com\/fr\/wp-json\/wp\/v2\/comments?post=496825"}],"version-history":[{"count":0,"href":"https:\/\/www.europesays.com\/fr\/wp-json\/wp\/v2\/posts\/496825\/revisions"}],"wp:featuredmedia":[{"embeddable":true,"href":"https:\/\/www.europesays.com\/fr\/wp-json\/wp\/v2\/media\/496826"}],"wp:attachment":[{"href":"https:\/\/www.europesays.com\/fr\/wp-json\/wp\/v2\/media?parent=496825"}],"wp:term":[{"taxonomy":"category","embeddable":true,"href":"https:\/\/www.europesays.com\/fr\/wp-json\/wp\/v2\/categories?post=496825"},{"taxonomy":"post_tag","embeddable":true,"href":"https:\/\/www.europesays.com\/fr\/wp-json\/wp\/v2\/tags?post=496825"}],"curies":[{"name":"wp","href":"https:\/\/api.w.org\/{rel}","templated":true}]}}