{"id":496827,"date":"2025-10-29T03:37:11","date_gmt":"2025-10-29T03:37:11","guid":{"rendered":"https:\/\/www.europesays.com\/fr\/496827\/"},"modified":"2025-10-29T03:37:11","modified_gmt":"2025-10-29T03:37:11","slug":"municipales-a-paris-je-ferai-campagne-aux-cotes-de-rachida-dati-annonce-sylvain-maillard-le-parisien","status":"publish","type":"post","link":"https:\/\/www.europesays.com\/fr\/496827\/","title":{"rendered":"Municipales \u00e0 Paris : \u00ab Je ferai campagne aux c\u00f4t\u00e9s de Rachida Dati \u00bb, annonce Sylvain Maillard &#8211; Le Parisien"},"content":{"rendered":"<ol>\n<li><a href=\"https:\/\/news.google.com\/rss\/articles\/CBMiigJBVV95cUxQbGFxb3J3aEt6OHUxNDJXMUI1M25objRUWTQwMGRnbGJTeFVEWGsxRDd3OS1mMEhkQkptRF9SQklQY3hXS0QzUjNwbkllVHRzRVBJa1FMcHBaLU4xX2pIQVF4WFg0Ml9zRlhuY3ZRSmtUSnRPTkVWTDJXNm1uZXJOTXROa3JZQ2l0SGc5cjJhd0VQVlJkUDRCd2ZZRlRGUzVYdW9lNTFUUUlTZl84YWxfV1hWUXptY2RNQ1NXUkNULUVHMXg1YkM1N2I5NmM5Tm9ydnJUbmJ6eVJEd1h1QWpXUEY0al9USlZTTjF4aGdvd3YwbzZKQlhmeEVlRkFPWmlUVTk0LVlkZ1ZXUQ?oc=5\" target=\"_blank\" rel=\"nofollow noopener\">Municipales \u00e0 Paris : \u00ab Je ferai campagne aux c\u00f4t\u00e9s de Rachida Dati \u00bb, annonce Sylvain Maillard<\/a>&nbsp;&nbsp;Le Parisien<\/li>\n<li><a href=\"https:\/\/news.google.com\/rss\/articles\/CBMijwJBVV95cUxOSXd4eHV6bHViUzB6T3lsSXVNWWFYVmZ1Uy1rZTZvT0EycFhlQ3NhcVA2SDJXRkc0clIzS2RsSUw2akZTT3ZHbUIzdTVWLXUtMlMwajBiNGdPQ3BPVlJ4bVhxVENpN2hvRG41RFdaYnV4cGlqekZnbW5FUjl4aUkzYW9pS2cyMWt2T2pObDI1MVZxSzF3RFcwSHppd1hvd1JDbjJTU0hNbTBiX25aOVBNOVk0c1M5RmhPM0Z4ckRjdktNaUx4ZUl1WDM1eGl3M2daTXNGMTU0eTBTRFZ4Q2xUZFRHa3ZSRHBvN2FlVERMUS1XVXlpTS1YNlBIMGdXeldwb2VxckJnenNEbHMzWFkw?oc=5\" target=\"_blank\" rel=\"nofollow noopener\">Municipales 2026 : \u00e0 Paris, Renaissance confirme son soutien \u00e0 Pierre-Yves Bournazel au d\u00e9triment de Rachida Dati<\/a>&nbsp;&nbsp;Le Monde.fr<\/li>\n<li><a href=\"https:\/\/news.google.com\/rss\/articles\/CBMi3wFBVV95cUxPSG1kSFBtbUhVTDZ0Q0FYb3g5R3M3V0FSREVQODNQWF96ekdRYkJjSW5JZ1NWX1ZIb2ItWWpvRTNJU01UVHRSdElDR25HbEZVOUpjYWlwWGY1Z2dYaTV4N0lRWHNDakVuR0NpaDgwU0cyZjVTUkF5LXRsUl9vTzRuN3EzZ01OR01FazdpR3FyVTE3ak9aWW5oVWFxQ0ZaRC1FSmJEMVdPaGdETDhNcmMxU1RDVThBMG1xejNWSmZuMmw2YlpZRC1XVnhjVWFjcDRNcFMtQWpuaE0tTU04RDhz?oc=5\" target=\"_blank\" rel=\"nofollow noopener\">Municipale \u00e0 Paris : Rachida Dati \u00e9cart\u00e9e par Renaissance au profit de Pierre-Yves Bournazel<\/a>&nbsp;&nbsp;Portail Orange<\/li>\n<li><a href=\"https:\/\/news.google.com\/rss\/articles\/CBMi_AFBVV95cUxQNUctaHBIM2VDSVhiUEJPUkpETmdzT1hDMFVrcFFvODRhb1o0WXN3Q2xWdGVkLS00REp5OGc2cEtVbHZaUEJDLW5QS1pwSXdaU2JjWG9scGNIY1VPRjFfTnF5eHFSYTByQ1BUOXp4cHd5Ry12eEVZLWt0RlV5cTFBcV9XU1o5VHhEczNtNGJVMnVXTHZrTjhlX3R0ZTk1RElhb2dQaGo0NHM1LUVnNmpiLXo3ZlhYMlNUVWVnNEhDYzlnQTRIQWE5elh6b0NNLUtIOTJpNnpqMzJGY3JxcW9PWTZvYTFySE1tY085czczU3J1ajR0T3F0d1ZRQkU?oc=5\" target=\"_blank\" rel=\"nofollow noopener\">Il se r\u00eavait en \u00ab\u00a0Bertrand Delano\u00eb de droite\u00a0\u00bb: qui est Pierre-Yves Bournazel, le candidat macroniste pour la mairie de Paris?<\/a>&nbsp;&nbsp;BFMTV<\/li>\n<li><a href=\"https:\/\/news.google.com\/rss\/articles\/CBMioAJBVV95cUxNQ2lUdzNNQXV4cnBpckhDYTFIN1dpUzk0Q2Z5aXROYTAzOW9iV0xWb21LLUlHTWI2VVpDR0I4QXlpT0plYXd2MExzaDB3VDFRR0x5V0pWaFhhNi1rQlQyRG1zUTJDTXVUV2xzWHlkSXBrOXhrMUhqZUoyV1h2b0RuSzdEaGZzUVBqeG1PcWJYcnp2SmNfcTJsVDNPcnZha2FTbklZY2M1UUdNdlNaMTRVbVphTFlSRHVTTm55Yk1CVUZCLWF2MzY0Qk5WVEY5OWUtaG9BNWMycFIyOVZEOHphYXpROThkcG1wZjMtNm5hQWZKcTFxMUtVSWpfaE5kVmNKWElueXhvcnZCbmxfSlpmdFdVNnV3V1F0U05od3BvTmw?oc=5\" target=\"_blank\" rel=\"nofollow noopener\">Pierre-Yves Bournazel, candidat soutenu par Renaissance aux municipales \u00e0 Paris : \u00ab Je vais bousculer le match<\/a>&nbsp;&nbsp;Le Parisien<\/li>\n<\/ol>\n","protected":false},"excerpt":{"rendered":"Municipales \u00e0 Paris : \u00ab Je ferai campagne aux c\u00f4t\u00e9s de Rachida Dati \u00bb, annonce Sylvain Maillard&nbsp;&nbsp;Le Parisien&hellip;\n","protected":false},"author":2,"featured_media":496828,"comment_status":"","ping_status":"","sticky":false,"template":"","format":"standard","meta":{"footnotes":""},"categories":[2],"tags":[11,5949,1011,27,3554,12,316],"class_list":{"0":"post-496827","1":"post","2":"type-post","3":"status-publish","4":"format-standard","5":"has-post-thumbnail","7":"category-actualites","8":"tag-actualites","9":"tag-elections","10":"tag-fr","11":"tag-france","12":"tag-municipales","13":"tag-news","14":"tag-politique"},"share_on_mastodon":{"url":"https:\/\/pubeurope.com\/@fr\/115455370410866210","error":""},"_links":{"self":[{"href":"https:\/\/www.europesays.com\/fr\/wp-json\/wp\/v2\/posts\/496827","targetHints":{"allow":["GET"]}}],"collection":[{"href":"https:\/\/www.europesays.com\/fr\/wp-json\/wp\/v2\/posts"}],"about":[{"href":"https:\/\/www.europesays.com\/fr\/wp-json\/wp\/v2\/types\/post"}],"author":[{"embeddable":true,"href":"https:\/\/www.europesays.com\/fr\/wp-json\/wp\/v2\/users\/2"}],"replies":[{"embeddable":true,"href":"https:\/\/www.europesays.com\/fr\/wp-json\/wp\/v2\/comments?post=496827"}],"version-history":[{"count":0,"href":"https:\/\/www.europesays.com\/fr\/wp-json\/wp\/v2\/posts\/496827\/revisions"}],"wp:featuredmedia":[{"embeddable":true,"href":"https:\/\/www.europesays.com\/fr\/wp-json\/wp\/v2\/media\/496828"}],"wp:attachment":[{"href":"https:\/\/www.europesays.com\/fr\/wp-json\/wp\/v2\/media?parent=496827"}],"wp:term":[{"taxonomy":"category","embeddable":true,"href":"https:\/\/www.europesays.com\/fr\/wp-json\/wp\/v2\/categories?post=496827"},{"taxonomy":"post_tag","embeddable":true,"href":"https:\/\/www.europesays.com\/fr\/wp-json\/wp\/v2\/tags?post=496827"}],"curies":[{"name":"wp","href":"https:\/\/api.w.org\/{rel}","templated":true}]}}