{"id":496831,"date":"2025-10-29T03:41:14","date_gmt":"2025-10-29T03:41:14","guid":{"rendered":"https:\/\/www.europesays.com\/fr\/496831\/"},"modified":"2025-10-29T03:41:14","modified_gmt":"2025-10-29T03:41:14","slug":"moi-henri-wetzstein-sapeur-de-la-grande-guerre","status":"publish","type":"post","link":"https:\/\/www.europesays.com\/fr\/496831\/","title":{"rendered":"Moi, Henri Wetzstein, sapeur de la Grande Guerre"},"content":{"rendered":"<p>En 1914, Henri Wetzstein a 20 ans. R\u00e9sidant \u00e0 Nancy, il est, d\u00e8s la mobilisation, sergent au 10e R\u00e9giment du G\u00e9nie \u00e0 Toul. Sapeur, ses premi\u00e8res actions consistent \u00e0 conforter la s\u00e9curit\u00e9 du fort de Villey-Saint-\u00c9tienne puis, au gr\u00e9 des \u00e9v\u00e9nements et des d\u00e9placements de son unit\u00e9, on le retrouve au Bois-le-Pr\u00eatre \u00e0 Verdun, sur la butte de Vauquois dans la Somme, et m\u00eame en Italie dans le corps exp\u00e9ditionnaire fran\u00e7ais d\u2019octobre\u00a01917 \u00e0 mars\u00a01918. En juillet\u00a01961, alors contraint de \u00ab\u00a0garder la chambre\u00a0\u00bb, il r\u00e9dige ses m\u00e9moires. Sa petite-fille les confie en 2015 \u00e0 Philippe Bruant qui les commentera en les contextualisant. Ces t\u00e9moignages, trouv\u00e9s en 2015 dans une maison de Laxou, donnent des informations in\u00e9dites sur ce qu\u2019ont v\u00e9cu les soldats de 1914 \u00e0 1918.<\/p>\n<p class=\"note\">Jeudi 13\u00a0novembre \u00e0 17\u00a0h. Universit\u00e9 Populaire du Cercle du Travail 1bis, rue Drouin &#8211; Porte Saint-Georges \u00e0 Nancy.<\/p>\n","protected":false},"excerpt":{"rendered":"En 1914, Henri Wetzstein a 20 ans. R\u00e9sidant \u00e0 Nancy, il est, d\u00e8s la mobilisation, sergent au 10e&hellip;\n","protected":false},"author":2,"featured_media":496832,"comment_status":"","ping_status":"","sticky":false,"template":"","format":"standard","meta":{"footnotes":""},"categories":[9635],"tags":[1111,11,6211,1687,1704,1777,674,1011,27,775,1702,1703,12,5486,25],"class_list":{"0":"post-496831","1":"post","2":"type-post","3":"status-publish","4":"format-standard","5":"has-post-thumbnail","7":"category-nancy","8":"tag-actu","9":"tag-actualites","10":"tag-conference","11":"tag-culture-loisirs","12":"tag-edition-nancy-et-agglomeration","13":"tag-eu","14":"tag-europe","15":"tag-fr","16":"tag-france","17":"tag-grand-est","18":"tag-nancy","19":"tag-nancy-ville-54b","20":"tag-news","21":"tag-rencontre","22":"tag-republique-francaise"},"share_on_mastodon":{"url":"https:\/\/pubeurope.com\/@fr\/115455386443100396","error":""},"_links":{"self":[{"href":"https:\/\/www.europesays.com\/fr\/wp-json\/wp\/v2\/posts\/496831","targetHints":{"allow":["GET"]}}],"collection":[{"href":"https:\/\/www.europesays.com\/fr\/wp-json\/wp\/v2\/posts"}],"about":[{"href":"https:\/\/www.europesays.com\/fr\/wp-json\/wp\/v2\/types\/post"}],"author":[{"embeddable":true,"href":"https:\/\/www.europesays.com\/fr\/wp-json\/wp\/v2\/users\/2"}],"replies":[{"embeddable":true,"href":"https:\/\/www.europesays.com\/fr\/wp-json\/wp\/v2\/comments?post=496831"}],"version-history":[{"count":0,"href":"https:\/\/www.europesays.com\/fr\/wp-json\/wp\/v2\/posts\/496831\/revisions"}],"wp:featuredmedia":[{"embeddable":true,"href":"https:\/\/www.europesays.com\/fr\/wp-json\/wp\/v2\/media\/496832"}],"wp:attachment":[{"href":"https:\/\/www.europesays.com\/fr\/wp-json\/wp\/v2\/media?parent=496831"}],"wp:term":[{"taxonomy":"category","embeddable":true,"href":"https:\/\/www.europesays.com\/fr\/wp-json\/wp\/v2\/categories?post=496831"},{"taxonomy":"post_tag","embeddable":true,"href":"https:\/\/www.europesays.com\/fr\/wp-json\/wp\/v2\/tags?post=496831"}],"curies":[{"name":"wp","href":"https:\/\/api.w.org\/{rel}","templated":true}]}}