{"id":496843,"date":"2025-10-29T03:48:30","date_gmt":"2025-10-29T03:48:30","guid":{"rendered":"https:\/\/www.europesays.com\/fr\/496843\/"},"modified":"2025-10-29T03:48:30","modified_gmt":"2025-10-29T03:48:30","slug":"course-poursuite-avec-une-voiture-volee-le-fuyard-percute-un-vehicule-de-police","status":"publish","type":"post","link":"https:\/\/www.europesays.com\/fr\/496843\/","title":{"rendered":"course-poursuite avec une voiture vol\u00e9e, le fuyard percute un v\u00e9hicule de police"},"content":{"rendered":"<p>\t\t\t\t\t 23h50 cette nuit de lundi \u00e0 mardi : un \u00e9quipage de police rep\u00e8re une voiture signal\u00e9e vol\u00e9e qui circule route de Dieppe, dans le sens Maromme\u2013Rouen. \u00c0 la vue des policiers, le conducteur refuse de s&rsquo;arr\u00eater et s&rsquo;enfuit alors une fuite \u00e0 vive allure, empruntant successivement les rues du 8-Mai et de la R\u00e9publique, grillant plusieurs feux rouges.  <\/p>\n<p>Le fuyard poursuit sa route en direction du pont Flaubert, puis bifurque vers le terminus du TEOR en roulant sur la voie de bus, o\u00f9 des pi\u00e9tons attendent \u00e0 un arr\u00eat de bus. Il zigzague et emp\u00eache les policiers de le d\u00e9passer. Il prend ensuite la rue Pasteur et atteint le quai Gaston-Boulet, puis prend la direction de Maromme.\n\t\t\t\t <\/p>\n","protected":false},"excerpt":{"rendered":"23h50 cette nuit de lundi \u00e0 mardi : un \u00e9quipage de police rep\u00e8re une voiture signal\u00e9e vol\u00e9e qui&hellip;\n","protected":false},"author":2,"featured_media":496844,"comment_status":"","ping_status":"","sticky":false,"template":"","format":"standard","meta":{"footnotes":""},"categories":[9587],"tags":[119,1111,11,1067,1777,674,118,1011,27,12,5161,1072,25,9590,5163],"class_list":{"0":"post-496843","1":"post","2":"type-post","3":"status-publish","4":"format-standard","5":"has-post-thumbnail","7":"category-rouen","8":"tag-accident","9":"tag-actu","10":"tag-actualites","11":"tag-enquete","12":"tag-eu","13":"tag-europe","14":"tag-faits-divers","15":"tag-fr","16":"tag-france","17":"tag-news","18":"tag-normandie","19":"tag-police","20":"tag-republique-francaise","21":"tag-rouen","22":"tag-seine-maritime"},"share_on_mastodon":{"url":"https:\/\/pubeurope.com\/@fr\/115455413687553403","error":""},"_links":{"self":[{"href":"https:\/\/www.europesays.com\/fr\/wp-json\/wp\/v2\/posts\/496843","targetHints":{"allow":["GET"]}}],"collection":[{"href":"https:\/\/www.europesays.com\/fr\/wp-json\/wp\/v2\/posts"}],"about":[{"href":"https:\/\/www.europesays.com\/fr\/wp-json\/wp\/v2\/types\/post"}],"author":[{"embeddable":true,"href":"https:\/\/www.europesays.com\/fr\/wp-json\/wp\/v2\/users\/2"}],"replies":[{"embeddable":true,"href":"https:\/\/www.europesays.com\/fr\/wp-json\/wp\/v2\/comments?post=496843"}],"version-history":[{"count":0,"href":"https:\/\/www.europesays.com\/fr\/wp-json\/wp\/v2\/posts\/496843\/revisions"}],"wp:featuredmedia":[{"embeddable":true,"href":"https:\/\/www.europesays.com\/fr\/wp-json\/wp\/v2\/media\/496844"}],"wp:attachment":[{"href":"https:\/\/www.europesays.com\/fr\/wp-json\/wp\/v2\/media?parent=496843"}],"wp:term":[{"taxonomy":"category","embeddable":true,"href":"https:\/\/www.europesays.com\/fr\/wp-json\/wp\/v2\/categories?post=496843"},{"taxonomy":"post_tag","embeddable":true,"href":"https:\/\/www.europesays.com\/fr\/wp-json\/wp\/v2\/tags?post=496843"}],"curies":[{"name":"wp","href":"https:\/\/api.w.org\/{rel}","templated":true}]}}