{"id":496847,"date":"2025-10-29T03:51:20","date_gmt":"2025-10-29T03:51:20","guid":{"rendered":"https:\/\/www.europesays.com\/fr\/496847\/"},"modified":"2025-10-29T03:51:20","modified_gmt":"2025-10-29T03:51:20","slug":"un-delire-pres-de-rennes-la-course-en-slip-fait-son-retour-samedi-1er-novembre","status":"publish","type":"post","link":"https:\/\/www.europesays.com\/fr\/496847\/","title":{"rendered":"\u00ab\u00a0Un d\u00e9lire\u00a0\u00bb\u00a0: pr\u00e8s de Rennes, la course en slip fait son retour samedi 1er\u00a0novembre ."},"content":{"rendered":"<p>Samedi\u00a01er et dimanche 2\u00a0novembre 2025, l\u2019association Jogging loisirs Org\u00e8res, JLO, (Ille-et-Vilaine) organise son week-end de courses \u00e0 pied.<a href=\"https:\/\/rennes.maville.com\/sport\/detail_--on-n-avait-jamais-vu-ca-c-est-deja-complet-pour-la-course-en-slip-pres-de-rennes-_7-6970452_actu.Htm\" target=\"_blank\" rel=\"noopener\"> Avec notamment la \u00ab\u00a0d\u00e9lire\u00a0\u00bb course en slip mais aussi des trails de 10 \u00e0 26\u00a0km. On fait le point avec Jules Gudrun, pr\u00e9sident de JLO.<\/a><\/p>\n<p>La belle d\u2019Org\u00e8res c\u2019est quoi\u00a0?<\/p>\n<p>Organis\u00e9 par l\u2019association Jogging loisirs Org\u00e8res, le Trail de la Belle d\u2019Org\u00e8res propose chaque ann\u00e9e un week-end complet de courses pour tous les \u00e2ges et tous les niveaux. L\u2019\u00e9v\u00e9nement se distingue par son ambiance conviviale, ses parcours vari\u00e9s et son engagement solidaire. Avec un but\u00a0: pour chaque inscription, 2\u00a0\u20ac sont revers\u00e9s \u00e0 l\u2019Institut Curie et \u00e0 l\u2019association Loisirs Pluriel.<\/p>\n<p>C<strong>omment expliquer le succ\u00e8s de la course en slip et d\u2019o\u00f9 vient cette id\u00e9e\u00a0?<\/strong><\/p>\n<p>La d\u00e9sormais c\u00e9l\u00e8bre Slip Run, course de 3\u00a0km r\u00e9serv\u00e9e aux adultes, est n\u00e9e en 2023 d\u2019un simple d\u00e9lire entre b\u00e9n\u00e9voles. L\u2019id\u00e9e \u00e9tait de cr\u00e9er une animation d\u00e9cal\u00e9e avant les trails nocturnes du samedi soir. Le concept a imm\u00e9diatement s\u00e9duit\u00a0: d\u00e9guisements, humour, second degr\u00e9\u2026 Et slips obligatoires. En 2024, malgr\u00e9 la pluie, plus de 60\u00a0personnes ont couru dans les rues d\u2019Org\u00e8res. L\u2019\u00e9v\u00e9nement festif et bon enfant attire autant les coureurs que les spectateurs et donne une visibilit\u00e9 nationale \u00e0 l\u2019ensemble du trail.<\/p>\n<p>Quelles sont les autres \u00e9preuves organis\u00e9es ce week-end\u00a0?<\/p>\n<p>Le programme du week-end est riche et adapt\u00e9 \u00e0 tous. Cela va des courses enfants \u00e0 un trail de 26\u00a0km.<\/p>\n<p><strong>La belle d\u2019Org\u00e8res\u00a0:<\/strong> samedi 1er\u00a0novembre \u00e0 partir de 16\u00a0h et dimanche 2\u00a0novembre \u00e0 partir de 9\u00a0h. D\u00e9part du terrain des sports. Samedi 1er\u00a0novembre\u00a0: Courses enfants, Slip Run et trails nocturnes de 15\u00a0km et 10\u00a0km dimanche 2\u00a0novembre\u00a0: Trail court de 26\u00a0km, trail d\u00e9couverte de 15\u00a0km et marche nature de 10\u00a0km. Pour les plus motiv\u00e9s, des d\u00e9fis combin\u00e9s sont propos\u00e9s\u00a0: 10\u00a0km le samedi et 15 ou 26\u00a0km le dimanche.<\/p>\n<p>\u00a0<\/p>\n","protected":false},"excerpt":{"rendered":"Samedi\u00a01er et dimanche 2\u00a0novembre 2025, l\u2019association Jogging loisirs Org\u00e8res, JLO, (Ille-et-Vilaine) organise son week-end de courses \u00e0 pied.&hellip;\n","protected":false},"author":2,"featured_media":496848,"comment_status":"","ping_status":"","sticky":false,"template":"","format":"standard","meta":{"footnotes":""},"categories":[2821],"tags":[1111,11,3809,1465,829,1777,674,63,1011,27,1792,1922,12,3086,584,25,479,517,1470],"class_list":{"0":"post-496847","1":"post","2":"type-post","3":"status-publish","4":"format-standard","5":"has-post-thumbnail","7":"category-rennes","8":"tag-actu","9":"tag-actualites","10":"tag-ball","11":"tag-basket","12":"tag-bretagne","13":"tag-eu","14":"tag-europe","15":"tag-football","16":"tag-fr","17":"tag-france","18":"tag-handball","19":"tag-info","20":"tag-news","21":"tag-redon","22":"tag-rennes","23":"tag-republique-francaise","24":"tag-rugby","25":"tag-sport","26":"tag-volley"},"share_on_mastodon":{"url":"https:\/\/pubeurope.com\/@fr\/115455425476192322","error":""},"_links":{"self":[{"href":"https:\/\/www.europesays.com\/fr\/wp-json\/wp\/v2\/posts\/496847","targetHints":{"allow":["GET"]}}],"collection":[{"href":"https:\/\/www.europesays.com\/fr\/wp-json\/wp\/v2\/posts"}],"about":[{"href":"https:\/\/www.europesays.com\/fr\/wp-json\/wp\/v2\/types\/post"}],"author":[{"embeddable":true,"href":"https:\/\/www.europesays.com\/fr\/wp-json\/wp\/v2\/users\/2"}],"replies":[{"embeddable":true,"href":"https:\/\/www.europesays.com\/fr\/wp-json\/wp\/v2\/comments?post=496847"}],"version-history":[{"count":0,"href":"https:\/\/www.europesays.com\/fr\/wp-json\/wp\/v2\/posts\/496847\/revisions"}],"wp:featuredmedia":[{"embeddable":true,"href":"https:\/\/www.europesays.com\/fr\/wp-json\/wp\/v2\/media\/496848"}],"wp:attachment":[{"href":"https:\/\/www.europesays.com\/fr\/wp-json\/wp\/v2\/media?parent=496847"}],"wp:term":[{"taxonomy":"category","embeddable":true,"href":"https:\/\/www.europesays.com\/fr\/wp-json\/wp\/v2\/categories?post=496847"},{"taxonomy":"post_tag","embeddable":true,"href":"https:\/\/www.europesays.com\/fr\/wp-json\/wp\/v2\/tags?post=496847"}],"curies":[{"name":"wp","href":"https:\/\/api.w.org\/{rel}","templated":true}]}}