{"id":496849,"date":"2025-10-29T03:52:32","date_gmt":"2025-10-29T03:52:32","guid":{"rendered":"https:\/\/www.europesays.com\/fr\/496849\/"},"modified":"2025-10-29T03:52:32","modified_gmt":"2025-10-29T03:52:32","slug":"comment-les-demineurs-sont-intervenus-pour-mettre-fin-a-lalerte","status":"publish","type":"post","link":"https:\/\/www.europesays.com\/fr\/496849\/","title":{"rendered":"comment les d\u00e9mineurs sont intervenus pour mettre fin \u00e0 l&rsquo;alerte"},"content":{"rendered":"<p>            Par<br \/>\n        <strong><br \/>\n            <a href=\"https:\/\/actu.fr\/auteur\/brian-legoff\" title=\"Consulter tous les articles de Brian Le Goff\" target=\"_blank\" rel=\"noopener\">Brian Le Goff<\/a><br \/>\n        <\/strong><\/p>\n<p>        Publi\u00e9 le<\/p>\n<p>            28 oct. 2025 \u00e0 17h16        <\/p>\n<p>L\u2019alerte a \u00e9t\u00e9 donn\u00e9e<strong> juste avant 13h, mardi 28\u00a0octobre<\/strong> \u00e0 Rennes. Un <a href=\"https:\/\/actu.fr\/bretagne\/rennes_35238\/rennes-decouverte-d-un-colis-suspect-sur-la-ligne-a-une-station-fermee-le-trafic-va-etre-interrompu_63361570.html\" target=\"_blank\" rel=\"noopener\">colis suspect a en effet \u00e9t\u00e9 d\u00e9tect\u00e9 dans la station de m\u00e9tro R\u00e9publique<\/a>. Tr\u00e8s rapidement, un dispositif de s\u00e9curit\u00e9 a \u00e9t\u00e9 mis en place et la <strong>station a \u00e9t\u00e9 ferm\u00e9e<\/strong> dans l\u2019attente de l\u2019arriv\u00e9e des d\u00e9mineurs, venus de Nantes.<\/p>\n<p>Voici comment ils ont proc\u00e9d\u00e9 pour \u00e9carter le danger<\/p>\n<p class=\" wall-content\">Si la station de m\u00e9tro \u00e9tait d\u00e9sert\u00e9e, les <strong>rames continuaient \u00e0 circuler,<\/strong> mais aucun arr\u00eat ne s\u2019effectuait \u00e0 R\u00e9publique. Les passagers devaient descendre aux stations en amont ou en aval, soit celles de Charles-de-Gaulle et Sainte-Anne.<\/p>\n<p class=\" wall-content\">Cette situation a<strong> dur\u00e9 jusqu\u2019\u00e0 14h30<\/strong>. Apr\u00e8s une heure et demie de route, les <strong>d\u00e9mineurs sont arriv\u00e9s sur les lieux<\/strong>. Ils sont intervenus pour v\u00e9rifier le contenu du colis suspect, explique la police \u00e0 <a href=\"https:\/\/actu.fr\/rennes\/\" target=\"_blank\" rel=\"noopener\">actu Rennes<\/a>. La <strong>circulation du m\u00e9tro a \u00e9t\u00e9 interrompue<\/strong> d\u00e8s lors.<\/p>\n<blockquote class=\"ac-article-quote wall-content\">\n<p>Un d\u00e9mineur, \u00e9quip\u00e9 de protections sp\u00e9cifiques, est venu au plus proche du bagage et a utilis\u00e9 une sorte de scanner aux rayons X afin d&rsquo;observer sans toucher le contenu de la valise. Tr\u00e8s rapidement, le danger a \u00e9t\u00e9 \u00e9cart\u00e9.<\/p>\n<p>    <strong>Police de Rennes<\/strong>\n            <\/p><\/blockquote>\n<p class=\" wall-content\">Le <strong>colis suspect <\/strong>a donc \u00e9t\u00e9 <strong>pris en charge<\/strong> par le d\u00e9mineur.<\/p>\n<p class=\" wall-content\"><strong>Vers 15h15<\/strong>, le <a href=\"https:\/\/actu.fr\/tag\/reseau-star\" target=\"_blank\" rel=\"noopener\">r\u00e9seau Star<\/a> annon\u00e7ait la <strong>reprise du trafic de la ligne A<\/strong> du m\u00e9tro. La station a \u00e9galement rouvert.<\/p>\n<p class=\" wall-content\">Personnalisez votre actualit\u00e9 en ajoutant vos villes et m\u00e9dias en favori avec <a href=\"https:\/\/moncompte.actu.fr\" title=\"D\u00e9couvez Mon Actu\" rel=\"nofollow noopener\" data-trk=\"{&quot;cta&quot;:{&quot;action&quot;:&quot;https:\\\/\\\/moncompte.actu.fr&quot;,&quot;category&quot;:&quot;mon compte&quot;,&quot;from&quot;:&quot;article footer&quot;,&quot;name&quot;:&quot;Mon actu&quot;,&quot;type&quot;:&quot;cta&quot;}}\" target=\"_blank\">Mon Actu<\/a>.<\/p>\n","protected":false},"excerpt":{"rendered":"Par Brian Le Goff Publi\u00e9 le 28 oct. 2025 \u00e0 17h16 L\u2019alerte a \u00e9t\u00e9 donn\u00e9e juste avant 13h,&hellip;\n","protected":false},"author":2,"featured_media":218873,"comment_status":"","ping_status":"","sticky":false,"template":"","format":"standard","meta":{"footnotes":""},"categories":[2821],"tags":[1111,11,898,829,1777,674,118,1011,27,5000,12,584,25,5001],"class_list":{"0":"post-496849","1":"post","2":"type-post","3":"status-publish","4":"format-standard","5":"has-post-thumbnail","7":"category-rennes","8":"tag-actu","9":"tag-actualites","10":"tag-alerte","11":"tag-bretagne","12":"tag-eu","13":"tag-europe","14":"tag-faits-divers","15":"tag-fr","16":"tag-france","17":"tag-metro-de-rennes","18":"tag-news","19":"tag-rennes","20":"tag-republique-francaise","21":"tag-reseau-star"},"share_on_mastodon":{"url":"https:\/\/pubeurope.com\/@fr\/115455429433161654","error":""},"_links":{"self":[{"href":"https:\/\/www.europesays.com\/fr\/wp-json\/wp\/v2\/posts\/496849","targetHints":{"allow":["GET"]}}],"collection":[{"href":"https:\/\/www.europesays.com\/fr\/wp-json\/wp\/v2\/posts"}],"about":[{"href":"https:\/\/www.europesays.com\/fr\/wp-json\/wp\/v2\/types\/post"}],"author":[{"embeddable":true,"href":"https:\/\/www.europesays.com\/fr\/wp-json\/wp\/v2\/users\/2"}],"replies":[{"embeddable":true,"href":"https:\/\/www.europesays.com\/fr\/wp-json\/wp\/v2\/comments?post=496849"}],"version-history":[{"count":0,"href":"https:\/\/www.europesays.com\/fr\/wp-json\/wp\/v2\/posts\/496849\/revisions"}],"wp:featuredmedia":[{"embeddable":true,"href":"https:\/\/www.europesays.com\/fr\/wp-json\/wp\/v2\/media\/218873"}],"wp:attachment":[{"href":"https:\/\/www.europesays.com\/fr\/wp-json\/wp\/v2\/media?parent=496849"}],"wp:term":[{"taxonomy":"category","embeddable":true,"href":"https:\/\/www.europesays.com\/fr\/wp-json\/wp\/v2\/categories?post=496849"},{"taxonomy":"post_tag","embeddable":true,"href":"https:\/\/www.europesays.com\/fr\/wp-json\/wp\/v2\/tags?post=496849"}],"curies":[{"name":"wp","href":"https:\/\/api.w.org\/{rel}","templated":true}]}}