{"id":496854,"date":"2025-10-29T03:55:23","date_gmt":"2025-10-29T03:55:23","guid":{"rendered":"https:\/\/www.europesays.com\/fr\/496854\/"},"modified":"2025-10-29T03:55:23","modified_gmt":"2025-10-29T03:55:23","slug":"rixe-au-couteau-a-nice-un-mineur-mis-en-examen-pour-tentative-de-meurtre-et-incarcere","status":"publish","type":"post","link":"https:\/\/www.europesays.com\/fr\/496854\/","title":{"rendered":"Rixe au couteau \u00e0 Nice\u00a0: un mineur mis en examen pour tentative de meurtre et incarc\u00e9r\u00e9"},"content":{"rendered":"<p>Apr\u00e8s <a href=\"https:\/\/antibes.maville.com\/actu\/actudet_-un-jeune-homme-agresse-au-couteau-a-nice-sept-suspects-en-garde-a-vue-_9580-7038764_actu.Htm\" target=\"_self\" rel=\"nofollow noopener\">la\u00a0violente agression survenue \u00e0 Nice (Alpes-Maritimes), dans la nuit de\u00a0vendredi\u00a024 \u00e0 samedi 25\u00a0octobre 2025<\/a>, cinq personnes ont \u00e9t\u00e9 d\u00e9f\u00e9r\u00e9es devant la justice, dimanche 26\u00a0octobre.\u00a0Elles sont toutes mineures, n\u00e9es en 2008, rapporte <a href=\"https:\/\/www.bfmtv.com\/cote-d-azur\/faits-divers\/un-homme-de-26-ans-gravement-blesse-au-couteau-a-nice-7-personnes-interpellees_AN-202510250224.html\" target=\"_blank\" rel=\"nofollow noopener\"> BFM C\u00f4te d&rsquo;Azur <\/a>.<\/p>\n<p>La nuit des faits, une rixe a \u00e9clat\u00e9 dans le quartier du Vieux-Nice. Un jeune homme de 26\u00a0ans a \u00e9t\u00e9 poignard\u00e9 \u00e0 plusieurs reprises. Rapidement, les forces de l\u2019ordre ont interpell\u00e9 et plac\u00e9 en garde \u00e0 vue sept personnes.<\/p>\n<p>\u00ab\u00a0Un motif futile\u00a0\u00bb<\/p>\n<p>Le procureur de la R\u00e9publique de Nice a indiqu\u00e9 \u00e0 nos confr\u00e8res qu\u2019une altercation a \u00e9clat\u00e9 entre <strong>\u00ab\u00a0deux groupes pour un motif futile\u00a0\u00bb.<\/strong> Un individu a alors sorti un couteau et ass\u00e9n\u00e9 plusieurs coups \u00e0 la victime. Cette derni\u00e8re, gri\u00e8vement bless\u00e9e au thorax et au cou, a \u00e9t\u00e9 hospitalis\u00e9e en urgence. Son pronostic vital n\u2019\u00e9tait pas engag\u00e9 au moment de son transfert.<\/p>\n<p>Une information\u00a0judiciaire des chefs de violences en r\u00e9union et de tentative d\u2019homicide\u00a0a \u00e9t\u00e9 ouverte. Quatre adolescents ont \u00e9t\u00e9 mis en examen pour violences en r\u00e9union, indique <a href=\"https:\/\/france3-regions.franceinfo.fr\/provence-alpes-cote-d-azur\/alpes-maritimes\/nice\/un-jeune-mineur-incarcere-apres-la-rixe-de-samedi-soir-dans-le-vieux-nice-3239758.html\" target=\"_blank\" rel=\"nofollow noopener\"> France 3\u00a0Provence-Alpes-C\u00f4te d&rsquo;Azur <\/a>. Ils ont \u00e9t\u00e9 plac\u00e9s sous contr\u00f4le judiciaire.<\/p>\n<p>L\u2019auteur pr\u00e9sum\u00e9 des coups de couteau a \u00e9t\u00e9 mis en examen pour tentative de meurtre. Il a \u00e9t\u00e9 plac\u00e9 en d\u00e9tention provisoire.<\/p>\n<p>\u00a0<\/p>\n","protected":false},"excerpt":{"rendered":"Apr\u00e8s la\u00a0violente agression survenue \u00e0 Nice (Alpes-Maritimes), dans la nuit de\u00a0vendredi\u00a024 \u00e0 samedi 25\u00a0octobre 2025, cinq personnes ont&hellip;\n","protected":false},"author":2,"featured_media":496855,"comment_status":"","ping_status":"","sticky":false,"template":"","format":"standard","meta":{"footnotes":""},"categories":[2819],"tags":[1111,11,5264,1777,674,5061,1011,27,9958,16507,777,1123,18360,12,2401,882,25,5510,7451],"class_list":{"0":"post-496854","1":"post","2":"type-post","3":"status-publish","4":"format-standard","5":"has-post-thumbnail","7":"category-nice","8":"tag-actu","9":"tag-actualites","10":"tag-couteau","11":"tag-eu","12":"tag-europe","13":"tag-examen","14":"tag-fr","15":"tag-france","16":"tag-hyeres","17":"tag-incarcere","18":"tag-meurtre","19":"tag-mineur","20":"tag-mis","21":"tag-news","22":"tag-nice","23":"tag-provence-alpes-cote-dazur","24":"tag-republique-francaise","25":"tag-rixe","26":"tag-tentative"},"share_on_mastodon":{"url":"https:\/\/pubeurope.com\/@fr\/115455441212029836","error":""},"_links":{"self":[{"href":"https:\/\/www.europesays.com\/fr\/wp-json\/wp\/v2\/posts\/496854","targetHints":{"allow":["GET"]}}],"collection":[{"href":"https:\/\/www.europesays.com\/fr\/wp-json\/wp\/v2\/posts"}],"about":[{"href":"https:\/\/www.europesays.com\/fr\/wp-json\/wp\/v2\/types\/post"}],"author":[{"embeddable":true,"href":"https:\/\/www.europesays.com\/fr\/wp-json\/wp\/v2\/users\/2"}],"replies":[{"embeddable":true,"href":"https:\/\/www.europesays.com\/fr\/wp-json\/wp\/v2\/comments?post=496854"}],"version-history":[{"count":0,"href":"https:\/\/www.europesays.com\/fr\/wp-json\/wp\/v2\/posts\/496854\/revisions"}],"wp:featuredmedia":[{"embeddable":true,"href":"https:\/\/www.europesays.com\/fr\/wp-json\/wp\/v2\/media\/496855"}],"wp:attachment":[{"href":"https:\/\/www.europesays.com\/fr\/wp-json\/wp\/v2\/media?parent=496854"}],"wp:term":[{"taxonomy":"category","embeddable":true,"href":"https:\/\/www.europesays.com\/fr\/wp-json\/wp\/v2\/categories?post=496854"},{"taxonomy":"post_tag","embeddable":true,"href":"https:\/\/www.europesays.com\/fr\/wp-json\/wp\/v2\/tags?post=496854"}],"curies":[{"name":"wp","href":"https:\/\/api.w.org\/{rel}","templated":true}]}}