{"id":496858,"date":"2025-10-29T03:57:29","date_gmt":"2025-10-29T03:57:29","guid":{"rendered":"https:\/\/www.europesays.com\/fr\/496858\/"},"modified":"2025-10-29T03:57:29","modified_gmt":"2025-10-29T03:57:29","slug":"astereotypie-combat-les-cliches-et-mise-sur-linclusion","status":"publish","type":"post","link":"https:\/\/www.europesays.com\/fr\/496858\/","title":{"rendered":"Ast\u00e9r\u00e9otypie combat les clich\u00e9s et mise sur l\u2019inclusion"},"content":{"rendered":"<p>Le groupe le plus singulier du moment. Voil\u00e0 bien la formule qui ne cesse de revenir sous la plume des chroniqueurs musicaux d\u00e8s qu\u2019il s\u2019agit d\u2019\u00e9voquer Ast\u00e9r\u00e9otypie. L\u2019amusant est que la formule n\u2019a rien perdu de son actualit\u00e9 \u00e0 ceci pr\u00e8s que ledit moment dure depuis bient\u00f4t 15\u00a0ans. <br \/>C\u2019est en effet en 2010, \u00e0 l\u2019issue d\u2019un atelier d\u2019\u00e9criture et de po\u00e9sie pour personnes autistes, que ce collectif, sous l\u2019impulsion de Christophe L\u2019Huillier, se cr\u00e9e. Le pari\u00a0? D\u00e9passer la sph\u00e8re et les clich\u00e9s r\u00e9ducteurs du handicap et d\u00e9montrer que l\u2019inclusion par la cr\u00e9ation artistique n\u2019\u00e9tait pas un vain mot.<\/p>\n<p>Bient\u00f4t la Cigale<\/p>\n<p>Pari amplement tenu puisque depuis Claire, Yohann, Stan, Aur\u00e9lien, F\u00e9lix et leurs fid\u00e8les musiciens enchantent les sc\u00e8nes de France, de Suisse et de Belgique avec leur loufoquerie joyeusement assum\u00e9e, leur po\u00e9sie spontan\u00e9e et leurs rythmes accrocheurs.<\/p>\n<p>Chouchou absolu des plus grands festivals (Transmusicales, Rock en Seine\u2026), le groupe qui est actuellement en tourn\u00e9e, passera d\u2019ailleurs bient\u00f4t, apr\u00e8s son escale nantaise, \u00e0 la Cigale.<\/p>\n<p>Les aficionados se r\u00e9jouiront \u00e9galement de la sortie de Patami, leur tout nouvel album. Cocktail survitamin\u00e9 d\u2019accords garage, voire post punk, et d\u2019humour surr\u00e9aliste, ce nouvel opus ne manquera pas, une fois de plus, d\u2019\u00e9tonner.<\/p>\n<p><strong>Un terme \u00e0 la guerre des sexes<\/strong><\/p>\n<p>Toujours ma\u00eetres absolus de la formule aussi d\u00e9sarmante qu\u2019imparable, Jean-Claude Van Damme a du souci \u00e0 se faire, les po\u00e8tes inspir\u00e9s ass\u00e8nent des aphorismes d\u00e9finitifs sur l\u2019alimentation des orques ou communiquent, via le titre Cheese girl, leur vision toute personnelle de la guerre des sexes et les \u00e9ventuelles solutions \u00e0 y apporter. D\u00e9cid\u00e9ment si aucun mec ne ressemble \u00e0 Brad Pitt dans le Dr\u00f4me (leur pr\u00e9c\u00e9dent hit), force est de constater qu\u2019aucun groupe ne ressemble \u00e0 Ast\u00e9r\u00e9otypie dans le monde.<\/p>\n<p><a href=\"https:\/\/stereolux.org\/agenda\/astereotypie\" target=\"_blank\" rel=\"nofollow noopener\">Ast\u00e9r\u00e9otypie en concert \u00e0 Stereolux<\/a>, le 30\u00a0octobre \u00e0 20\u00a0h. Tarifs\u00a0: de 20 \u00e0 27\u00a0\u20ac.<\/p>\n<p>\u00a0<\/p>\n","protected":false},"excerpt":{"rendered":"Le groupe le plus singulier du moment. Voil\u00e0 bien la formule qui ne cesse de revenir sous la&hellip;\n","protected":false},"author":2,"featured_media":496859,"comment_status":"","ping_status":"","sticky":false,"template":"","format":"standard","meta":{"footnotes":""},"categories":[2818],"tags":[1111,11,61920,11153,5432,1777,674,1011,27,15498,6352,766,12,2636,25],"class_list":{"0":"post-496858","1":"post","2":"type-post","3":"status-publish","4":"format-standard","5":"has-post-thumbnail","7":"category-nantes","8":"tag-actu","9":"tag-actualites","10":"tag-astereotypie","11":"tag-cliches","12":"tag-combat","13":"tag-eu","14":"tag-europe","15":"tag-fr","16":"tag-france","17":"tag-inclusion","18":"tag-mise","19":"tag-nantes","20":"tag-news","21":"tag-pays-de-la-loire","22":"tag-republique-francaise"},"share_on_mastodon":{"url":"https:\/\/pubeurope.com\/@fr\/115455449232907253","error":""},"_links":{"self":[{"href":"https:\/\/www.europesays.com\/fr\/wp-json\/wp\/v2\/posts\/496858","targetHints":{"allow":["GET"]}}],"collection":[{"href":"https:\/\/www.europesays.com\/fr\/wp-json\/wp\/v2\/posts"}],"about":[{"href":"https:\/\/www.europesays.com\/fr\/wp-json\/wp\/v2\/types\/post"}],"author":[{"embeddable":true,"href":"https:\/\/www.europesays.com\/fr\/wp-json\/wp\/v2\/users\/2"}],"replies":[{"embeddable":true,"href":"https:\/\/www.europesays.com\/fr\/wp-json\/wp\/v2\/comments?post=496858"}],"version-history":[{"count":0,"href":"https:\/\/www.europesays.com\/fr\/wp-json\/wp\/v2\/posts\/496858\/revisions"}],"wp:featuredmedia":[{"embeddable":true,"href":"https:\/\/www.europesays.com\/fr\/wp-json\/wp\/v2\/media\/496859"}],"wp:attachment":[{"href":"https:\/\/www.europesays.com\/fr\/wp-json\/wp\/v2\/media?parent=496858"}],"wp:term":[{"taxonomy":"category","embeddable":true,"href":"https:\/\/www.europesays.com\/fr\/wp-json\/wp\/v2\/categories?post=496858"},{"taxonomy":"post_tag","embeddable":true,"href":"https:\/\/www.europesays.com\/fr\/wp-json\/wp\/v2\/tags?post=496858"}],"curies":[{"name":"wp","href":"https:\/\/api.w.org\/{rel}","templated":true}]}}