{"id":496864,"date":"2025-10-29T04:00:21","date_gmt":"2025-10-29T04:00:21","guid":{"rendered":"https:\/\/www.europesays.com\/fr\/496864\/"},"modified":"2025-10-29T04:00:21","modified_gmt":"2025-10-29T04:00:21","slug":"bordeaux-2025-capitale-mondiale-de-leconomie-qui-nous-veut-du-bien","status":"publish","type":"post","link":"https:\/\/www.europesays.com\/fr\/496864\/","title":{"rendered":"Bordeaux 2025, capitale mondiale de \u00ab\u00a0l\u2019\u00e9conomie qui nous veut du bien\u00a0\u00bb"},"content":{"rendered":"<p class=\"wp-block-post-excerpt__excerpt\">Du 29 au 31 octobre, Bordeaux devient la capitale mondiale de l\u2019\u00e9conomie sociale et solidaire avec le GSEF 2025. Plus de 8 000 participants venus de 70 pays se r\u00e9unissent pour \u00e9changer sur des solutions locales et collectives face aux d\u00e9fis sociaux, \u00e9conomiques et environnementaux, entre pl\u00e9ni\u00e8res internationales, ateliers, animations pour les jeunes et soir\u00e9es festives. <\/p>\n<p class=\"font-sans\">\n\t\t\tCet article est en acc\u00e8s libre. Pour soutenir Rue89Bordeaux,<br \/>\n\t\t\t<a class=\"underline\" href=\"https:\/\/rue89bordeaux.com\/abonnement\/\" target=\"_blank\" rel=\"noopener\">abonnez-vous<\/a>.\n\t\t<\/p>\n<p>Walid Salem<\/p>\n<p>Publi\u00e9 le 28 octobre 2025\u00a0\u00a0\u00b7\u00a0\u00a0<\/p>\n<p>Imprim\u00e9 le 29 octobre 2025 \u00e0 04h10\u00a0\u00a0\u00b7\u00a0\u00a0<\/p>\n<p>\t\t\t\t\t3\u00a0minutes\n<\/p>\n<p>Du 29 au 31 octobre 2025, Bordeaux accueillera pour la premi\u00e8re fois en France le Forum mondial de l\u2019\u00c9conomie Sociale et Solidaire (GSEF). Un \u00e9v\u00e9nement d\u2019ampleur internationale qui rassemblera plus de 8 000 participants venus des cinq continents pour imaginer une \u00e9conomie du futur centr\u00e9e sur la coop\u00e9ration et la durabilit\u00e9.<\/p>\n<p>Cr\u00e9\u00e9 en 2013, le GSEF f\u00e9d\u00e8re gouvernements locaux, r\u00e9seaux associatifs et acteurs de terrain convaincus que la transformation du monde \u00e9conomique passera par l\u2019action locale et collective. Apr\u00e8s S\u00e9oul, Montr\u00e9al, Bilbao, Mexico et Dakar, c\u2019est \u00e0 Bordeaux que se tiendra cette 7e \u00e9dition, symbole d\u2019un ancrage europ\u00e9en renforc\u00e9 et d\u2019un engagement fort des collectivit\u00e9s de Nouvelle-Aquitaine, de la Gironde, de Bordeaux M\u00e9tropole et de la Ville de Bordeaux.<\/p>\n<p>\t\tTrois jours pour penser la transition juste<\/p>\n<p>Sous le th\u00e8me \u00ab\u00a0L\u2019ESS, une condition pour la transition juste vers des territoires r\u00e9silients et le bien-\u00eatre de leurs habitants\u00a0\u00bb, le Forum proposera 157 ateliers, tables rondes et pl\u00e9ni\u00e8res r\u00e9partis entre le Palais 2 l\u2019Atlantique, site central de l\u2019\u00e9v\u00e9nement (entr\u00e9e payante), et le Hangar 14, lieu ouvert au grand public (acc\u00e8s libre). Chercheurs, \u00e9lus, entrepreneurs sociaux, jeunes engag\u00e9s, syndicats, ONG ou acteurs culturels croiseront leurs exp\u00e9riences pour r\u00e9pondre \u00e0 une question essentielle : comment faire de l\u2019\u00e9conomie sociale et solidaire la norme r\u00e9gulatrice de l\u2019\u00e9conomie de demain ?<\/p>\n<p>Parmi les temps forts, au Palais 2 l\u2019Atlantique, notons la venue du maire de Ramallah, ville jumelle de Bordeaux, pour une pl\u00e9ni\u00e8re le jeudi 30 octobre : \u00ab\u00a0Quand une dystopie devient r\u00e9alit\u00e9, comment se situe l\u2019ESS\u202f?\u00a0\u00bb. Il rejoint David Cobb, coordinateur du r\u00e9seau am\u00e9ricain de l\u2019\u00e9conomie sociale ; Beno\u00eet Hamon, pr\u00e9sident d\u2019ESS France ; et Anne Savinel Barras, pr\u00e9sidente d\u2019Amnesty International France, pour \u00e9changer sur la mont\u00e9e des r\u00e9gimes autoritaires et l\u2019affaiblissement des d\u00e9mocraties : l\u2019\u00e9conomie sociale et solidaire peut-elle r\u00e9sister \u00e0 ces d\u00e9rives ou en devenir victime\u202f?<\/p>\n<p>\u00c0 retenir \u00e9galement la pr\u00e9sence d\u2019Ahmed Gala\u00ef, prix Nobel de la paix 2015, pour une pl\u00e9ni\u00e8re vendredi 31 octobre : \u00ab\u00a0L\u2019ESS, un vecteur de pacification sociale\u00a0\u00bb. Avec d\u2019autres intervenants, ils se pencheront sur les dynamiques permises par les outils de l\u2019ESS pour pacifier les relations sociales et \u00e9viter les conflits. Ces deux \u00e9v\u00e9nements soulignent l\u2019ouverture du forum sur des enjeux globaux de paix et de coop\u00e9ration.<\/p>\n<p>\t\tAnimations, expositions et concerts<\/p>\n<p>Les jeunes sont au c\u0153ur de ce rendez-vous \u00e0 la Cit\u00e9 Bleue, \u00e0 Bacalan. Ce lieu deviendra le quartier g\u00e9n\u00e9ral de la Jeun\u2019ESS, espace d\u00e9di\u00e9 aux jeunes du monde entier. Tournois, ateliers m\u00e9dias, cin\u00e9-d\u00e9bats et rencontres internationales nourriront la r\u00e9daction d\u2019une D\u00e9claration mondiale de la jeunesse pour l\u2019ESS, pr\u00e9sent\u00e9e en cl\u00f4ture du Forum. Cette dynamique s\u2019inscrit dans la cr\u00e9ation du P\u00f4le Jeun\u2019ESS, d\u00e9cid\u00e9e \u00e0 Dakar en 2023, qui reconna\u00eet le r\u00f4le essentiel des nouvelles g\u00e9n\u00e9rations dans la transition \u00e9cologique et sociale.<\/p>\n<p>Vendredi 31 octobre, une soir\u00e9e de cl\u00f4ture \u00e9lectro est propos\u00e9e par Isulia Festival. Une autre, dans une ambiance diff\u00e9rente, se tiendra \u00e0 l\u2019Espace Garonne \u2013 Hangar 14 \u2013 avec un concert sp\u00e9cial de Mouss et Hakim, frondeurs avec Zebda, internationalistes avec 100% Coll\u00e8gues, partisans avec Motiv\u00e9s, \u00e9mancip\u00e9s avec leur album duo, justiciers de la m\u00e9moire avec Origines Contr\u00f4l\u00e9es.<\/p>\n<p>Le Hangar 14 se transformera en village festif et participatif, \u00ab\u00a0L\u2019ESS, l\u2019\u00e9conomie qui nous veut du bien\u00a0\u00bb, avec ateliers, projections, spectacles et une place de march\u00e9 qui rassemblera plus de 30 structures locales valorisant alimentation durable, artisanat, culture et r\u00e9emploi. La Fabrique Pola, Darwin, Utopia, la Maison de la Nature ou encore le Chapit\u00d4 de B\u00e8gles accueilleront \u00e9galement animations, expositions et concerts.<\/p>\n<p><strong>Tout le programme \u2013 dense et fourni \u2013 sur <a href=\"https:\/\/bordeauxgsef2025.org\/\" target=\"_blank\" rel=\"noreferrer noopener\">le site du Gsef<\/a> <\/strong><\/p>\n","protected":false},"excerpt":{"rendered":"Du 29 au 31 octobre, Bordeaux devient la capitale mondiale de l\u2019\u00e9conomie sociale et solidaire avec le GSEF&hellip;\n","protected":false},"author":2,"featured_media":496865,"comment_status":"","ping_status":"","sticky":false,"template":"","format":"standard","meta":{"footnotes":""},"categories":[2817],"tags":[1111,11,1997,37063,1777,674,1011,27,60559,12,2219,25],"class_list":{"0":"post-496864","1":"post","2":"type-post","3":"status-publish","4":"format-standard","5":"has-post-thumbnail","7":"category-bordeaux","8":"tag-actu","9":"tag-actualites","10":"tag-bordeaux","11":"tag-economie-sociale-et-solidaire","12":"tag-eu","13":"tag-europe","14":"tag-fr","15":"tag-france","16":"tag-gsef","17":"tag-news","18":"tag-nouvelle-aquitaine","19":"tag-republique-francaise"},"share_on_mastodon":{"url":"https:\/\/pubeurope.com\/@fr\/115455461189539503","error":""},"_links":{"self":[{"href":"https:\/\/www.europesays.com\/fr\/wp-json\/wp\/v2\/posts\/496864","targetHints":{"allow":["GET"]}}],"collection":[{"href":"https:\/\/www.europesays.com\/fr\/wp-json\/wp\/v2\/posts"}],"about":[{"href":"https:\/\/www.europesays.com\/fr\/wp-json\/wp\/v2\/types\/post"}],"author":[{"embeddable":true,"href":"https:\/\/www.europesays.com\/fr\/wp-json\/wp\/v2\/users\/2"}],"replies":[{"embeddable":true,"href":"https:\/\/www.europesays.com\/fr\/wp-json\/wp\/v2\/comments?post=496864"}],"version-history":[{"count":0,"href":"https:\/\/www.europesays.com\/fr\/wp-json\/wp\/v2\/posts\/496864\/revisions"}],"wp:featuredmedia":[{"embeddable":true,"href":"https:\/\/www.europesays.com\/fr\/wp-json\/wp\/v2\/media\/496865"}],"wp:attachment":[{"href":"https:\/\/www.europesays.com\/fr\/wp-json\/wp\/v2\/media?parent=496864"}],"wp:term":[{"taxonomy":"category","embeddable":true,"href":"https:\/\/www.europesays.com\/fr\/wp-json\/wp\/v2\/categories?post=496864"},{"taxonomy":"post_tag","embeddable":true,"href":"https:\/\/www.europesays.com\/fr\/wp-json\/wp\/v2\/tags?post=496864"}],"curies":[{"name":"wp","href":"https:\/\/api.w.org\/{rel}","templated":true}]}}