{"id":496867,"date":"2025-10-29T04:02:13","date_gmt":"2025-10-29T04:02:13","guid":{"rendered":"https:\/\/www.europesays.com\/fr\/496867\/"},"modified":"2025-10-29T04:02:13","modified_gmt":"2025-10-29T04:02:13","slug":"toulouse-ce-projet-phare-a-larret-depuis-plus-dun-an-a-officiellement-redemarre","status":"publish","type":"post","link":"https:\/\/www.europesays.com\/fr\/496867\/","title":{"rendered":"Toulouse. Ce projet phare, \u00e0 l&rsquo;arr\u00eat depuis plus d&rsquo;un an, a officiellement red\u00e9marr\u00e9"},"content":{"rendered":"<p>            Par<br \/>\n        <strong><br \/>\n            <a href=\"https:\/\/actu.fr\/auteur\/david-saint-sernin\" title=\"Consulter tous les articles de David Saint-Sernin\" target=\"_blank\" rel=\"noopener\">David Saint-Sernin<\/a><br \/>\n        <\/strong><\/p>\n<p>        Publi\u00e9 le<\/p>\n<p>            28 oct. 2025 \u00e0 18h46        <\/p>\n<p>C\u2019\u00e9tait un projet<a href=\"https:\/\/actu.fr\/occitanie\/toulouse_31555\/le-chantier-du-centre-de-le-performance-du-toulouse-fc-stoppe-pour-une-duree-indeterminee-voici-pourquoi_61558677.html\" target=\"_blank\" rel=\"noopener\"> \u00e0 l\u2019arr\u00eat depuis plus d\u2019un an,<\/a> pr\u00e9cis\u00e9ment depuis le mois de septembre\u00a02024. Ce mardi 28\u00a0octobre, le pr\u00e9sident du Toulouse FC,<a href=\"https:\/\/actu.fr\/occitanie\/toulouse_31555\/le-toulouse-fc-presente-son-nouveau-president-olivier-cloarec-ses-premiers-mots-au-stadium_62881809.html\" target=\"_blank\" rel=\"noopener\"> Olivier Cloare<\/a><a href=\"https:\/\/actu.fr\/occitanie\/toulouse_31555\/le-toulouse-fc-presente-son-nouveau-president-olivier-cloarec-ses-premiers-mots-au-stadium_62881809.html\" target=\"_blank\" rel=\"noopener\">c<\/a>, a annonc\u00e9 \u00e0 nos confr\u00e8res de La D\u00e9p\u00eache du Midi que le chantier du futur centre de performance du TFC a repris. Contact\u00e9 par Actu Toulouse, le club confirme ce red\u00e9marrage des travaux sur l\u2019\u00eele du Ramier\u2009: \u00ab\u2009Les travaux ont effectivement repris le 13\u00a0octobre\u2009\u00bb. Une reprise conforme \u00e0 ce que le club avait annonc\u00e9 au d\u00e9but du mois de juillet. Les d\u00e9tails.<\/p>\n<p>Une livraison pr\u00e9visionnelle en novembre\u00a02026<\/p>\n<p class=\" wall-content\">\u00c0 l\u2019\u00e9poque, Neil Chugani, repr\u00e9sentant de l\u2019actionnaire Red Bird, qui assurait l\u2019int\u00e9rim \u00e0 la t\u00eate du club apr\u00e8s <a href=\"https:\/\/actu.fr\/occitanie\/toulouse_31555\/desormais-ex-president-du-toulouse-fc-damien-comolli-rejoint-la-juventus-turin-quel-sera-son-poste_62714552.html\" target=\"_blank\" rel=\"noopener\">le d\u00e9part du pr\u00e9sident\u00a0Damien Comolli,<\/a> annon\u00e7ait\u2009:<\/p>\n<p class=\" wall-content\">\u00ab\u2009On a repris les plans du projet il y a plus d\u2019un mois. Nous avons compris l\u2019importance de ce projet pour le club. Ce projet doit se faire. Il est port\u00e9 par le cabinet de design et d\u2019architecture de renom KSS. Kardham, un groupe immobilier fran\u00e7ais assurera le r\u00f4le d\u2019architecte en chef, avec le soutien de LP Promotion, promoteur immobilier et partenaire de longue date du club, charg\u00e9 de la gestion du projet\u2009\u00bb.<\/p>\n<p class=\" wall-content\">Le chantier \u00e0 nouveau sur les rails, le TFC communique \u00e9galement une date de livraison\u2009: \u00ab\u2009Elle est <strong>pr\u00e9vue en novembre\u00a02026<\/strong>\u2009\u00bb, indique-t-il \u00e0 Actu Toulouse.<\/p>\n<p>Ce que proposera ce centre de la performance<\/p>\n<p class=\" wall-content\">Ce futur centre de la performance comprendra des installations de pointe r\u00e9parties sur cinq niveaux, incluant une chambre hypoxique, un complexe avanc\u00e9 d\u2019hydroth\u00e9rapie et de r\u00e9cup\u00e9ration, ainsi que des espaces sp\u00e9cialis\u00e9s pour l\u2019entra\u00eenement et la r\u00e9\u00e9ducation. Il va s\u2019\u00e9tendre \u00e0 la section f\u00e9minine qui aura des espaces d\u00e9di\u00e9s.<\/p>\n<p class=\" wall-content\">Pour rappel, le montant du projet s\u2019\u00e9l\u00e8ve \u00e0 <strong>18\u00a0millions d\u2019euros.<\/strong> \u00ab\u20094\u00a0millions d\u2019euros ont d\u00e9j\u00e0 \u00e9t\u00e9 d\u00e9j\u00e0 investis. Sur les 14 restants, l\u2019id\u00e9e, c\u2019est d\u2019avoir des partenaires locaux pour nous appuyer sur ce projet. Les discussions sont en cours et je n\u2019en r\u00e9v\u00e9lerai pas le contenu. N\u00e9anmoins, je peux dire que Red Bird va assumer ce projet, quoi qu\u2019il arrive dans le cadre d\u2019une collaboration constructive avec les collectivit\u00e9s\u2009\u00bb, avait expliqu\u00e9 Neil Chugani.<\/p>\n<p>    <img   decoding=\"async\" loading=\"lazy\" src=\"https:\/\/www.europesays.com\/fr\/wp-content\/uploads\/2025\/10\/centre-de-la-performance-tfc-960x640-1-960x640.jpg\" alt=\"L\u2019entr\u00e9e nord du futur centre de la performance du Toulouse FC, celle qui sera situ\u00e9e face aux terrains d\u2019entra\u00eenements du T\u00e9F\u00e9C\u00e9.\" width=\"960\" height=\"640\"\/><br \/>\n    L\u2019entr\u00e9e nord du futur centre de la performance du Toulouse FC, celle qui sera situ\u00e9e face aux terrains d\u2019entra\u00eenements du T\u00e9F\u00e9C\u00e9. (\u00a9KARDHAM CARDETE HUET Architecture)Dans l\u2019ancien restaurant universitaire<\/p>\n<p class=\" wall-content\">Pour rappel, le TFC a rachet\u00e9 l\u2019ancien restaurant universitaire Daniel Faucher, un b\u00e2timent \u00e0 l\u2019abandon, pour en faire le nouveau <strong>centre de performance<\/strong> de l\u2019\u00e9quipe professionnelle.<\/p>\n<p>Votre r\u00e9gion, votre actu !<\/p>\n<p>Recevez chaque jour les infos qui comptent pour vous.<\/p>\n<p>\t<a href=\"https:\/\/actu.fr\/newsletter\" class=\"ac-btn ac-btn--corner ac-btn--medium ac-btn--blue800\" target=\"_blank\" rel=\"noopener\">S&rsquo;incrire<\/a><\/p>\n<p class=\" wall-content\">Selon le calendrier initial, le centre de la performance aurait d\u00fb \u00eatre livr\u00e9 en juillet\u00a02025.<\/p>\n<p class=\" wall-content\">Personnalisez votre actualit\u00e9 en ajoutant vos villes et m\u00e9dias en favori avec <a href=\"https:\/\/moncompte.actu.fr\" title=\"D\u00e9couvez Mon Actu\" rel=\"nofollow noopener\" data-trk=\"{&quot;cta&quot;:{&quot;action&quot;:&quot;https:\\\/\\\/moncompte.actu.fr&quot;,&quot;category&quot;:&quot;mon compte&quot;,&quot;from&quot;:&quot;article footer&quot;,&quot;name&quot;:&quot;Mon actu&quot;,&quot;type&quot;:&quot;cta&quot;}}\" target=\"_blank\">Mon Actu<\/a>.<\/p>\n","protected":false},"excerpt":{"rendered":"Par David Saint-Sernin Publi\u00e9 le 28 oct. 2025 \u00e0 18h46 C\u2019\u00e9tait un projet \u00e0 l\u2019arr\u00eat depuis plus d\u2019un&hellip;\n","protected":false},"author":2,"featured_media":496868,"comment_status":"","ping_status":"","sticky":false,"template":"","format":"standard","meta":{"footnotes":""},"categories":[2816],"tags":[1111,11,1777,674,1011,27,12,2680,25,104,2312,4159,2086],"class_list":{"0":"post-496867","1":"post","2":"type-post","3":"status-publish","4":"format-standard","5":"has-post-thumbnail","7":"category-toulouse","8":"tag-actu","9":"tag-actualites","10":"tag-eu","11":"tag-europe","12":"tag-fr","13":"tag-france","14":"tag-news","15":"tag-occitanie","16":"tag-republique-francaise","17":"tag-societe","18":"tag-toulouse","19":"tag-toulouse-football-club-tfc","20":"tag-travaux"},"share_on_mastodon":{"url":"https:\/\/pubeurope.com\/@fr\/115455469170549804","error":""},"_links":{"self":[{"href":"https:\/\/www.europesays.com\/fr\/wp-json\/wp\/v2\/posts\/496867","targetHints":{"allow":["GET"]}}],"collection":[{"href":"https:\/\/www.europesays.com\/fr\/wp-json\/wp\/v2\/posts"}],"about":[{"href":"https:\/\/www.europesays.com\/fr\/wp-json\/wp\/v2\/types\/post"}],"author":[{"embeddable":true,"href":"https:\/\/www.europesays.com\/fr\/wp-json\/wp\/v2\/users\/2"}],"replies":[{"embeddable":true,"href":"https:\/\/www.europesays.com\/fr\/wp-json\/wp\/v2\/comments?post=496867"}],"version-history":[{"count":0,"href":"https:\/\/www.europesays.com\/fr\/wp-json\/wp\/v2\/posts\/496867\/revisions"}],"wp:featuredmedia":[{"embeddable":true,"href":"https:\/\/www.europesays.com\/fr\/wp-json\/wp\/v2\/media\/496868"}],"wp:attachment":[{"href":"https:\/\/www.europesays.com\/fr\/wp-json\/wp\/v2\/media?parent=496867"}],"wp:term":[{"taxonomy":"category","embeddable":true,"href":"https:\/\/www.europesays.com\/fr\/wp-json\/wp\/v2\/categories?post=496867"},{"taxonomy":"post_tag","embeddable":true,"href":"https:\/\/www.europesays.com\/fr\/wp-json\/wp\/v2\/tags?post=496867"}],"curies":[{"name":"wp","href":"https:\/\/api.w.org\/{rel}","templated":true}]}}