{"id":496875,"date":"2025-10-29T04:07:17","date_gmt":"2025-10-29T04:07:17","guid":{"rendered":"https:\/\/www.europesays.com\/fr\/496875\/"},"modified":"2025-10-29T04:07:17","modified_gmt":"2025-10-29T04:07:17","slug":"la-liste-des-quatre-finalistes-devoilee-le-lyonnais-paul-gasnier-elimine","status":"publish","type":"post","link":"https:\/\/www.europesays.com\/fr\/496875\/","title":{"rendered":"la liste des quatre finalistes d\u00e9voil\u00e9e, le Lyonnais Paul Gasnier \u00e9limin\u00e9"},"content":{"rendered":"<p itemprop=\"description\"><strong>La troisi\u00e8me et derni\u00e8re s\u00e9lection du Goncourt a \u00e9t\u00e9 d\u00e9voil\u00e9e ce mardi.<\/strong><\/p>\n<p>Les romans de Nathacha Appanah, Emmanuel Carr\u00e8re, Laurent Mauvignier et Caroline Lamarche seront les quatre finalistes du Prix Goncourt 2025.<\/p>\n<p>Encore pr\u00e9sent dans la deuxi\u00e8me s\u00e9lection, le livre du Lyonnais Paul Gasnier, Collision, n\u2019a pas \u00e9t\u00e9 retenu pour s\u00e9lectionner \u00e0 Houris de Kamel Daoud.<\/p>\n<p>Le prestigieux prix litt\u00e9raire sera d\u00e9cern\u00e9 le 4 novembre.<\/p>\n","protected":false},"excerpt":{"rendered":"La troisi\u00e8me et derni\u00e8re s\u00e9lection du Goncourt a \u00e9t\u00e9 d\u00e9voil\u00e9e ce mardi. Les romans de Nathacha Appanah, Emmanuel&hellip;\n","protected":false},"author":2,"featured_media":496876,"comment_status":"","ping_status":"","sticky":false,"template":"","format":"standard","meta":{"footnotes":""},"categories":[1889],"tags":[1111,11,2813,2190,2430,1109,251,1112,2811,1777,674,118,1011,27,1922,1110,1114,2428,2810,12,241,316,25,2812,517,800],"class_list":{"0":"post-496875","1":"post","2":"type-post","3":"status-publish","4":"format-standard","5":"has-post-thumbnail","7":"category-lyon","8":"tag-actu","9":"tag-actualites","10":"tag-article","11":"tag-asvel","12":"tag-auvergne-rhone-alpes","13":"tag-breves","14":"tag-culture","15":"tag-depeches","16":"tag-economique","17":"tag-eu","18":"tag-europe","19":"tag-faits-divers","20":"tag-fr","21":"tag-france","22":"tag-info","23":"tag-informations","24":"tag-infos","25":"tag-lyon","26":"tag-lyonmag","27":"tag-news","28":"tag-ol","29":"tag-politique","30":"tag-republique-francaise","31":"tag-sociale","32":"tag-sport","33":"tag-transports"},"share_on_mastodon":{"url":"https:\/\/pubeurope.com\/@fr\/115455488402804655","error":""},"_links":{"self":[{"href":"https:\/\/www.europesays.com\/fr\/wp-json\/wp\/v2\/posts\/496875","targetHints":{"allow":["GET"]}}],"collection":[{"href":"https:\/\/www.europesays.com\/fr\/wp-json\/wp\/v2\/posts"}],"about":[{"href":"https:\/\/www.europesays.com\/fr\/wp-json\/wp\/v2\/types\/post"}],"author":[{"embeddable":true,"href":"https:\/\/www.europesays.com\/fr\/wp-json\/wp\/v2\/users\/2"}],"replies":[{"embeddable":true,"href":"https:\/\/www.europesays.com\/fr\/wp-json\/wp\/v2\/comments?post=496875"}],"version-history":[{"count":0,"href":"https:\/\/www.europesays.com\/fr\/wp-json\/wp\/v2\/posts\/496875\/revisions"}],"wp:featuredmedia":[{"embeddable":true,"href":"https:\/\/www.europesays.com\/fr\/wp-json\/wp\/v2\/media\/496876"}],"wp:attachment":[{"href":"https:\/\/www.europesays.com\/fr\/wp-json\/wp\/v2\/media?parent=496875"}],"wp:term":[{"taxonomy":"category","embeddable":true,"href":"https:\/\/www.europesays.com\/fr\/wp-json\/wp\/v2\/categories?post=496875"},{"taxonomy":"post_tag","embeddable":true,"href":"https:\/\/www.europesays.com\/fr\/wp-json\/wp\/v2\/tags?post=496875"}],"curies":[{"name":"wp","href":"https:\/\/api.w.org\/{rel}","templated":true}]}}