{"id":496877,"date":"2025-10-29T04:08:42","date_gmt":"2025-10-29T04:08:42","guid":{"rendered":"https:\/\/www.europesays.com\/fr\/496877\/"},"modified":"2025-10-29T04:08:42","modified_gmt":"2025-10-29T04:08:42","slug":"meurtre-dun-chretien-dirak-a-lyon-le-suspect-ecroue-pour-assassinat-terroriste","status":"publish","type":"post","link":"https:\/\/www.europesays.com\/fr\/496877\/","title":{"rendered":"Meurtre d\u2019un chr\u00e9tien d\u2019Irak \u00e0 Lyon\u00a0: le suspect \u00e9crou\u00e9 pour assassinat terroriste"},"content":{"rendered":"<p class=\"paragraph text_align_left lp-f-body-02\">Direction prison pour le <a href=\"https:\/\/www.leparisien.fr\/faits-divers\/assassinat-dun-chretien-irakien-a-lyon-cinq-personnes-en-garde-a-vue-16-10-2025-BTFV6EJY5VF33GR6MGQW3RYXZM.php\" target=\"_self\" rel=\"nofollow noopener\">terroriste assassin du tiktokeur chr\u00e9tien<\/a>. Sabri B., 27 ans, a \u00e9t\u00e9 mis en examen ce mardi soir \u00e0 Paris pour assassinat et association de malfaiteurs dans le cadre d\u2019une entreprise terroriste. Cet Alg\u00e9rien est soup\u00e7onn\u00e9 d\u2019avoir \u00e9gorg\u00e9 un chr\u00e9tien d\u2019Irak en septembre \u00e0 Lyon (Rh\u00f4ne) sur fond de motivation terroriste qui reste encore \u00e0 pr\u00e9ciser. Il a \u00e9t\u00e9 \u00e9crou\u00e9 dans la soir\u00e9e \u00e0 la maison d\u2019arr\u00eat de Meaux (Seine-et-Marne).<\/p>\n<p class=\"paragraph text_align_left lp-f-body-02\">Les faits remontent \u00e0 la soir\u00e9e du 10 septembre, quand <a href=\"https:\/\/www.leparisien.fr\/faits-divers\/qui-etait-ashur-46-ans-chretien-dirak-refugie-a-lyon-et-tue-en-direct-sur-tiktok-12-09-2025-74X5O22W5FCX7KOA2HN3ASUM24.php\" target=\"_self\" rel=\"nofollow noopener\">Ashur Sarnaya<\/a>, \u00e2g\u00e9 de 45 ans, est attaqu\u00e9 au pied de son immeuble alors qu\u2019il se trouvait dans son fauteuil roulant en train de faire un direct de plus de cinq heures sur TikTok. Son assaillant l\u2019a frapp\u00e9 d\u2019un violent et profond coup de couteau au cou, avant de s\u2019enfuir \u00e0 pied, une sc\u00e8ne terrifiante visionn\u00e9e en direct par les abonn\u00e9s de Sarnaya qui suivaient son live TikTok. Le r\u00e9fugi\u00e9 politique, chr\u00e9tien assyro-chald\u00e9en, qui a succomb\u00e9 \u00e0 ses blessures, \u00e9tait tr\u00e8s pr\u00e9sent sur les r\u00e9seaux sociaux o\u00f9 il postait des vid\u00e9os \u00e9voquant sa foi.<\/p>\n<p class=\"paragraph text_align_left lp-f-body-02\">Durant l\u2019enqu\u00eate, sa s\u0153ur a expliqu\u00e9 \u00eatre arriv\u00e9e en France en 2014 apr\u00e8s avoir fui l\u2019Irak avec son fr\u00e8re, \u00e0 la suite de menaces dont il \u00ab \u00e9tait victime par des islamistes lui imposant la conversion ou la mort \u00bb, \u00e0 une \u00e9poque o\u00f9 la minorit\u00e9 chr\u00e9tienne d\u2019Orient \u00e9tait la cible de l\u2019\u00c9tat islamique, mais aussi d\u2019autres groupes radicaux.<\/p>\n<p>Son t\u00e9l\u00e9phone a born\u00e9 sur les lieux du crime<\/p>\n<p class=\"paragraph text_align_left lp-f-body-02\">Mais m\u00eame r\u00e9fugi\u00e9 en France, Ashur Sarnaya, pr\u00e9sent\u00e9 par ses proches ou voisins comme une personne calme et pacifique, faisait l\u2019objet de menaces en ligne (\u00ab Si on te trouve, on te tue \u00bb\u2026), vraisemblablement par des extr\u00e9mistes musulmans, selon ce que les investigations ont permis de montrer. \u00c0 l\u2019\u00e9t\u00e9 2025, un homme lui avait aussi lanc\u00e9 en face-\u00e0-face : \u00ab Nous t\u2019avons \u00e0 l\u2019\u0153il \u00bb.<\/p>\n<p class=\"lp-card-podcast-highlighting__title  lp-f-subtitle-05\">[2\/2] Bruno Sulak\u00a0: serial braqueur<\/p>\n<p class=\"lp-card-podcast-highlighting__description lp-f-ui-05\">Crime story raconte chaque semaine les grandes affaires criminelles.<\/p>\n<p><a class=\"lp-card-podcast-highlighting__call-to-action\" data-page-type=\"HP\" data-block-name=\"podcast-highlight\">\u00c9couter<\/a><\/p>\n<p class=\"paragraph text_align_left lp-f-body-02\">Les enqu\u00eateurs ont rapidement identifi\u00e9 le suspect. Selon les autorit\u00e9s, il pourrait avoir entretenu des liens, au moins indirects, avec l\u2019organisation \u00c9tat islamique (EI). Des contacts ont aussi \u00e9t\u00e9 retrouv\u00e9s avec la Syrie, et de fa\u00e7on plus habituelle avec l\u2019Alg\u00e9rie, son pays d\u2019origine.<\/p>\n<p class=\"paragraph text_align_left lp-f-body-02\">Le t\u00e9l\u00e9phone de Sabri B. a born\u00e9 sur les lieux du crime entre 21h15 et 22h50, avec des d\u00e9placements r\u00e9guliers. Plusieurs t\u00e9moins avaient, dans le m\u00eame temps, fait \u00e9tat de mouvements d\u2019un homme suspect, semblant \u00ab r\u00f4der \u00bb avant l\u2019assassinat et qui a quitt\u00e9 les lieux en courant juste apr\u00e8s. <a href=\"https:\/\/www.leparisien.fr\/faits-divers\/meurtre-dun-chretien-irakien-a-lyon-un-suspect-interpelle-en-italie-03-10-2025-3EY2VN7FTZC7TGMFY3LI5XWZ6I.php\" target=\"_self\" rel=\"nofollow noopener\">Ce jeune homme a \u00e9t\u00e9 arr\u00eat\u00e9 le 2 octobre<\/a> dans le sud de l\u2019Italie o\u00f9 il avait pris la fuite, chez un compatriote alg\u00e9rien.<\/p>\n<p>Il nie les faits devant le juge<\/p>\n<p class=\"paragraph text_align_left lp-f-body-02\">Devant le juge d\u2019instruction, ce chauffeur Uber, qui est entour\u00e9 d\u2019une famille, a ni\u00e9 les faits et demand\u00e9 \u00e0 retrouver son travail dans les plus brefs d\u00e9lais. \u00ab On a quand m\u00eame l\u2019impression qu\u2019il est d\u00e9cal\u00e9. Il ne prend pas de traitement pour les troubles psychiatriques, mais il a conc\u00e9d\u00e9 qu\u2019il fumait r\u00e9guli\u00e8rement du cannabis pour s\u2019endormir \u00bb, explique une source proche de l\u2019affaire. Contact\u00e9, son avocat, Me Thibault Bailly, n\u2019a pas souhait\u00e9 s\u2019exprimer sur cette affaire couverte par le secret de l\u2019instruction.<\/p>\n<p class=\"paragraph text_align_left lp-f-body-02\">R\u00e9agissant apr\u00e8s l\u2019interpellation du suspect en Italie, Me David Andic, avocat de la famille d\u2019Ashur Sarnaya et du Conseil de coordination des Assyro-chald\u00e9ens de France (CCACF), avait estim\u00e9 que \u00ab ce n\u2019est pas Ashur seul qui a \u00e9t\u00e9 frapp\u00e9, mais ce qu\u2019il repr\u00e9sentait : la chr\u00e9tient\u00e9 d\u2019Orient, meurtrie depuis des si\u00e8cles \u00bb.<\/p>\n<p class=\"paragraph text_align_left lp-f-body-02\">\u00ab Les massacres que l\u2019on croyait confin\u00e9s aux minorit\u00e9s d\u2019un Moyen-Orient martyris\u00e9 &#8211; du g\u00e9nocide (arm\u00e9nien) aux exactions de l\u2019\u00c9tat islamique &#8211; ressurgissent aujourd\u2019hui, dans un effroi silencieux, sur le sol fran\u00e7ais \u00bb, a-t-il affirm\u00e9.<\/p>\n<p class=\"paragraph text_align_left lp-f-body-02\">\u00ab On ne peut plus continuer \u00e0 fermer les yeux sur la mont\u00e9e des actes antichr\u00e9tiens \u00bb, a comment\u00e9 Georges Yaramis, pr\u00e9sident du CCACF.<\/p>\n","protected":false},"excerpt":{"rendered":"Direction prison pour le terroriste assassin du tiktokeur chr\u00e9tien. Sabri B., 27 ans, a \u00e9t\u00e9 mis en examen&hellip;\n","protected":false},"author":2,"featured_media":496878,"comment_status":"","ping_status":"","sticky":false,"template":"","format":"standard","meta":{"footnotes":""},"categories":[1889],"tags":[1111,11,2430,459,1777,674,118,1011,27,2428,12,25],"class_list":{"0":"post-496877","1":"post","2":"type-post","3":"status-publish","4":"format-standard","5":"has-post-thumbnail","7":"category-lyon","8":"tag-actu","9":"tag-actualites","10":"tag-auvergne-rhone-alpes","11":"tag-departements-horsidfo","12":"tag-eu","13":"tag-europe","14":"tag-faits-divers","15":"tag-fr","16":"tag-france","17":"tag-lyon","18":"tag-news","19":"tag-republique-francaise"},"share_on_mastodon":{"url":"https:\/\/pubeurope.com\/@fr\/115455492320181789","error":""},"_links":{"self":[{"href":"https:\/\/www.europesays.com\/fr\/wp-json\/wp\/v2\/posts\/496877","targetHints":{"allow":["GET"]}}],"collection":[{"href":"https:\/\/www.europesays.com\/fr\/wp-json\/wp\/v2\/posts"}],"about":[{"href":"https:\/\/www.europesays.com\/fr\/wp-json\/wp\/v2\/types\/post"}],"author":[{"embeddable":true,"href":"https:\/\/www.europesays.com\/fr\/wp-json\/wp\/v2\/users\/2"}],"replies":[{"embeddable":true,"href":"https:\/\/www.europesays.com\/fr\/wp-json\/wp\/v2\/comments?post=496877"}],"version-history":[{"count":0,"href":"https:\/\/www.europesays.com\/fr\/wp-json\/wp\/v2\/posts\/496877\/revisions"}],"wp:featuredmedia":[{"embeddable":true,"href":"https:\/\/www.europesays.com\/fr\/wp-json\/wp\/v2\/media\/496878"}],"wp:attachment":[{"href":"https:\/\/www.europesays.com\/fr\/wp-json\/wp\/v2\/media?parent=496877"}],"wp:term":[{"taxonomy":"category","embeddable":true,"href":"https:\/\/www.europesays.com\/fr\/wp-json\/wp\/v2\/categories?post=496877"},{"taxonomy":"post_tag","embeddable":true,"href":"https:\/\/www.europesays.com\/fr\/wp-json\/wp\/v2\/tags?post=496877"}],"curies":[{"name":"wp","href":"https:\/\/api.w.org\/{rel}","templated":true}]}}