{"id":496879,"date":"2025-10-29T04:10:39","date_gmt":"2025-10-29T04:10:39","guid":{"rendered":"https:\/\/www.europesays.com\/fr\/496879\/"},"modified":"2025-10-29T04:10:39","modified_gmt":"2025-10-29T04:10:39","slug":"la-region-ile-de-france-partenaire-de-13-unis-du-sport-pour-commemorer-les-attentats","status":"publish","type":"post","link":"https:\/\/www.europesays.com\/fr\/496879\/","title":{"rendered":"La R\u00e9gion \u00cele-de-France partenaire de 13-Unis, du sport pour comm\u00e9morer les attentats"},"content":{"rendered":"\n<p style=\"margin-bottom: 0cm;\">Dix ans apr\u00e8s les attentats du 13 novembre 2015, un grand \u00e9v\u00e9nement sportif se tiendra le dimanche 9 novembre 2025, entre le Stade de France et Paris. Organis\u00e9e par l\u2019Association fran\u00e7aise des victimes du terrorisme, cette journ\u00e9e vise \u00e0 \u00ab se souvenir et avancer ensemble \u00bb, en m\u00ealant sport, culture, solidarit\u00e9 et t\u00e9moignages. Les Franciliens peuvent se joindre au parcours, qui traversera six lieux parisiens frapp\u00e9s il y a 10 ans. Le projet est n\u00e9 de Catherine Bertrand, rescap\u00e9e du Bataclan, convaincue du pouvoir r\u00e9parateur du sport face au traumatisme.<\/p>\n<p style=\"margin-bottom: 0cm;\">\u00a0<\/p>\n<p lang=\"fr-FR\" style=\"margin-bottom: 0cm;\">Nicolas Chacun <\/p>\n<p>!function(f,b,e,v,n,t,s){if(f.fbq)return;n=f.fbq=function(){n.callMethod?<br \/>\nn.callMethod.apply(n,arguments):n.queue.push(arguments)};if(!f._fbq)f._fbq=n;<br \/>\nn.push=n;n.loaded=!0;n.version=&rsquo;2.0&prime;;n.queue=[];t=b.createElement(e);t.async=!0;<br \/>\nt.src=v;s=b.getElementsByTagName(e)[0];s.parentNode.insertBefore(t,s)}(window,<br \/>\ndocument,&rsquo;script&rsquo;,&rsquo;https:\/\/connect.facebook.net\/en_US\/fbevents.js&rsquo;);<br \/>\nfbq(&lsquo;init&rsquo;, &lsquo;278974969201861&rsquo;); \/\/ Insert your pixel ID here.<br \/>\nfbq(&lsquo;track&rsquo;, &lsquo;PageView&rsquo;);<\/p>\n","protected":false},"excerpt":{"rendered":"Dix ans apr\u00e8s les attentats du 13 novembre 2015, un grand \u00e9v\u00e9nement sportif se tiendra le dimanche 9&hellip;\n","protected":false},"author":2,"featured_media":496880,"comment_status":"","ping_status":"","sticky":false,"template":"","format":"standard","meta":{"footnotes":""},"categories":[1592],"tags":[1111,11,1933,1936,1777,1939,674,1011,27,662,1934,12,1940,626,1935,25,1937,1941,1938],"class_list":{"0":"post-496879","1":"post","2":"type-post","3":"status-publish","4":"format-standard","5":"has-post-thumbnail","7":"category-ile-de-france","8":"tag-actu","9":"tag-actualites","10":"tag-actualites-locales","11":"tag-essonne","12":"tag-eu","13":"tag-eure-et-loir","14":"tag-europe","15":"tag-fr","16":"tag-france","17":"tag-ile-de-france","18":"tag-infos-locales","19":"tag-news","20":"tag-oise","21":"tag-paris","22":"tag-pres-de-chez-vous","23":"tag-republique-francaise","24":"tag-seine-et-marne","25":"tag-somme","26":"tag-yvelines"},"share_on_mastodon":{"url":"https:\/\/pubeurope.com\/@fr\/115455500235936997","error":""},"_links":{"self":[{"href":"https:\/\/www.europesays.com\/fr\/wp-json\/wp\/v2\/posts\/496879","targetHints":{"allow":["GET"]}}],"collection":[{"href":"https:\/\/www.europesays.com\/fr\/wp-json\/wp\/v2\/posts"}],"about":[{"href":"https:\/\/www.europesays.com\/fr\/wp-json\/wp\/v2\/types\/post"}],"author":[{"embeddable":true,"href":"https:\/\/www.europesays.com\/fr\/wp-json\/wp\/v2\/users\/2"}],"replies":[{"embeddable":true,"href":"https:\/\/www.europesays.com\/fr\/wp-json\/wp\/v2\/comments?post=496879"}],"version-history":[{"count":0,"href":"https:\/\/www.europesays.com\/fr\/wp-json\/wp\/v2\/posts\/496879\/revisions"}],"wp:featuredmedia":[{"embeddable":true,"href":"https:\/\/www.europesays.com\/fr\/wp-json\/wp\/v2\/media\/496880"}],"wp:attachment":[{"href":"https:\/\/www.europesays.com\/fr\/wp-json\/wp\/v2\/media?parent=496879"}],"wp:term":[{"taxonomy":"category","embeddable":true,"href":"https:\/\/www.europesays.com\/fr\/wp-json\/wp\/v2\/categories?post=496879"},{"taxonomy":"post_tag","embeddable":true,"href":"https:\/\/www.europesays.com\/fr\/wp-json\/wp\/v2\/tags?post=496879"}],"curies":[{"name":"wp","href":"https:\/\/api.w.org\/{rel}","templated":true}]}}