{"id":496883,"date":"2025-10-29T04:12:23","date_gmt":"2025-10-29T04:12:23","guid":{"rendered":"https:\/\/www.europesays.com\/fr\/496883\/"},"modified":"2025-10-29T04:12:23","modified_gmt":"2025-10-29T04:12:23","slug":"le-n-1-mondial-carlos-alcaraz-elimine-dentree","status":"publish","type":"post","link":"https:\/\/www.europesays.com\/fr\/496883\/","title":{"rendered":"le N.1 mondial Carlos Alcaraz \u00e9limin\u00e9 d&rsquo;entr\u00e9e"},"content":{"rendered":"<p class=\"mb-4 text-lg md:leading-8 break-words\">Le N.1 mondial Carlos Alcaraz a \u00e9t\u00e9 \u00e9limin\u00e9 mardi d\u00e8s son entr\u00e9e en lice au Masters 1000 de Paris, battu au deuxi\u00e8me tour par le Britannique Cameron Norrie (31e) en trois sets 4-6, 6-3, 6-4.<\/p>\n<p class=\"mb-4 text-lg md:leading-8 break-words\">Le Murcien de 22 ans, qui n\u2019avait pas jou\u00e9 depuis fin septembre et son titre \u00e0 l\u2019ATP 500 de Tokyo &#8211; touch\u00e9 \u00e0 une cheville &#8211; s&rsquo;est d&rsquo;abord balad\u00e9 avant de perdre le fil dans le deuxi\u00e8me set, rattrap\u00e9 par ses fameux trous d&rsquo;air.<\/p>\n<p class=\"mb-4 text-lg md:leading-8 break-words\">Le doute n&rsquo;a plus quitt\u00e9 la t\u00eate du laur\u00e9at de Roland-Garros et de l&rsquo;US Open cette saison, qui a encha\u00een\u00e9 les fautes directes (54) avant de finalement c\u00e9der au bout de 2H22.<\/p>\n<p>Publicit\u00e9<\/p>\n<p>Publicit\u00e9<\/p>\n<p>Publicit\u00e9<\/p>\n<p>Publicit\u00e9<\/p>\n<p class=\"mb-4 text-lg md:leading-8 break-words\">L&rsquo;Espagnol a une histoire compliqu\u00e9 avec le Masters 1000 parisien: il est sorti pr\u00e9matur\u00e9ment lors des deux derni\u00e8res \u00e9ditions \u00e0 Bercy \u2013 huiti\u00e8mes en 2024 et deuxi\u00e8me tour en 2023 \u2013 et n&rsquo;y a jamais d\u00e9pass\u00e9 les quarts de finale (2022).<\/p>\n<p class=\"mb-4 text-lg md:leading-8 break-words\">Cameron Norrie, 30 ans, affrontera en huiti\u00e8mes de finale le vainqueur du match entre les cousins Arthur Rinderknech (29e) et Valentin Vacherot (40e), pr\u00e9vu mercredi matin sur le court central de la D\u00e9fense Arena.<\/p>\n<p class=\"mb-4 text-lg md:leading-8 break-words\">aco\/obo<\/p>\n","protected":false},"excerpt":{"rendered":"Le N.1 mondial Carlos Alcaraz a \u00e9t\u00e9 \u00e9limin\u00e9 mardi d\u00e8s son entr\u00e9e en lice au Masters 1000 de&hellip;\n","protected":false},"author":2,"featured_media":496884,"comment_status":"","ping_status":"","sticky":false,"template":"","format":"standard","meta":{"footnotes":""},"categories":[1888],"tags":[1111,1928,11,1927,15405,7779,29616,1777,674,1011,27,61921,4177,12,1926,626,1925,5573,25],"class_list":{"0":"post-496883","1":"post","2":"type-post","3":"status-publish","4":"format-standard","5":"has-post-thumbnail","7":"category-paris","8":"tag-actu","9":"tag-actu-paris","10":"tag-actualites","11":"tag-actualites-paris","12":"tag-cameron-norrie","13":"tag-carlos-alcaraz","14":"tag-deuxieme-tour","15":"tag-eu","16":"tag-europe","17":"tag-fr","18":"tag-france","19":"tag-lespagnol-2","20":"tag-masters-1000","21":"tag-news","22":"tag-news-paris","23":"tag-paris","24":"tag-paris-news","25":"tag-quarts-de-finale","26":"tag-republique-francaise"},"share_on_mastodon":{"url":"https:\/\/pubeurope.com\/@fr\/115455508333732332","error":""},"_links":{"self":[{"href":"https:\/\/www.europesays.com\/fr\/wp-json\/wp\/v2\/posts\/496883","targetHints":{"allow":["GET"]}}],"collection":[{"href":"https:\/\/www.europesays.com\/fr\/wp-json\/wp\/v2\/posts"}],"about":[{"href":"https:\/\/www.europesays.com\/fr\/wp-json\/wp\/v2\/types\/post"}],"author":[{"embeddable":true,"href":"https:\/\/www.europesays.com\/fr\/wp-json\/wp\/v2\/users\/2"}],"replies":[{"embeddable":true,"href":"https:\/\/www.europesays.com\/fr\/wp-json\/wp\/v2\/comments?post=496883"}],"version-history":[{"count":0,"href":"https:\/\/www.europesays.com\/fr\/wp-json\/wp\/v2\/posts\/496883\/revisions"}],"wp:featuredmedia":[{"embeddable":true,"href":"https:\/\/www.europesays.com\/fr\/wp-json\/wp\/v2\/media\/496884"}],"wp:attachment":[{"href":"https:\/\/www.europesays.com\/fr\/wp-json\/wp\/v2\/media?parent=496883"}],"wp:term":[{"taxonomy":"category","embeddable":true,"href":"https:\/\/www.europesays.com\/fr\/wp-json\/wp\/v2\/categories?post=496883"},{"taxonomy":"post_tag","embeddable":true,"href":"https:\/\/www.europesays.com\/fr\/wp-json\/wp\/v2\/tags?post=496883"}],"curies":[{"name":"wp","href":"https:\/\/api.w.org\/{rel}","templated":true}]}}