{"id":496894,"date":"2025-10-29T04:18:13","date_gmt":"2025-10-29T04:18:13","guid":{"rendered":"https:\/\/www.europesays.com\/fr\/496894\/"},"modified":"2025-10-29T04:18:13","modified_gmt":"2025-10-29T04:18:13","slug":"le-secretaire-general-to-lam-rencontre-la-communaute-vietnamienne-au-royaume-uni","status":"publish","type":"post","link":"https:\/\/www.europesays.com\/fr\/496894\/","title":{"rendered":"Le secr\u00e9taire g\u00e9n\u00e9ral To Lam rencontre la communaut\u00e9 vietnamienne au Royaume-Uni"},"content":{"rendered":"<p>Dans le cadre de sa visite officielle au Royaume-Uni de Grande-Bretagne et d&rsquo;Irlande du Nord, le soir du 28 octobre, heure locale, \u00e0 Londres, le secr\u00e9taire g\u00e9n\u00e9ral <a class=\"data-link\" data-org-href=\"https:\/\/www.vietnam.vn\/tag\/to-lam\" href=\"https:\/\/www.vietnam.vn\/tag\/to-lam\" title=\"\u00c0 Lam\" target=\"_blank\" rel=\"nofollow noopener\">To Lam<\/a> et son \u00e9pouse ont rencontr\u00e9 des Vietnamiens de l&rsquo;\u00e9tranger ainsi que des fonctionnaires et des membres du personnel de l&rsquo;ambassade du Vietnam au Royaume-Uni.<\/p>\n<p class=\"mb-0\"> Source : https:\/\/www.vietnamplus.vn\/tong-bi-thu-to-lam-gap-go-cong-dong-nguoi-viet-tai-anh-post1073486.vnp<\/p>\n","protected":false},"excerpt":{"rendered":"Dans le cadre de sa visite officielle au Royaume-Uni de Grande-Bretagne et d&rsquo;Irlande du Nord, le soir du&hellip;\n","protected":false},"author":2,"featured_media":496895,"comment_status":"","ping_status":"","sticky":false,"template":"","format":"standard","meta":{"footnotes":""},"categories":[1588],"tags":[11,1777,674,61374,12,473,1853,17058,1851,1850,1852],"class_list":{"0":"post-496894","1":"post","2":"type-post","3":"status-publish","4":"format-standard","5":"has-post-thumbnail","7":"category-royaume-uni","8":"tag-actualites","9":"tag-eu","10":"tag-europe","11":"tag-frere-aine","12":"tag-news","13":"tag-royaume-uni","14":"tag-royaume-uni-de-grande-bretagne-et-dirlande-du-nord","15":"tag-secretaire-general-to-lam","16":"tag-uk","17":"tag-united-kingdom","18":"tag-united-kingdom-of-great-britain-and-northern-ireland"},"share_on_mastodon":{"url":"https:\/\/pubeurope.com\/@fr\/115455531681457239","error":""},"_links":{"self":[{"href":"https:\/\/www.europesays.com\/fr\/wp-json\/wp\/v2\/posts\/496894","targetHints":{"allow":["GET"]}}],"collection":[{"href":"https:\/\/www.europesays.com\/fr\/wp-json\/wp\/v2\/posts"}],"about":[{"href":"https:\/\/www.europesays.com\/fr\/wp-json\/wp\/v2\/types\/post"}],"author":[{"embeddable":true,"href":"https:\/\/www.europesays.com\/fr\/wp-json\/wp\/v2\/users\/2"}],"replies":[{"embeddable":true,"href":"https:\/\/www.europesays.com\/fr\/wp-json\/wp\/v2\/comments?post=496894"}],"version-history":[{"count":0,"href":"https:\/\/www.europesays.com\/fr\/wp-json\/wp\/v2\/posts\/496894\/revisions"}],"wp:featuredmedia":[{"embeddable":true,"href":"https:\/\/www.europesays.com\/fr\/wp-json\/wp\/v2\/media\/496895"}],"wp:attachment":[{"href":"https:\/\/www.europesays.com\/fr\/wp-json\/wp\/v2\/media?parent=496894"}],"wp:term":[{"taxonomy":"category","embeddable":true,"href":"https:\/\/www.europesays.com\/fr\/wp-json\/wp\/v2\/categories?post=496894"},{"taxonomy":"post_tag","embeddable":true,"href":"https:\/\/www.europesays.com\/fr\/wp-json\/wp\/v2\/tags?post=496894"}],"curies":[{"name":"wp","href":"https:\/\/api.w.org\/{rel}","templated":true}]}}