{"id":496896,"date":"2025-10-29T04:19:11","date_gmt":"2025-10-29T04:19:11","guid":{"rendered":"https:\/\/www.europesays.com\/fr\/496896\/"},"modified":"2025-10-29T04:19:11","modified_gmt":"2025-10-29T04:19:11","slug":"en-integrant-le-consentement-dans-la-definition-du-viol-la-france-montre-lexemple","status":"publish","type":"post","link":"https:\/\/www.europesays.com\/fr\/496896\/","title":{"rendered":"En int\u00e9grant le consentement dans la d\u00e9finition du viol, la France montre l\u2019exemple"},"content":{"rendered":"\n<p>Voil\u00e0 une d\u00e9cision qu\u2019on attendait depuis longtemps. L\u2019Allemagne a en effet ratifi\u00e9 la convention d\u2019Istanbul en 2017 et ce trait\u00e9 international pour la protection des femmes est entr\u00e9 en vigueur en f\u00e9vrier\u00a02018. Mais depuis, l\u2019article\u00a036 [qui a trait aux violences sexuelles et au viol et qui sp\u00e9cifie que le consentement \u201cdoit \u00eatre donn\u00e9 volontairement comme r\u00e9sultat de la volont\u00e9 libre de la personne\u201d] n\u2019a jamais \u00e9t\u00e9 utilis\u00e9 en Allemagne.<\/p>\n<p>Ce n\u2019est pas le cas en France o\u00f9, \u00e0 une large majorit\u00e9 [115\u00a0voix pour et 31\u00a0voix contre, seul les \u00e9lus du Rassemblement national et leurs alli\u00e9s ciottistes s\u2019y \u00e9tant oppos\u00e9s], l\u2019Assembl\u00e9e nationale a int\u00e9gr\u00e9 la notion de consentement explicite dans la d\u00e9finition p\u00e9nale du viol et des violences sexuelles \u2013 ainsi que le pr\u00e9voit la convention d\u2019Istanbul. Tout acte sexuel doit s\u2019accompagner du consentement explicite de la personne concern\u00e9e, autrement dit\u00a0: seul un oui est un oui. Il est urgent que l\u2019Allemagne fasse de m\u00eame.<\/p>\n<p>L\u2019article\u00a036 de la convention d\u2019Istanbul punit tous les \u201cactes \u00e0 caract\u00e8re sexuel non consentis\u201d. Bien qu\u2019elle s\u2019y soit engag\u00e9e, l\u2019Allemagne n\u2019a pas adopt\u00e9 cette notion dans sa propre l\u00e9gislation. R\u00e9sultat, en Allemagne, ne sont punis que les actes sexuels que la victime a explicitement refus\u00e9s, qui lui ont \u00e9t\u00e9 impos\u00e9s par la m<\/p>\n","protected":false},"excerpt":{"rendered":"Voil\u00e0 une d\u00e9cision qu\u2019on attendait depuis longtemps. L\u2019Allemagne a en effet ratifi\u00e9 la convention d\u2019Istanbul en 2017 et&hellip;\n","protected":false},"author":2,"featured_media":496897,"comment_status":"","ping_status":"","sticky":false,"template":"","format":"standard","meta":{"footnotes":""},"categories":[1587],"tags":[11,672,1804,1805,1803,1777,674,27,1801,303,3821,12,1802,797],"class_list":{"0":"post-496896","1":"post","2":"type-post","3":"status-publish","4":"format-standard","5":"has-post-thumbnail","7":"category-allemagne","8":"tag-actualites","9":"tag-allemagne","10":"tag-bundesrepublik-deutschland","11":"tag-de","12":"tag-deutschland","13":"tag-eu","14":"tag-europe","15":"tag-france","16":"tag-germany","17":"tag-justice","18":"tag-la-france-vue-de-lu2019u00e9tranger","19":"tag-news","20":"tag-republique-federale-dallemagne","21":"tag-violences-faites-aux-femmes"},"share_on_mastodon":{"url":"https:\/\/pubeurope.com\/@fr\/115455535625049657","error":""},"_links":{"self":[{"href":"https:\/\/www.europesays.com\/fr\/wp-json\/wp\/v2\/posts\/496896","targetHints":{"allow":["GET"]}}],"collection":[{"href":"https:\/\/www.europesays.com\/fr\/wp-json\/wp\/v2\/posts"}],"about":[{"href":"https:\/\/www.europesays.com\/fr\/wp-json\/wp\/v2\/types\/post"}],"author":[{"embeddable":true,"href":"https:\/\/www.europesays.com\/fr\/wp-json\/wp\/v2\/users\/2"}],"replies":[{"embeddable":true,"href":"https:\/\/www.europesays.com\/fr\/wp-json\/wp\/v2\/comments?post=496896"}],"version-history":[{"count":0,"href":"https:\/\/www.europesays.com\/fr\/wp-json\/wp\/v2\/posts\/496896\/revisions"}],"wp:featuredmedia":[{"embeddable":true,"href":"https:\/\/www.europesays.com\/fr\/wp-json\/wp\/v2\/media\/496897"}],"wp:attachment":[{"href":"https:\/\/www.europesays.com\/fr\/wp-json\/wp\/v2\/media?parent=496896"}],"wp:term":[{"taxonomy":"category","embeddable":true,"href":"https:\/\/www.europesays.com\/fr\/wp-json\/wp\/v2\/categories?post=496896"},{"taxonomy":"post_tag","embeddable":true,"href":"https:\/\/www.europesays.com\/fr\/wp-json\/wp\/v2\/tags?post=496896"}],"curies":[{"name":"wp","href":"https:\/\/api.w.org\/{rel}","templated":true}]}}