{"id":496898,"date":"2025-10-29T04:20:13","date_gmt":"2025-10-29T04:20:13","guid":{"rendered":"https:\/\/www.europesays.com\/fr\/496898\/"},"modified":"2025-10-29T04:20:13","modified_gmt":"2025-10-29T04:20:13","slug":"quand-les-gouvernements-abandonnent-les-femmes-et-leur-securite","status":"publish","type":"post","link":"https:\/\/www.europesays.com\/fr\/496898\/","title":{"rendered":"quand les gouvernements abandonnent les femmes et leur s\u00e9curit\u00e9"},"content":{"rendered":"<p>\t\t\t\t\tDu Royaume-Uni \u00e0 la Su\u00e8de, en passant par la France et l\u2019Irlande, les faits divers s\u2019accumulent, mettant en lumi\u00e8re une m\u00eame faillite : celle d\u2019\u00c9tats incapables de prot\u00e9ger leurs propres citoyens face \u00e0 des criminels \u00e9trangers que l\u2019on refuse de renvoyer chez eux.<\/p>\n<p>Un peu partout en Europe, les m\u00eames drames se r\u00e9p\u00e8tent, avec une r\u00e9gularit\u00e9 gla\u00e7ante. Des crimes odieux, des victimes tr\u00e8s jeunes, des coupables \u00e9trangers en situation irr\u00e9guli\u00e8re \u2014 et toujours la m\u00eame r\u00e9action : des excuses bureaucratiques, des promesses d\u2019enqu\u00eate, puis le silence.<br \/>Les dirigeants, eux, pr\u00e9f\u00e8rent s\u2019indigner des \u00ab tensions sociales \u00bb que de l\u2019agression ou du meurtre qui les ont provoqu\u00e9es.<\/p>\n<p>\u00a0Royaume-Uni : le fiasco d\u2019un syst\u00e8me \u00e0 bout de souffle<\/p>\n<p><a href=\"https:\/\/www.breizh-info.com\/2025\/10\/25\/252870\/royaume-uni-un-migrant-condamne-pour-agression-sexuelle-provoquant-des-emeutes-a-epping-e-relache-par-erreur-scandale-national-et-colere-des-britanniques\/\" rel=\"nofollow noopener\" target=\"_blank\">Dernier exemple en date : un migrant \u00e9thiopien<\/a>, condamn\u00e9 pour agression sexuelle, a \u00e9t\u00e9\u00a0<strong>lib\u00e9r\u00e9 par erreur<\/strong>\u00a0d\u2019une prison anglaise au lieu d\u2019\u00eatre transf\u00e9r\u00e9 vers un centre de r\u00e9tention.<br \/>L\u2019homme, arriv\u00e9 ill\u00e9galement quelques mois plus t\u00f4t par la Manche, avait \u00e9t\u00e9 reconnu coupable d\u2019avoir\u00a0<strong>attaqu\u00e9 une adolescente de 14 ans<\/strong>\u00a0dans une petite ville du sud de l\u2019Angleterre.<br \/>Une fois rel\u00e2ch\u00e9, il a err\u00e9 plusieurs jours dans Londres avant d\u2019\u00eatre arr\u00eat\u00e9.<\/p>\n<p>Ce nouvel \u00e9pisode a provoqu\u00e9 un toll\u00e9 outre-Manche :\u00a0<strong>comment un d\u00e9linquant sexuel \u00e9tranger peut-il \u00eatre lib\u00e9r\u00e9 au c\u0153ur d\u2019un pays satur\u00e9 de cam\u00e9ras, de lois et de fonctionnaires ?<\/strong><br \/>Le Premier ministre britannique a promis des sanctions, mais le mal est fait : la population n\u2019y croit plus.<br \/>Les Britanniques voient surtout dans cette affaire\u00a0<strong>le symbole d\u2019un \u00c9tat d\u00e9bord\u00e9<\/strong>, plus soucieux d\u2019\u00e9viter les pol\u00e9miques que de prot\u00e9ger ses enfants.<\/p>\n<p>Irlande : la col\u00e8re d\u2019un peuple \u00e9touff\u00e9<\/p>\n<p>Quelques jours plus tard, c\u2019est en\u00a0<strong>Irlande<\/strong>\u00a0qu\u2019un nouveau scandale a \u00e9clat\u00e9 : <a href=\"https:\/\/www.breizh-info.com\/2025\/10\/22\/252703\/irlande-vives-emeutes-a-dublin-apres-lagression-dune-fillette-six-arrestations-lors-dune-manifestation-anti-immigration\/\" rel=\"nofollow noopener\" target=\"_blank\">une fillette de dix ans aurait \u00e9t\u00e9 viol\u00e9e par un\u00a0<strong>demandeur d\u2019asile africain d\u00e9bout\u00e9<\/strong>, en attente d\u2019expulsion.<\/a><br \/>Le pays, d\u2019ordinaire calme, a connu des sc\u00e8nes d\u2019\u00e9meutes \u00e0 Dublin.<br \/>Mais au lieu de reconna\u00eetre la gravit\u00e9 de la situation, le gouvernement s\u2019est empress\u00e9 de\u00a0<strong>condamner les manifestants<\/strong>\u00a0\u2014 comme si la col\u00e8re populaire \u00e9tait plus grave que le crime qui l\u2019avait d\u00e9clench\u00e9e.<\/p>\n<p>Pour beaucoup d\u2019Irlandais, cette affaire est devenue le symbole d\u2019un\u00a0<strong>d\u00e9ni de r\u00e9alit\u00e9 d\u2019\u00c9tat<\/strong>, d\u2019un pouvoir politique plus prompt \u00e0 prot\u00e9ger des statuts administratifs qu\u2019\u00e0 d\u00e9fendre ses propres citoyens.<\/p>\n<p>Su\u00e8de : quand la justice d\u00e9raille<\/p>\n<p><a href=\"https:\/\/www.breizh-info.com\/2025\/10\/24\/252720\/suede-un-refugie-viole-une-mineure-mais-pas-assez-longtemps-pour-etre-expulse\/\" rel=\"nofollow noopener\" target=\"_blank\">En\u00a0<strong>Su\u00e8de<\/strong>, un autre drame a profond\u00e9ment choqu\u00e9 l\u2019opinion.<\/a><\/p>\n<p>Une jeune fille de seize ans, agress\u00e9e par un\u00a0<strong>r\u00e9fugi\u00e9 \u00e9rythr\u00e9en<\/strong>, a d\u00fb se battre pendant des mois pour que son agresseur soit reconnu coupable.<br \/>Condamn\u00e9 \u00e0 trois ans de prison, l\u2019homme\u00a0<strong>n\u2019a pas \u00e9t\u00e9 expuls\u00e9<\/strong>, la cour estimant que le viol n\u2019\u00e9tait pas \u00ab assez grave \u00bb pour justifier un renvoi.<\/p>\n<p>Cette d\u00e9cision surr\u00e9aliste a soulev\u00e9 une question simple mais terrible : \u00ab Si violer une mineure ne suffit pas \u00e0 \u00eatre expuls\u00e9, que faut-il faire de plus ? \u00bb<\/p>\n<p>Elle r\u00e9v\u00e8le le d\u00e9sarmement moral d\u2019un pays autrefois mod\u00e8le de rigueur et d\u2019ordre social, aujourd\u2019hui paralys\u00e9 par la peur de para\u00eetre \u00ab discriminatoire \u00bb.<\/p>\n<p>France : la trag\u00e9die de trop<\/p>\n<p>En\u00a0<strong>France<\/strong>, le souvenir du meurtre de\u00a0<strong>Lola<\/strong>, 12 ans, reste une plaie ouverte.<\/p>\n<p>Sa meurtri\u00e8re, une femme alg\u00e9rienne en situation irr\u00e9guli\u00e8re, aurait d\u00fb \u00eatre expuls\u00e9e depuis des mois. La loi, pourtant claire, n\u2019a pas \u00e9t\u00e9 appliqu\u00e9e.<br \/>Le crime a conduit \u00e0 l\u2019adoption d\u2019un projet de loi sur le contr\u00f4le de l\u2019immigration, finalement\u00a0<strong>vid\u00e9 de sa substance<\/strong>\u00a0par les pressions des associations et des partis de gauche.<\/p>\n<p>R\u00e9sultat : des milliers d\u2019\u00e9trangers condamn\u00e9s continuent de circuler librement sur le territoire.<br \/>Et lorsque des drames surviennent,\u00a0<strong>l\u2019indignation m\u00e9diatique dure 48 heures<\/strong>, avant de c\u00e9der la place \u00e0 l\u2019oubli.<\/p>\n<p>Une faillite morale et politique<\/p>\n<p>Partout, le sch\u00e9ma se r\u00e9p\u00e8te :<\/p>\n<ul>\n<li>Des criminels \u00e9trangers en situation irr\u00e9guli\u00e8re.<\/li>\n<li>Des victimes locales, souvent des enfants ou des jeunes femmes.<\/li>\n<li>Des \u00c9tats impuissants ou complaisants.<\/li>\n<li>Et des m\u00e9dias qui s\u2019empressent de d\u00e9noncer \u00ab les amalgames \u00bb plut\u00f4t que d\u2019interroger les causes.<\/li>\n<\/ul>\n<p>Ce double standard d\u00e9truit la confiance dans les institutions.<br \/>L\u2019Europe, autrefois fi\u00e8re de ses valeurs, semble d\u00e9sormais\u00a0<strong>accepter l\u2019inacceptable<\/strong>\u00a0au nom d\u2019une tol\u00e9rance devenue dogme.<br \/>On prot\u00e8ge l\u2019\u00e9tranger fautif, on suspecte le citoyen en col\u00e8re, on redoute le mot \u00ab expulsion \u00bb plus que le mot \u00ab viol \u00bb.<\/p>\n<p>Europe trahit ses filles<\/p>\n<p>Des noms comme ceux de\u00a0<strong>Lola<\/strong>, de\u00a0<strong>Meya<\/strong> en Su\u00e8de, ou d\u2019autres enfants anonymes d\u2019Irlande ou d\u2019Angleterre, rappellent une v\u00e9rit\u00e9 d\u00e9rangeante : <strong>la premi\u00e8re mission d\u2019un \u00c9tat est de prot\u00e9ger les siens.<\/strong><\/p>\n<p>Et quand un gouvernement pr\u00e9f\u00e8re pr\u00e9server sa r\u00e9putation \u00ab morale \u00bb plut\u00f4t que ses enfants, il n\u2019est plus qu\u2019un gestionnaire moralement ruin\u00e9 et surtout, il se transforme en bourreau vis \u00e0 vis de son peuple.<\/p>\n<p>Tant que les fronti\u00e8res resteront poreuses et que la justice se pliera \u00e0 la peur du politiquement correct, les drames continueront. Et l\u2019Europe comptera encore d\u2019autres victimes, d\u2019autres visages oubli\u00e9s, d\u2019autres familles \u00e0 qui l\u2019on expliquera que \u00ab le syst\u00e8me a failli \u00bb.<\/p>\n<p>Mais ce n\u2019est plus le syst\u00e8me qui faillit.<\/p>\n<p>C\u2019est\u00a0<strong>la civilisation elle-m\u00eame<\/strong>\u00a0qui, par faiblesse ou par l\u00e2chet\u00e9,\u00a0<strong>cesse de d\u00e9fendre ses filles<\/strong>.<\/p>\n<p>Illustration : DR<br \/>[cc] Article relu et corrig\u00e9 (orthographe, syntaxe) par ChatGPT.<\/p>\n<p>Breizh-info.com, 2025, d\u00e9p\u00eaches libres de copie et de diffusion sous r\u00e9serve de mention et de lien vers la source d\u2019origine<\/p>\n","protected":false},"excerpt":{"rendered":"Du Royaume-Uni \u00e0 la Su\u00e8de, en passant par la France et l\u2019Irlande, les faits divers s\u2019accumulent, mettant en&hellip;\n","protected":false},"author":2,"featured_media":496899,"comment_status":"","ping_status":"","sticky":false,"template":"","format":"standard","meta":{"footnotes":""},"categories":[1586],"tags":[11,61922,2951,61923,1719,1777,674,5219,61924,4651,1011,27,6430,1061,2825,516,303,1251,12,35319,25,473,656,7199,1265],"class_list":{"0":"post-496898","1":"post","2":"type-post","3":"status-publish","4":"format-standard","5":"has-post-thumbnail","7":"category-europe","8":"tag-actualites","9":"tag-civilisation-europeenne","10":"tag-criminalite","11":"tag-delinquance-etrangere","12":"tag-enfants","13":"tag-eu","14":"tag-europe","15":"tag-expulsion","16":"tag-faillite-de-letat","17":"tag-femmes","18":"tag-fr","19":"tag-france","20":"tag-frontieres","21":"tag-immigration","22":"tag-insecurite","23":"tag-irlande","24":"tag-justice","25":"tag-migrants","26":"tag-news","27":"tag-politique-migratoire","28":"tag-republique-francaise","29":"tag-royaume-uni","30":"tag-securite","31":"tag-suede","32":"tag-viol"},"share_on_mastodon":{"url":"https:\/\/pubeurope.com\/@fr\/115455539584714015","error":""},"_links":{"self":[{"href":"https:\/\/www.europesays.com\/fr\/wp-json\/wp\/v2\/posts\/496898","targetHints":{"allow":["GET"]}}],"collection":[{"href":"https:\/\/www.europesays.com\/fr\/wp-json\/wp\/v2\/posts"}],"about":[{"href":"https:\/\/www.europesays.com\/fr\/wp-json\/wp\/v2\/types\/post"}],"author":[{"embeddable":true,"href":"https:\/\/www.europesays.com\/fr\/wp-json\/wp\/v2\/users\/2"}],"replies":[{"embeddable":true,"href":"https:\/\/www.europesays.com\/fr\/wp-json\/wp\/v2\/comments?post=496898"}],"version-history":[{"count":0,"href":"https:\/\/www.europesays.com\/fr\/wp-json\/wp\/v2\/posts\/496898\/revisions"}],"wp:featuredmedia":[{"embeddable":true,"href":"https:\/\/www.europesays.com\/fr\/wp-json\/wp\/v2\/media\/496899"}],"wp:attachment":[{"href":"https:\/\/www.europesays.com\/fr\/wp-json\/wp\/v2\/media?parent=496898"}],"wp:term":[{"taxonomy":"category","embeddable":true,"href":"https:\/\/www.europesays.com\/fr\/wp-json\/wp\/v2\/categories?post=496898"},{"taxonomy":"post_tag","embeddable":true,"href":"https:\/\/www.europesays.com\/fr\/wp-json\/wp\/v2\/tags?post=496898"}],"curies":[{"name":"wp","href":"https:\/\/api.w.org\/{rel}","templated":true}]}}