{"id":496900,"date":"2025-10-29T04:21:12","date_gmt":"2025-10-29T04:21:12","guid":{"rendered":"https:\/\/www.europesays.com\/fr\/496900\/"},"modified":"2025-10-29T04:21:12","modified_gmt":"2025-10-29T04:21:12","slug":"pour-son-retour-a-metz-matthieu-udol-na-pas-eu-le-droit-a-des-places-pour-ses-proches-ligue-1-j10-metz-lens","status":"publish","type":"post","link":"https:\/\/www.europesays.com\/fr\/496900\/","title":{"rendered":"Pour son retour \u00e0 Metz, Matthieu Udol n\u2019a pas eu le droit \u00e0 des places pour ses proches &#8211; Ligue 1 &#8211; J10 &#8211; Metz-Lens"},"content":{"rendered":"<p>Et vous, comment se passe la relation avec votre ex ?<\/p>\n<p>Une <strong>relation longue de 19 ans<\/strong> ne s\u2019oublie pas du jour au lendemain, si ? Celle entre Matthieu Udol et le FC Metz, commenc\u00e9e d\u00e8s l\u2019enfance au centre de formation, marqu\u00e9e dans la chair avec <a target=\"_blank\" href=\"https:\/\/www.sofoot.com\/articles\/matthieu-udol-je-pourrais-presque-etre-kine-france-fc-metz\" rel=\"nofollow noopener\">quatre ruptures du ligament crois\u00e9 du genou droit<\/a>, et symbolis\u00e9e par une fid\u00e9lit\u00e9 \u00e0 toute \u00e9preuve, <a target=\"_blank\" href=\"https:\/\/www.sofoot.com\/breves\/matthieu-udol-quitte-le-fc-metz-apres-19-annees-passees-au-club\" rel=\"noopener nofollow\">s\u2019est termin\u00e9e en eau de boudin<\/a>.<\/p>\n<p>Ni le club ni le joueur ne veut faire un pas vers l\u2019autre<\/p>\n<p>Apr\u00e8s des ann\u00e9es \u00e0 suivre l\u2019ascenseur malgr\u00e9 un niveau de jeu qui lui promettait de jours meilleurs dans un club de plus haut standing, <strong>le lat\u00e9ral gauche a d\u00e9cid\u00e9 de faire ses valises pour Lens<\/strong>. Un\u00a0 choix qui n\u2019est toujours pas pass\u00e9 du c\u00f4t\u00e9 de la Moselle. C\u2019est surtout le prix du transfert qui a d\u00e9\u00e7u \u2013 3,5 millions d\u2019euros et 1,5 millions de bonus \u2013 comme si la perte de son capitaine embl\u00e9matique \u00e9tait inestimable. Aucune des deux parties ne compte faire un pas vers l\u2019autre, ni le club, mauvais joueur, ni Udol, amer de cette sortie rat\u00e9e.<\/p>\n<p>Son retour \u00e0 Saint-Symphorien, ce mercredi, s\u2019annonce donc bouillant. Surtout que, d\u2019apr\u00e8s les informations de <a target=\"_blank\" href=\"https:\/\/www.lequipe.fr\/Football\/Actualites\/Billets-pour-ses-proches-refuses-apres-son-transfert-mal-digere-metz-ne-deroulera-pas-le-tapis-rouge-pour-accueillir-matthieu-udol-avec-lens\/1605437\" rel=\"noopener nofollow\">L\u2019\u00c9quipe<\/a>, <strong>le FC Metz n\u2019a pas accept\u00e9 la demande de billets du joueur pour ses proches<\/strong>. Pas franchement classe. Celui qui a d\u00e9j\u00e0 charm\u00e9 Bollaert en quelques semaines a tout de m\u00eame r\u00e9ussi \u00e0 s\u2019en procurer et va sans doute avoir encore plus \u00e0 c\u0153ur de soigner ses retrouvailles avec son jardin.<\/p>\n<p>Bon dernier de Ligue 1, le FC Metz arrive pourtant encore \u00e0 creuser.<\/p>\n<p>\t\t\t\t\t\t\t\t\t\t<a class=\"lien-connexe\" href=\"https:\/\/www.sofoot.com\/articles\/ce-quil-faut-retenir-resume-de-la-neuvieme-journee-de-ligue-1\" rel=\"nofollow noopener\" target=\"_blank\">Ce qu\u2019il faut retenir de la neuvi\u00e8me journ\u00e9e de Ligue 1<\/a>\t\t\t\t\t<\/p>\n","protected":false},"excerpt":{"rendered":"Et vous, comment se passe la relation avec votre ex ? Une relation longue de 19 ans ne&hellip;\n","protected":false},"author":2,"featured_media":496901,"comment_status":"","ping_status":"","sticky":false,"template":"","format":"standard","meta":{"footnotes":""},"categories":[1586],"tags":[47,11,61,69,65,64,1777,674,1779,63,1011,27,68,66,12,62,70,25,67,1778,364],"class_list":{"0":"post-496900","1":"post","2":"type-post","3":"status-publish","4":"format-standard","5":"has-post-thumbnail","7":"category-europe","8":"tag-actualite","9":"tag-actualites","10":"tag-actus-football","11":"tag-bundesliga","12":"tag-championnats-europeens","13":"tag-equipe-de-france","14":"tag-eu","15":"tag-europe","16":"tag-european-union","17":"tag-football","18":"tag-fr","19":"tag-france","20":"tag-ligua","21":"tag-ligue-1","22":"tag-news","23":"tag-news-foot","24":"tag-premier-league","25":"tag-republique-francaise","26":"tag-serie-a","27":"tag-ue","28":"tag-union-europeenne"},"share_on_mastodon":{"url":"https:\/\/pubeurope.com\/@fr\/115455543635868246","error":""},"_links":{"self":[{"href":"https:\/\/www.europesays.com\/fr\/wp-json\/wp\/v2\/posts\/496900","targetHints":{"allow":["GET"]}}],"collection":[{"href":"https:\/\/www.europesays.com\/fr\/wp-json\/wp\/v2\/posts"}],"about":[{"href":"https:\/\/www.europesays.com\/fr\/wp-json\/wp\/v2\/types\/post"}],"author":[{"embeddable":true,"href":"https:\/\/www.europesays.com\/fr\/wp-json\/wp\/v2\/users\/2"}],"replies":[{"embeddable":true,"href":"https:\/\/www.europesays.com\/fr\/wp-json\/wp\/v2\/comments?post=496900"}],"version-history":[{"count":0,"href":"https:\/\/www.europesays.com\/fr\/wp-json\/wp\/v2\/posts\/496900\/revisions"}],"wp:featuredmedia":[{"embeddable":true,"href":"https:\/\/www.europesays.com\/fr\/wp-json\/wp\/v2\/media\/496901"}],"wp:attachment":[{"href":"https:\/\/www.europesays.com\/fr\/wp-json\/wp\/v2\/media?parent=496900"}],"wp:term":[{"taxonomy":"category","embeddable":true,"href":"https:\/\/www.europesays.com\/fr\/wp-json\/wp\/v2\/categories?post=496900"},{"taxonomy":"post_tag","embeddable":true,"href":"https:\/\/www.europesays.com\/fr\/wp-json\/wp\/v2\/tags?post=496900"}],"curies":[{"name":"wp","href":"https:\/\/api.w.org\/{rel}","templated":true}]}}