{"id":496912,"date":"2025-10-29T04:28:17","date_gmt":"2025-10-29T04:28:17","guid":{"rendered":"https:\/\/www.europesays.com\/fr\/496912\/"},"modified":"2025-10-29T04:28:17","modified_gmt":"2025-10-29T04:28:17","slug":"sabalenka-avec-la-tenante-du-titre-gauff-swiatek-defiera-anisimova","status":"publish","type":"post","link":"https:\/\/www.europesays.com\/fr\/496912\/","title":{"rendered":"Sabalenka avec la tenante du titre Gauff, Swiatek d\u00e9fiera Anisimova"},"content":{"rendered":"<p>                <img decoding=\"async\" src=\"https:\/\/www.europesays.com\/fr\/wp-content\/uploads\/2025\/10\/w9pT.jpg\" fetchpriority=\"high\" alt=\"Les groupes des WTA Finals 2025 sont connus : Sabalenka avec la tenante du titre Gauff, Swiatek d\u00e9fiera Anisimova\"\/><\/p>\n<p><strong>\u00c0 partir du 1er novembre, les WTA Finals 2025 auront lieu \u00e0 Riyad, dans la capitale saoudienne.<\/strong><\/p>\n<p>La fin de saison se pr\u00e9cise sur le circuit WTA. Alors que les derniers tournois WTA 250 sont organis\u00e9s \u00e0 Jiujang et Hong Kong cette semaine, les WTA Finals, tournoi r\u00e9unissant les huit joueuses ayant accumul\u00e9 le plus de points depuis le mois de janvier, se d\u00e9rouleront du 1er au 8 novembre prochain \u00e0 Riyad, capitale de l\u2019Arabie Saoudite, pour la deuxi\u00e8me saison cons\u00e9cutive.<\/p>\n<p>Tenante du titre, Coco Gauff devra affronter Aryna Sabalenka, Jessica Pegula ainsi que Jasmine Paolini dans le Groupe Steffi Graf. Dans le Groupe Serena Williams, les quatre autres joueuses qualifi\u00e9es pour cette \u00e9dition 2025 du Masters, \u00e0 savoir Iga Swiatek, Amanda Anisimova, Elena Rybakina et Madison Keys, s\u2019affronteront pour tenter de rejoindre le tour suivant.<\/p>\n<p>Pour rappel, le format des WTA Finals est le suivant : chaque joueuse affrontera les trois autres participantes de la poule dans laquelle elle est engag\u00e9e, puis les deux premi\u00e8res de chaque groupe rejoindront les demi-finales.<\/p>\n<p>Le premier du Groupe Steffi Graf affrontera le deuxi\u00e8me du Groupe Serena Williams, et le deuxi\u00e8me du Groupe Steffi Graf d\u00e9fiera de son c\u00f4t\u00e9 le premier du Groupe Serena Williams \u00e0 l&rsquo;issue des trois matchs de poules.<\/p>\n<p>\u00c0 partir du dernier carr\u00e9, retour \u00e0 un format classique d&rsquo;un tournoi WTA avec les demi-finales, puis la finale le lendemain. Les affiches de la premi\u00e8re journ\u00e9e de chaque poule devraient \u00eatre connues dans les prochaines heures.<\/p>\n","protected":false},"excerpt":{"rendered":"\u00c0 partir du 1er novembre, les WTA Finals 2025 auront lieu \u00e0 Riyad, dans la capitale saoudienne. La&hellip;\n","protected":false},"author":2,"featured_media":496913,"comment_status":"","ping_status":"","sticky":false,"template":"","format":"standard","meta":{"footnotes":""},"categories":[1415],"tags":[1011,27,60,1467],"class_list":{"0":"post-496912","1":"post","2":"type-post","3":"status-publish","4":"format-standard","5":"has-post-thumbnail","7":"category-tennis","8":"tag-fr","9":"tag-france","10":"tag-sports","11":"tag-tennis"},"share_on_mastodon":{"url":"https:\/\/pubeurope.com\/@fr\/115455571472577301","error":""},"_links":{"self":[{"href":"https:\/\/www.europesays.com\/fr\/wp-json\/wp\/v2\/posts\/496912","targetHints":{"allow":["GET"]}}],"collection":[{"href":"https:\/\/www.europesays.com\/fr\/wp-json\/wp\/v2\/posts"}],"about":[{"href":"https:\/\/www.europesays.com\/fr\/wp-json\/wp\/v2\/types\/post"}],"author":[{"embeddable":true,"href":"https:\/\/www.europesays.com\/fr\/wp-json\/wp\/v2\/users\/2"}],"replies":[{"embeddable":true,"href":"https:\/\/www.europesays.com\/fr\/wp-json\/wp\/v2\/comments?post=496912"}],"version-history":[{"count":0,"href":"https:\/\/www.europesays.com\/fr\/wp-json\/wp\/v2\/posts\/496912\/revisions"}],"wp:featuredmedia":[{"embeddable":true,"href":"https:\/\/www.europesays.com\/fr\/wp-json\/wp\/v2\/media\/496913"}],"wp:attachment":[{"href":"https:\/\/www.europesays.com\/fr\/wp-json\/wp\/v2\/media?parent=496912"}],"wp:term":[{"taxonomy":"category","embeddable":true,"href":"https:\/\/www.europesays.com\/fr\/wp-json\/wp\/v2\/categories?post=496912"},{"taxonomy":"post_tag","embeddable":true,"href":"https:\/\/www.europesays.com\/fr\/wp-json\/wp\/v2\/tags?post=496912"}],"curies":[{"name":"wp","href":"https:\/\/api.w.org\/{rel}","templated":true}]}}