{"id":496918,"date":"2025-10-29T04:35:10","date_gmt":"2025-10-29T04:35:10","guid":{"rendered":"https:\/\/www.europesays.com\/fr\/496918\/"},"modified":"2025-10-29T04:35:10","modified_gmt":"2025-10-29T04:35:10","slug":"je-peux-lavouer-maintenant-cette-confidence-franche-de-lancien-president","status":"publish","type":"post","link":"https:\/\/www.europesays.com\/fr\/496918\/","title":{"rendered":"\u00ab\u00a0Je peux l\u2019avouer maintenant\u00a0\u00bb, cette confidence franche de l\u2019ancien pr\u00e9sident"},"content":{"rendered":"<p>Nicolas Sarkozy a certainement marqu\u00e9 la France durant ses<br \/>\nann\u00e9es pass\u00e9es en politique. Maire de Neuilly-sur-Seine avant ses<br \/>\n30 ans, il est plus tard nomm\u00e9 ministre de l\u00a0\u00bbInt\u00e9rieur sous la<br \/>\npr\u00e9sidence de Jacques Chirac. Pass\u00e9 ensuite ministre d&rsquo;\u00c9tat,<br \/>\nministre de l&rsquo;\u00c9conomie, des Finances et de l&rsquo;Industrie, Sarkozy<br \/>\natteint finalement la fonction supr\u00eame en 2007 en \u00e9tant \u00e9lu<br \/>\npr\u00e9sident de la R\u00e9publique fran\u00e7aise avec 53,06% des voix. Un<br \/>\nparcours remarquable pour celui qui fait aujourd\u2019hui face \u00e0 des<br \/>\nprobl\u00e8mes avec la justice.<\/p>\n<p>Nicolas Sarkozy : cette rencontre marquante avec Maxime Le<br \/>\nForestier<\/p>\n<p>En tant qu\u2019homme politique, Nicolas Sarkozy a eu la chance de<br \/>\n<a href=\"https:\/\/www.melty.fr\/people\/apres-avoir-longtemps-cotoye-nicolas-sarkozy-julien-clerc-balance-il-est-de-loin-2271726.html\" target=\"_blank\" rel=\"noopener\"><br \/>\nc\u00f4toyer de nombreuses personnalit\u00e9s publiques<\/a> parmi lesquelles<br \/>\n<strong>Maxime Le Forestier dont il est absolument fan<\/strong>. De<br \/>\npassage dans Dis-moi ce que tu chantes sur Europe 1 en janvier<br \/>\n2022, l\u2019ancien chef d\u2019Etat \u00e9tait revenu sur <strong>leur premi\u00e8re<br \/>\nrencontre<\/strong>. <strong>\u00ab\u00a0On s&rsquo;\u00e9tait rencontr\u00e9s sur<br \/>\nl&rsquo;affaire des droits d&rsquo;auteur<\/strong>. J&rsquo;ai toujours pens\u00e9 que<br \/>\nc&rsquo;\u00e9tait du vol de ne pas payer les artistes pour ce qu&rsquo;ils font et<br \/>\ntr\u00e8s peu nombreux \u00e9taient les gens qui avaient le courage de<br \/>\nsoutenir ma proposition Hadopi. Et <strong>Maxime \u00e9tait de<br \/>\nceux-l\u00e0\u00a0\u00bb<\/strong>, s\u2019\u00e9tait-il d\u2019abord rappel\u00e9.<\/p>\n<p>Nicolas Sarkozy avoue par ailleurs avoir \u00e9t\u00e9<br \/>\n<strong>\u00ab\u00a0emport\u00e9\u00a0\u00bb par le personnage<\/strong>. Il faut dire<br \/>\nque Maxime Le Forestier a fait forte impression aupr\u00e8s de l\u2019\u00e9poux<br \/>\nde Carla Bruni : <strong>\u00ab\u00a0Il avait cette barbe, et ses cheveux<br \/>\nlongs<\/strong>. C&rsquo;\u00e9tait avant San Francisco. Moi <strong>j&rsquo;avais<br \/>\n\u00e9t\u00e9 emport\u00e9 tout de suite par ce gar\u00e7on\u00a0\u00bb<\/strong>.<\/p>\n<p>L\u2019ex-pr\u00e9sident proche du chanteur depuis des ann\u00e9es<\/p>\n<p>Invit\u00e9 de Didier Barbelivien sur Europe 1 et visiblement tr\u00e8s<br \/>\nbavard \u00e0 l\u2019\u00e9poque, Nicolas Sarkozy s\u2019\u00e9tait laiss\u00e9 aller \u00e0<br \/>\n<strong>de tendres confidences sur Maxime Le Forestier<\/strong>.<br \/>\nL\u2019occasion pour lui d\u2019\u00e9voquer <strong>une soir\u00e9e m\u00e9morable pass\u00e9e<br \/>\nen compagnie de l\u2019auteur-compositeur-interpr\u00e8te<\/strong><br \/>\nfran\u00e7ais.<\/p>\n<p>\u00ab\u00a0J\u2019ai connu Maxime quand j\u2019\u00e9tais ministre de l\u2019Int\u00e9rieur. Il<br \/>\navait fait un album complet sur Brassens\u00a0\u00bb, avait d\u2019abord tenu<br \/>\n\u00e0 recontextualiser Nicolas Sarkozy. L\u2019homme politique, qui a<br \/>\nr\u00e9cemment vu sa vie basculer &#8211; il est aujourd\u2019hui <a href=\"https:\/\/www.melty.fr\/people\/nicolas-sarkozy-en-prison-son-quotidien-devoile-achat-de-thon-et-de-yaourts-coups-de-balai-2271412.html\" target=\"_blank\" rel=\"noopener\"><br \/>\nincarc\u00e9r\u00e9 \u00e0 la prison de la Sant\u00e9<\/a> apr\u00e8s avoir \u00e9t\u00e9 reconnu<br \/>\ncoupable d\u2019association de malfaiteurs -, avait fait<br \/>\n<strong>quelques r\u00e9v\u00e9lations croustillantes sur cette fameuse<br \/>\nsoir\u00e9e<\/strong>.<\/p>\n<p>Cette soir\u00e9e \u00ab\u00a0jusqu\u2019\u00e0 3 ou 4 heures du<br \/>\nmatin\u00a0\u00bb racont\u00e9e par Nicolas Sarkozy<\/p>\n<p><strong>\u00ab\u00a0On avait pass\u00e9 une soir\u00e9e, je peux l\u2019avouer<br \/>\nmaintenant&#8230; Jusqu\u2019\u00e0 3 ou 4 heures du matin<\/strong>, j\u2019\u00e9tais<br \/>\ncrev\u00e9 et <strong>j\u2019avais un d\u00e9placement \u00e0 faire le<br \/>\nlendemain\u00a0\u00bb<\/strong>, se souvient celui qui a pr\u00e9sid\u00e9 la France<br \/>\nde 2007 \u00e0 2012. Et de poursuivre sans d\u00e9tour : \u00ab\u00a0On avait pass\u00e9<br \/>\nsouviens-toi, une soir\u00e9e de r\u00eave, de fraternit\u00e9\u00a0\u00bb.<\/p>\n<p>Le musicien Didier Barbelivien, lui aussi pr\u00e9sent ce soir-l\u00e0<br \/>\navec Nicolas Sarkozy et Maxime Le Forestier, ajoutait \u00e0 son tour au<br \/>\nmicro d\u2019Europe 1 : <strong>\u00ab\u00a0Je t\u2019ai m\u00eame dit, il ne vaut mieux<br \/>\npas aller te coucher tu vas te r\u00e9veiller fatigu\u00e9<\/strong>. L\u00e0 t\u2019es<br \/>\nen pleine forme, reste comme \u00e7a\u00a0\u00bb. Des ann\u00e9es apr\u00e8s, les<br \/>\nsouvenirs sont toujours aussi vifs.<\/p>\n","protected":false},"excerpt":{"rendered":"Nicolas Sarkozy a certainement marqu\u00e9 la France durant ses ann\u00e9es pass\u00e9es en politique. Maire de Neuilly-sur-Seine avant ses&hellip;\n","protected":false},"author":2,"featured_media":496919,"comment_status":"","ping_status":"","sticky":false,"template":"","format":"standard","meta":{"footnotes":""},"categories":[1359],"tags":[905,58,59,1011,27,3091,973],"class_list":{"0":"post-496918","1":"post","2":"type-post","3":"status-publish","4":"format-standard","5":"has-post-thumbnail","7":"category-people","8":"tag-a-la-une-melty","9":"tag-divertissement","10":"tag-entertainment","11":"tag-fr","12":"tag-france","13":"tag-nicolas-sarkozy","14":"tag-people"},"share_on_mastodon":{"url":"https:\/\/pubeurope.com\/@fr\/115455598474777708","error":""},"_links":{"self":[{"href":"https:\/\/www.europesays.com\/fr\/wp-json\/wp\/v2\/posts\/496918","targetHints":{"allow":["GET"]}}],"collection":[{"href":"https:\/\/www.europesays.com\/fr\/wp-json\/wp\/v2\/posts"}],"about":[{"href":"https:\/\/www.europesays.com\/fr\/wp-json\/wp\/v2\/types\/post"}],"author":[{"embeddable":true,"href":"https:\/\/www.europesays.com\/fr\/wp-json\/wp\/v2\/users\/2"}],"replies":[{"embeddable":true,"href":"https:\/\/www.europesays.com\/fr\/wp-json\/wp\/v2\/comments?post=496918"}],"version-history":[{"count":0,"href":"https:\/\/www.europesays.com\/fr\/wp-json\/wp\/v2\/posts\/496918\/revisions"}],"wp:featuredmedia":[{"embeddable":true,"href":"https:\/\/www.europesays.com\/fr\/wp-json\/wp\/v2\/media\/496919"}],"wp:attachment":[{"href":"https:\/\/www.europesays.com\/fr\/wp-json\/wp\/v2\/media?parent=496918"}],"wp:term":[{"taxonomy":"category","embeddable":true,"href":"https:\/\/www.europesays.com\/fr\/wp-json\/wp\/v2\/categories?post=496918"},{"taxonomy":"post_tag","embeddable":true,"href":"https:\/\/www.europesays.com\/fr\/wp-json\/wp\/v2\/tags?post=496918"}],"curies":[{"name":"wp","href":"https:\/\/api.w.org\/{rel}","templated":true}]}}