{"id":496923,"date":"2025-10-29T04:39:24","date_gmt":"2025-10-29T04:39:24","guid":{"rendered":"https:\/\/www.europesays.com\/fr\/496923\/"},"modified":"2025-10-29T04:39:24","modified_gmt":"2025-10-29T04:39:24","slug":"elle-est-arrivee-elle-a-fait","status":"publish","type":"post","link":"https:\/\/www.europesays.com\/fr\/496923\/","title":{"rendered":"\u201cElle est arriv\u00e9e, elle a fait\u2026\u201d"},"content":{"rendered":"<p><strong>Amel Bent et Vitaa font office de s\u0153urs soleil de la<br \/>\nchanson fran\u00e7aise.<\/strong> Elles ont m\u00eame collabor\u00e9 ensemble sur<br \/>\nl\u2019album intitul\u00e9 Sorore, en compagnie de <strong>Cam\u00e9lia<br \/>\nJordana<\/strong>. Ainsi rien ne peut ombrager le ciel d\u2019Amel Bent<br \/>\net sa comparse de toujours, Vitaa. Toutefois, les deux artistes<br \/>\npartagent un caract\u00e8re bien tremp\u00e9. <strong>La preuve avec cette<br \/>\nnouvelle passe d\u2019armes concernant une petite \u2018guerre froide\u2019 entre<br \/>\nles deux chanteuses qui dure depuis quelques ann\u00e9es.<\/strong><br \/>\nAccrochez vos ceintures, \u00e7a va d\u00e9coiffer !<\/p>\n<p>Amel Bent, r\u00e9v\u00e9lation de la Nouvelle star<\/p>\n<p><strong>Nous sommes dans les ann\u00e9es 2000. Amel Bent tente sa<br \/>\nchance dans le t\u00e9l\u00e9-crochet Nouvelle star sur M6.<\/strong> Elle ne<br \/>\nremporte pas la victoire malgr\u00e9 une place en demi-finale face \u00e0<br \/>\nl\u2019oubli\u00e9 aujourd\u2019hui <strong>Steeve Estatof<\/strong>. Toutefois, la<br \/>\njeune chanteuse a r\u00e9ussi \u00e0 conqu\u00e9rir le c\u0153ur du public. Elle se<br \/>\nsert du fameux programme comme d\u2019un tremplin artistique. Un<br \/>\njour d\u2019\u00e9t\u00e9, son premier album, sort assez rapidement avec le<br \/>\ntube Ma philosophie.<\/p>\n<p>Dans la carri\u00e8re d\u2019Amel Bent, il y a un avant et un apr\u00e8s Ma<br \/>\nPhilosophie. <strong>Ou comment un hit \u00e0 l\u2019allure d\u2019hymne \u00e0 la<br \/>\nmotivation, \u00e9crit en partie par la rappeuse Diam\u2019s, <a href=\"https:\/\/www.melty.fr\/people\/franco-algerienne-amel-bent-sans-langue-de-bois-sur-nicolas-sarkozy-jespere-que-la-prochaine-fois-vous-2271516.html\" target=\"_blank\" rel=\"noopener\"><br \/>\na propuls\u00e9 au sommet l\u2019artiste<\/a>.<\/strong> D\u00e8s lors, on l\u2019a<br \/>\ncompris, il faut compter sur Amel Bent dans la chanson fran\u00e7aise.<br \/>\nElle encha\u00eene avec deux autres single au potentiel tubesque :<br \/>\nLe Droit \u00e0 l\u2019erreur et Ne retiens pas tes larmes.<br \/>\nDepuis pr\u00e8s de 20 ans, Amel Bent a toujours le poing lev\u00e9\u2026<\/p>\n<p>Vitaa, crooneuse R&amp;B et pote de Slimane<\/p>\n<p><strong>De son c\u00f4t\u00e9, Vitaa se fait elle aussi conna\u00eetre gr\u00e2ce \u00e0<br \/>\nDiam\u2019s -d\u00e9cid\u00e9ment !- avec Confessions nocturnes.<\/strong><br \/>\nLe tube de toute une g\u00e9n\u00e9ration d\u2019adolescentes en proie \u00e0<br \/>\nl\u2019adult\u00e8re. Storytelling cin\u00e9matographique, avec un clip tr\u00e8s l\u00e9ch\u00e9<br \/>\n\u00e0 l\u2019appui qui booste la l\u00e9gende du titre, dans lequel la rappeuse<br \/>\net la crooneuse R&amp;B se renvoient la balle dans un ping-pong<br \/>\nverbal vertigineux. \u00c0 ce moment-l\u00e0, Vitaa est dans la place. Pour<br \/>\nlongtemps.<\/p>\n<p>Vitaa poursuit lentement mais s\u00fbrement sa carri\u00e8re.<br \/>\n<strong>2019, elle collabore avec Slimane, lui-m\u00eame r\u00e9v\u00e9l\u00e9 dans un<br \/>\nt\u00e9l\u00e9-crochet, The Voice, sur TF1, pour un projet commun.<\/strong><br \/>\nL\u2019album VersuS, et son single Avant toi,<br \/>\nest un carton. On retrouve \u00e9galement une collaboration avec Amel<br \/>\nBent. Vitaa est tr\u00e8s pote avec Slimane, y compris durant le<br \/>\n<strong>scandale sexuel<\/strong> qui a \u00e9clabouss\u00e9 le chanteur. Des<br \/>\ntechniciens de Vitaa <a href=\"https:\/\/www.melty.fr\/people\/les-techniciens-de-vitaa-refusent-de-collaborer-avec-slimane-elle-le-vit-comme-une-trahison-2200089.html\" target=\"_blank\" rel=\"noopener\"><br \/>\nont refus\u00e9 sa participation \u00e0 un concert<\/a>.<\/p>\n<p>Revancharde, Amel Bent se paie<br \/>\nVitaa<\/p>\n<p>2021, Amel Bent et Vitaa, avec Cam\u00e9lia Jordana, sortent leur<br \/>\npropre album collaboratif. <strong>Sorore est l\u00a0\u00bb\u0153uvre du<br \/>\ntrio, un disque sur fond de sororit\u00e9 musicale dans une industrie<br \/>\ntoujours aussi patriarcale \u00e0 l\u2019heure du post-MeToo.<\/strong> Plus<br \/>\ntard, Amel Bent et Vitaa se retrouvent au g\u00e9n\u00e9rique vocal du film<br \/>\nd\u2019animation Les Trolls 3. Pour l\u2019occasion, les deux<br \/>\nchanteuses se retrouvent dans la B<strong>o\u00eete aux<br \/>\nQuestions<\/strong> de <strong>Canal+<\/strong>. L\u00e0, celles qui ont<br \/>\ncollabor\u00e9 plusieurs fois ensemble sortent l\u2019artillerie lourde.<br \/>\n<strong>Elles ont un compte \u00e0 r\u00e9gler.<\/strong><\/p>\n<\/p>\n<p>\u201cElle va me tuer&#8230; Vitaa, elle a un probl\u00e8me avec la<br \/>\nlumi\u00e8re.\u201d, confesse Amel Bent dans un pr\u00e9c\u00e9dent num\u00e9ro de la<br \/>\nBaQ. Avant d\u2019ajouter : \u201cPar exemple, si on \u00e9tait l\u00e0 toutes les<br \/>\ndeux, elle me dirait &lsquo;Eh vas-y ma s\u0153ur, t&rsquo;as vu la light, l\u00e0,<br \/>\nelle arrive trop par la gauche, est-ce que je peux me mettre l\u00e0<br \/>\n?&rsquo; Du coup, je l&rsquo;ai surnomm\u00e9e \u2018Chalalight\u2019.\u201d<br \/>\nVitaa n\u2019est pas en reste puisqu\u2019elle balance elle aussi<br \/>\n\u201cun doss\u201d sur sa cons\u0153ur dans la m\u00eame \u00e9mission :<br \/>\n\u201cQuand on fait une \u00e9mission de t\u00e9l\u00e9, elle est tellement<br \/>\nstress\u00e9e qu\u2019elle a besoin de r\u00e9p\u00e9ter pendant \u00e0 peu pr\u00e8s 3h30<br \/>\n[&#8230;]\u201d S\u2019ensuit une imitation d\u2019Amel Bent par Vitaa faisant des<br \/>\ngammes. Retour \u00e0 la r\u00e9alit\u00e9, dans la Bo\u00eete aux Questions pour la<br \/>\npromo des Trolls 3. <strong>Amel Bent balance \u00e0 Vitaa qui<br \/>\nest \u00e0 ses c\u00f4t\u00e9s :<\/strong> \u201cEst-ce qu\u2019on a eu le choix, l\u00e0, de<br \/>\nnos places ?\u201d Vitaa se marre alors. L\u2019interpr\u00e8te de<br \/>\nMa Philosophie r\u00e9pond \u00e0 sa question rh\u00e9torique<br \/>\nface cam\u00e9ra : \u201cJe vous le dit : \u2018Non\u2019. V<strong>itaa<br \/>\nest arriv\u00e9e, elle s\u2019est assise comme \u00e7a, elle fait comme<br \/>\n\u00e7a.<\/strong>\u201d Amel Bent imite ensuite sa pote en faisant des<br \/>\nposes de mannequin. Qui aime bien ch\u00e2tie bien ?<\/p>\n","protected":false},"excerpt":{"rendered":"Amel Bent et Vitaa font office de s\u0153urs soleil de la chanson fran\u00e7aise. Elles ont m\u00eame collabor\u00e9 ensemble&hellip;\n","protected":false},"author":2,"featured_media":496924,"comment_status":"","ping_status":"","sticky":false,"template":"","format":"standard","meta":{"footnotes":""},"categories":[1355],"tags":[20546,1102,21303,58,59,1011,27,61777,1361,873,26648,729],"class_list":{"0":"post-496923","1":"post","2":"type-post","3":"status-publish","4":"format-standard","5":"has-post-thumbnail","7":"category-musique","8":"tag-amel-bent","9":"tag-breakingnews","10":"tag-buzz_nonli","11":"tag-divertissement","12":"tag-entertainment","13":"tag-fr","14":"tag-france","15":"tag-has_video","16":"tag-music","17":"tag-musique","18":"tag-vitaa","19":"tag-yout_video"},"share_on_mastodon":{"url":"https:\/\/pubeurope.com\/@fr\/115455614535783550","error":""},"_links":{"self":[{"href":"https:\/\/www.europesays.com\/fr\/wp-json\/wp\/v2\/posts\/496923","targetHints":{"allow":["GET"]}}],"collection":[{"href":"https:\/\/www.europesays.com\/fr\/wp-json\/wp\/v2\/posts"}],"about":[{"href":"https:\/\/www.europesays.com\/fr\/wp-json\/wp\/v2\/types\/post"}],"author":[{"embeddable":true,"href":"https:\/\/www.europesays.com\/fr\/wp-json\/wp\/v2\/users\/2"}],"replies":[{"embeddable":true,"href":"https:\/\/www.europesays.com\/fr\/wp-json\/wp\/v2\/comments?post=496923"}],"version-history":[{"count":0,"href":"https:\/\/www.europesays.com\/fr\/wp-json\/wp\/v2\/posts\/496923\/revisions"}],"wp:featuredmedia":[{"embeddable":true,"href":"https:\/\/www.europesays.com\/fr\/wp-json\/wp\/v2\/media\/496924"}],"wp:attachment":[{"href":"https:\/\/www.europesays.com\/fr\/wp-json\/wp\/v2\/media?parent=496923"}],"wp:term":[{"taxonomy":"category","embeddable":true,"href":"https:\/\/www.europesays.com\/fr\/wp-json\/wp\/v2\/categories?post=496923"},{"taxonomy":"post_tag","embeddable":true,"href":"https:\/\/www.europesays.com\/fr\/wp-json\/wp\/v2\/tags?post=496923"}],"curies":[{"name":"wp","href":"https:\/\/api.w.org\/{rel}","templated":true}]}}