{"id":496946,"date":"2025-10-29T04:55:17","date_gmt":"2025-10-29T04:55:17","guid":{"rendered":"https:\/\/www.europesays.com\/fr\/496946\/"},"modified":"2025-10-29T04:55:17","modified_gmt":"2025-10-29T04:55:17","slug":"toulon-14-prises-de-commandement-cet-ete-pour-la-force-daction-navale","status":"publish","type":"post","link":"https:\/\/www.europesays.com\/fr\/496946\/","title":{"rendered":"Toulon : 14 prises de commandement cet \u00e9t\u00e9 pour la Force d&rsquo;Action Navale"},"content":{"rendered":"<p>Le vendredi 03 juillet 2009, le vice amiral d&rsquo;escadre Bertrand Aubriot, commandant la Force d&rsquo;action navale, reconna\u00eetra le capitaine de vaisseau Jean-philippe Rolland comme nouveau commandant du porte-avions Charles de Gaulle. Cette prise de commandement sur le plus embl\u00e9matique des b\u00e2timents de la marine nationale sera \u00e9galement la premi\u00e8re d&rsquo;une longue s\u00e9rie \u00e0 Toulon au cours de l&rsquo;\u00e9t\u00e9 puisque 13 autres officiers et officiers mariniers sup\u00e9rieurs acc\u00e8deront au commandement d&rsquo;un b\u00e2timent de la Force d&rsquo;action navale sur la fa\u00e7ade m\u00e9diterran\u00e9enne.   Exceptionnellement, la c\u00e9r\u00e9monie de prise de commandemment du CDIC Hallebarde est organis\u00e9e aujourd&rsquo;hui lors de son escale \u00e0 Tarascon. Quant au b\u00e2timent hydrographique et oc\u00e9anographique Beautemps-Beaupr\u00e9, bas\u00e9 \u00e0 Brest, il profite de son escale toulonaise pour organiser sa c\u00e9r\u00e9monie de prise de commandement le vendredi 31 juillet 2009.      <\/p>\n<p>Les nouveaux commandants : <\/p>\n<p>    Arago : CF Delaroche <\/p>\n<p>Beautemps-Beaupr\u00e9 : CF Rest<\/p>\n<p>Charles de Gaulle : CV Rolland<\/p>\n<p>Courbet : CF Hamelin<\/p>\n<p>Dupleix : CV Velly<\/p>\n<p>Forbin : CV Rey<\/p>\n<p>Foudre : CV Petitdidier<\/p>\n<p>Gr\u00e8be : LV Salvaterra<\/p>\n<p>Hallebarde : MP Moreau<\/p>\n<p>Meuse : CF Hudault<\/p>\n<p>Pluton : LV Battet<\/p>\n<p>Somme : CF Buat<\/p>\n<p>Tonnerre : CV Ebanga<\/p>\n<p>Var : CF Mistler<\/p>\n","protected":false},"excerpt":{"rendered":"Le vendredi 03 juillet 2009, le vice amiral d&rsquo;escadre Bertrand Aubriot, commandant la Force d&rsquo;action navale, reconna\u00eetra le&hellip;\n","protected":false},"author":2,"featured_media":496947,"comment_status":"","ping_status":"","sticky":false,"template":"","format":"standard","meta":{"footnotes":""},"categories":[9619],"tags":[1111,11,6130,6141,6131,6138,2380,6135,554,1777,6136,674,1011,27,6139,6134,3135,6128,567,6129,6127,12,6132,4838,882,6133,25,6140,6137,2310],"class_list":{"0":"post-496946","1":"post","2":"type-post","3":"status-publish","4":"format-standard","5":"has-post-thumbnail","7":"category-toulon","8":"tag-actu","9":"tag-actualites","10":"tag-chantiers","11":"tag-commando","12":"tag-construction-navale","13":"tag-costa","14":"tag-croisiere","15":"tag-dcns","16":"tag-defense","17":"tag-eu","18":"tag-euronaval","19":"tag-europe","20":"tag-fr","21":"tag-france","22":"tag-fremm","23":"tag-interviews","24":"tag-littoral","25":"tag-marine","26":"tag-marine-nationale","27":"tag-maritime","28":"tag-mer","29":"tag-news","30":"tag-offshore","31":"tag-peche","32":"tag-provence-alpes-cote-dazur","33":"tag-reportages","34":"tag-republique-francaise","35":"tag-sncm","36":"tag-stx","37":"tag-toulon"},"share_on_mastodon":{"url":"https:\/\/pubeurope.com\/@fr\/115455677166634374","error":""},"_links":{"self":[{"href":"https:\/\/www.europesays.com\/fr\/wp-json\/wp\/v2\/posts\/496946","targetHints":{"allow":["GET"]}}],"collection":[{"href":"https:\/\/www.europesays.com\/fr\/wp-json\/wp\/v2\/posts"}],"about":[{"href":"https:\/\/www.europesays.com\/fr\/wp-json\/wp\/v2\/types\/post"}],"author":[{"embeddable":true,"href":"https:\/\/www.europesays.com\/fr\/wp-json\/wp\/v2\/users\/2"}],"replies":[{"embeddable":true,"href":"https:\/\/www.europesays.com\/fr\/wp-json\/wp\/v2\/comments?post=496946"}],"version-history":[{"count":0,"href":"https:\/\/www.europesays.com\/fr\/wp-json\/wp\/v2\/posts\/496946\/revisions"}],"wp:featuredmedia":[{"embeddable":true,"href":"https:\/\/www.europesays.com\/fr\/wp-json\/wp\/v2\/media\/496947"}],"wp:attachment":[{"href":"https:\/\/www.europesays.com\/fr\/wp-json\/wp\/v2\/media?parent=496946"}],"wp:term":[{"taxonomy":"category","embeddable":true,"href":"https:\/\/www.europesays.com\/fr\/wp-json\/wp\/v2\/categories?post=496946"},{"taxonomy":"post_tag","embeddable":true,"href":"https:\/\/www.europesays.com\/fr\/wp-json\/wp\/v2\/tags?post=496946"}],"curies":[{"name":"wp","href":"https:\/\/api.w.org\/{rel}","templated":true}]}}