{"id":496954,"date":"2025-10-29T05:02:17","date_gmt":"2025-10-29T05:02:17","guid":{"rendered":"https:\/\/www.europesays.com\/fr\/496954\/"},"modified":"2025-10-29T05:02:17","modified_gmt":"2025-10-29T05:02:17","slug":"grenoble-en-tete-des-villes-de-sa-categorie","status":"publish","type":"post","link":"https:\/\/www.europesays.com\/fr\/496954\/","title":{"rendered":"GRENOBLE EN T\u00caTE DES VILLES DE SA CAT\u00c9GORIE"},"content":{"rendered":"<p>Posted On 29 octobre 2025 <\/p>\n<p>A chaque classement suffit sa peine. Apr\u00e8s celui qui classe Grenoble <a href=\"https:\/\/grenoble-le-changement.fr\/2025\/04\/09\/insecurite-toutes-les-stats-qui-confirment-que-grenoble-est-n1\/\" rel=\"nofollow noopener\" target=\"_blank\">premi\u00e8re des grandes villes pour les agressions pour 1000 habitants,<\/a> voici celui des cambriolages. Certes on ne peut pas en \u00eatre inform\u00e9 si on lit seulement l&rsquo;article de Batiste Kolenc ( DL du 26\/10\/25) . Mais \u00e0 la lecture des tableaux des statistiques des cambriolages , Grenoble devance bien ses concurrentes !\u00a0<\/p>\n<p>Le \u00a0\u00bb Dauphin\u00e9 \u00a0\u00bb publie en effet la statistique par d\u00e9partement ce qui aboutit pour l&rsquo;is\u00e8re \u00e0 placer en t\u00eate Clonas sur Vareze avec &#8230; 22\u00a0 faits de cambriolages. Tandis que Grenoble, avec pr\u00e8s d&rsquo;un millier, n&rsquo;apparait pas.\u00a0 On comprend le rapport nombre de logements\/Cambriolages privil\u00e9gi\u00e9 dans la pr\u00e9sentation.<\/p>\n<p>Mais pour expliquer la situation de chaque grande ville, il faut les comparer entre elles. Grenoble est bien premi\u00e8re. Bravo la municipalit\u00e9.<\/p>\n<p><a href=\"https:\/\/grenoble-le-changement.fr\/wp-content\/uploads\/2025\/10\/Capture-de\u0301cran-2025-10-27-a\u0300-10.10.36.png\" rel=\"lightbox[85770] nofollow noopener\" target=\"_blank\"><img decoding=\"async\" data-id=\"85775\" src=\"https:\/\/grenoble-le-changement.fr\/wp-content\/uploads\/2025\/10\/Capture-de\u0301cran-2025-10-27-a\u0300-10.10.36-1024x335.png\" alt=\"\" class=\"wp-image-85775 jetpack-lazy-image\" data-lazy-src=\"https:\/\/www.europesays.com\/fr\/wp-content\/uploads\/2025\/10\/Capture-de\u0301cran-2025-10-27-a\u0300-10.10.36-1024x335.png\" \/><\/a><br \/>\nla pr\u00e9sentation du \u00a0\u00bb Dauphin\u00e9\u00a0\u00bb par d\u00e9partement aboutit \u00e0 placer &#8230; Clonas sur Vareze avec 22 cambriolages en t\u00eate alors que Grenoble avec pr\u00e8s d&rsquo;un millier n&rsquo;apparait pas <\/p>\n<p><strong>PR\u00c9S DE 10 % DE CAMBRIOLAGES POUR 1000 LOGEMENTS <\/strong><\/p>\n<p>En effet si on se penche sur les tableaux , Grenoble bat les records. Si on excepte Marseille ( 9,67) qui n&rsquo;est pas de m\u00eame dimension\u00a0 ( 850 000 habitants) &#8211; dont Grenoble est quand m\u00eame tr\u00e8s tr\u00e8s proche en pourcentage de cambriolages &#8211; toutes les grandes villes sont en dessous.\u00a0<\/p>\n<p>A Grenoble selon les statistiques publi\u00e9es par le \u00a0\u00bb Dauphin\u00e9\u00a0\u00bb\u00a0 &#8211; si on va les chercher &#8211; le taux de cambriolages pour 1000 logements est de\u00a0 9,24 % .<\/p>\n<p>Il est de 4,46 % \u00e0 Strasbourg, 9,04 \u00e0 Bordeaux, 7,04 \u00e0 Nantes, 5,68 \u00e0 Metz, 3,83 \u00e0 Nancy, 5,42 \u00e0 Nice, 7,63 \u00e0 Toulouse, 7,92 \u00e0 Lyon&#8230;.\u00a0 \u00a0La sp\u00e9cificit\u00e9 de notre ville se retrouve \u00e0 toutes les \u00e9tapes de la v\u00e9rification.\u00a0<\/p>\n<p>Ce que niait Allan Brunon , le candidat LFI avec <a href=\"https:\/\/grenoble-le-changement.fr\/2025\/10\/28\/debat-carignon-brunon-lfi-agir-ou-ne-rien-faire-face-a-linsecurite\/\" rel=\"nofollow noopener\" target=\"_blank\">une mauvaise foi peu convaincante dans le d\u00e9bat face \u00e0 Alain Carignon sur France3 ,<\/a> se trouve une nouvelle fois v\u00e9rifi\u00e9.\u00a0\u00a0<\/p>\n<p><a href=\"https:\/\/grenoble-le-changement.fr\/wp-content\/uploads\/2025\/10\/Capture-de\u0301cran-2025-10-26-a\u0300-10.03.15.png\" rel=\"lightbox[85770] nofollow noopener\" target=\"_blank\"><img decoding=\"async\" data-id=\"85808\" src=\"https:\/\/grenoble-le-changement.fr\/wp-content\/uploads\/2025\/10\/Capture-de\u0301cran-2025-10-26-a\u0300-10.03.15-1024x262.png\" alt=\"\" class=\"wp-image-85808 jetpack-lazy-image\" data-lazy-src=\"https:\/\/www.europesays.com\/fr\/wp-content\/uploads\/2025\/10\/Capture-de\u0301cran-2025-10-26-a\u0300-10.03.15-1024x262.png\" \/><\/a><br \/>\nClassement du taux de cambriolages \u00e0 Grenoble : notre ville est en t\u00eate des grandes villes&#8230;..<\/p>\n<p><strong>UN \u00c9TUDIANT ENTRE LA VIE ET LA MORT POUR UN PORTABLE<\/strong><\/p>\n<p><a href=\"https:\/\/grenoble-le-changement.fr\/2025\/10\/23\/letudiant-lynche-un-nouveau-symbole-de-linsecurite-endemique\/\" rel=\"nofollow noopener\" target=\"_blank\">Le proc\u00e8s le 11 d\u00e9cembre prochain des agresseurs d&rsquo;une \u00e9tudiant<\/a>, longtemps entre la vie et la mort pour le vol de son portable , est symbolique de ce que vivent les grenoblois. Son principal agresseur , Serafin Varga, s&rsquo;est enfui en Roumanie du logement fourni par la municipalit\u00e9 au Rondeau . Pas de cam\u00e9ras, pas de PC op\u00e9rationnel. Pas de police municipale au niveau et arm\u00e9e. Laurence Ruffin et Allan Brunon r\u00e9cusent ces moyens.\u00a0<\/p>\n<p><strong>L&rsquo;ASSASSIN de Lilian DEJEAN A PU PARTIR TRANQUILLEMENT DANS LA VILLE\u00a0<\/strong><\/p>\n<p>Sur le plateau du journal de France3 Alpes Alain Carignon rappelait que l&rsquo;assassin de Lilian Dejean, \u00e9tait tranquillement parti \u00e0 pieds du boulevard Jean Pain dans Grenoble, sans pouvoir \u00eatre surveill\u00e9 et arr\u00eat\u00e9 par un r\u00e9seau de vid\u00e9o protection. Il avait pu fuir au Portugal, finalement rattrap\u00e9 dans ce pays.\u00a0<\/p>\n<p>\u00e7a n&#8217;emp\u00eache pas les candidats qui veulent continuer la politique de la majorit\u00e9 municipale de continuer \u00e0 affirmer <a href=\"https:\/\/grenoble-le-changement.fr\/2025\/02\/14\/la-grenade-et-le-maire-qui-se-fout-un-peu-des-critiques-sur-linsecurite\/\" rel=\"nofollow noopener\" target=\"_blank\">qu&rsquo;une politique municipale contre l&rsquo;ins\u00e9curit\u00e9 ne sert \u00e0 rien.<\/a>\u00a0<\/p>\n<p>Le probl\u00e8me pour eux est le cumul des \u00e9l\u00e9ments factuels tels que ceux-ci avec les donn\u00e9es plus g\u00e9n\u00e9rales sur la situation de la ville\u00a0<\/p>\n<\/p>\n<p>Sur le plateau de France3 Alpes Alain Carignon propose le d\u00e9veloppement des cam\u00e9ras de vid\u00e9o protection et  explique les effets de la taxe fonci\u00e8re et de la d\u00e9gradation de la ville sur le logement priv\u00e9 et public <\/p>\n<p><strong>RESF, LE DAL ET ENFANTS\/MIGRANTS PROT\u00c9GENT LA MUNICIPALIT\u00c9<\/strong><\/p>\n<p>L&rsquo;affaire des logements vides est en train de monter. M\u00eame si RESF, <a href=\"https:\/\/grenoble-le-changement.fr\/2023\/04\/30\/qui-se-cache-derriere-le-dal38\/\" rel=\"nofollow noopener\" target=\"_blank\">le DAL,<\/a> le r\u00e9seau enfants\/migrants, continuent de manifester encore ce mercredi soir devant la mairie , il le font en prot\u00e9geant la municipalit\u00e9. Car ils ne mettent en aucun cas les \u00e9lus devant leur \u00e9crasante responsabilit\u00e9: 6 612 logements vides en 2015 \u00e0 Grenoble. 52 % des logements vides de la M\u00e9tropole se situent \u00e0 Grenoble.<\/p>\n<p><strong>JUSQU&rsquo;A 34 % DE LOGEMENTS HLM VIDES \u00e0 MISTRAL\u00a0<\/strong><\/p>\n<p>Plusieurs milliers dans le logement social. Derni\u00e8re statistique \u00ab\u00a0chaude\u00a0\u00bb v\u00e9rifi\u00e9e in situ par Catherine Seguin, Pr\u00e9f\u00e8te de l&rsquo;Is\u00e8re lors d&rsquo;une descente de police \u00e0 Mistral: 34 % des logements vides. Par vides pour tout le monde \u00e9videmment. On imagine les planques, les base arri\u00e8re, les lieux de stockage, les abris pour jeunes ill\u00e9gaux chair \u00e0 canon de la d\u00e9linquance organis\u00e9e.\u00a0<\/p>\n<p>Pas besoin de \u00a0\u00bb r\u00e9quisitionner\u00a0\u00bb les logements des malheureux propri\u00e9taires priv\u00e9s \u00e9cras\u00e9s par la taxe fonci\u00e8re la plus \u00e9lev\u00e9e de France. Il suffit d&rsquo;attribuer quelques logements sociaux vides aux familles abrit\u00e9es dans les \u00e9coles.\u00a0<\/p>\n<p><strong>LES \u00c9LUS ROUGE\/VERTS DE GRENOBLE RESPONSABLES\u00a0<\/strong><\/p>\n<p>Ni Eric Piolle, ni Elisa Martin, ni Pierre Bejjaji , l&rsquo;\u00e9lu de leur groupe qui pr\u00e9side actuellement Actis ou Klauss Habfsat l&rsquo;autre <a href=\"https:\/\/grenoble-le-changement.fr\/2024\/07\/04\/klauss-habfast-adjoint-au-maire-condamne-pour-favoritisme\/\" rel=\"nofollow noopener\" target=\"_blank\">Adjoint au Maire ( Verts\/LFI) condamn\u00e9<\/a> qui pr\u00e9side Grenoble-Habitat ne le proposent. M\u00eame pas dans les logements vides encore longtemps, les volets verts de l&rsquo;Abbaye. Quand les sans logis s&rsquo;y \u00e9taient r\u00e9fugi\u00e9 , Alan Confesson alors Adjoint au Maire (LFI) ,\u00a0 Nicolas Beron-Perez, Adjoint au Maire( PCF)\u00a0 , Vincent Fristot , Adjoint au Maire ( Verts\/Ades) <a href=\"https:\/\/grenoble-le-changement.fr\/2021\/01\/16\/abbaye-le-dereglement-municipal-a-son-comble\/\" rel=\"nofollow noopener\" target=\"_blank\">avaient coup\u00e9 sans m\u00e9nagement l&rsquo;eau et le chauffage!\u00a0<\/a><\/p>\n<p><img decoding=\"async\" data-id=\"85573\" src=\"https:\/\/grenoble-le-changement.fr\/wp-content\/uploads\/2025\/10\/Capture-de\u0301cran-2025-10-20-a\u0300-10.56.25.png\" alt=\"\" class=\"wp-image-85573 jetpack-lazy-image\" data-lazy-src=\"https:\/\/www.europesays.com\/fr\/wp-content\/uploads\/2025\/10\/Capture-de\u0301cran-2025-10-20-a\u0300-10.56.25.png\" \/><br \/>\nlogements vacants \u00e0 Grenoble , le double de la moyenne nationale , r\u00e9sultat d&rsquo;une politique folle du logement social et de l&rsquo;\u00e9crasement des propri\u00e9taires par la taxe fonci\u00e8re <\/p>\n<p><strong>DES PARENTS ONT PEUR POUR LEURS ENFANTS<\/strong><\/p>\n<p>On ne peut lire la statistique des cambriolages que dans ce contexte d&rsquo;un ensemble extr\u00eamement d\u00e9grad\u00e9. En racontant le traumatisme de cette famille cambriol\u00e9e pendant qu&rsquo;elle faisait un barbecue dans son jardin dans le quartier de la Capuche, Eve Moulinier ( DL du 26\/10\/25) permet de bien comprendre les blessures psychologiques \u00e0 long terme que toute cette d\u00e9linquance produit.\u00a0 Une d\u00e9linquance identifi\u00e9e par son mode op\u00e9ratoire. Ces parents de la Capuche ont en effet peur pour leurs enfants d\u00e9sormais.\u00a0<\/p>\n<p><strong>L.RUFFIN et A.BRUNON SIGNENT LEUR INCAPACIT\u00c9 <\/strong><\/p>\n<p>Comme cet \u00e9tudiant marqu\u00e9 \u00e0 vie par une agression\u00a0\u00bb gratuite\u00a0\u00bb dont il a surv\u00e9cu par miracle. Sans qu&rsquo;aucune mesure n&rsquo;ait \u00e9t\u00e9 prise par la municipalit\u00e9 \u00e0 l&rsquo;\u00e9gard des familles qu&rsquo;elle h\u00e9berge.\u00a0<\/p>\n<p>Mais le syst\u00e8me d\u00e9clamatoire est au bout du rouleau. En refusant de loger dans les logements sociaux vides\u00a0 les familles de migrants h\u00e9berg\u00e9es dans les \u00e9coles, Laurence Ruffin ou Allan Brunon signent leur incapacit\u00e9\u00a0 \u00e0\u00a0 tenir leurs engagements d&rsquo;accueillir dignement toute la mis\u00e8re du monde.\u00a0 On sait qui en est victime.\u00a0 Leur n\u00e9gation militante des fronti\u00e8res conduit \u00e0 cet \u00e9tat de fait d\u00e9sastreux: ou bien ces familles qui arrivent dans notre eldorado demeurent dans une pr\u00e9carit\u00e9 insupportable ou bien elles sont log\u00e9es dans des HLM dont la classe moyenne va continuer \u00e0 fuir,\u00a0 aggravant la vacance du logement social.\u00a0<\/p>\n<p><img decoding=\"async\" data-id=\"54719\" src=\"https:\/\/grenoble-le-changement.fr\/wp-content\/uploads\/2022\/09\/une-dl-insecurite-tc.jpg\" alt=\"\" class=\"wp-image-54719 jetpack-lazy-image\" data-lazy-src=\"https:\/\/www.europesays.com\/fr\/wp-content\/uploads\/2025\/10\/une-dl-insecurite-tc.jpg\" \/><\/p>\n<p><img decoding=\"async\" data-id=\"52405\" src=\"https:\/\/grenoble-le-changement.fr\/wp-content\/uploads\/2022\/04\/violence-agression-insecurite-6918-.png\" alt=\"\" class=\"wp-image-52405 jetpack-lazy-image\" data-lazy-src=\"https:\/\/www.europesays.com\/fr\/wp-content\/uploads\/2025\/10\/violence-agression-insecurite-6918-.png\" \/><br \/>\nLaurence Ruffin et Allan Brunon refusent toute mesure permettant d&rsquo;apaiser Grenoble <\/p>\n<p><strong>L.RUFFIN VOUDRAIT RENOUVELER LA TROMPERIE DE PIOLLE <\/strong><\/p>\n<p>Pour l&rsquo;instant Laurence Ruffin joue la Marie-Chantal perch\u00e9e, enfile les g\u00e9n\u00e9ralit\u00e9s comme les perles, d\u00e9sirant renouveler pour la 3 eme \u00e9dition,<a href=\"https:\/\/grenoble-le-changement.fr\/2025\/10\/19\/sante-la-liste-piolle-ruffin-trompe-les-grenoblois\/\" rel=\"nofollow noopener\" target=\"_blank\"> la tromperie<\/a> de Piolle de 2014 . Elle parle d&rsquo;Elle, comme il parlait de Lui. Elle se cite en mod\u00e8le de vertus. Elle fait tout Bien.\u00a0 <a href=\"https:\/\/grenoble-le-changement.fr\/2025\/10\/13\/affaires-les-revelations-sur-l-ruffin-verts-plombent-sa-candidature\/\" rel=\"nofollow noopener\" target=\"_blank\">Cachant comme Lui, la face sombre.<\/a> Mais ne dit aucunement ce qu&rsquo;elle ferait concr\u00e9tement pour Grenoble. Il s&rsquo;agit de passer l&rsquo;obstacle malheureux du suffrage universel pour continuer comme avant. \u00ab\u00a0<a href=\"https:\/\/grenoble-le-changement.fr\/2025\/04\/16\/la-municipalite-enterre-piolle-pour-tenter-de-garder-le-pouvoir\/\" rel=\"nofollow noopener\" target=\"_blank\">Tout change pour que rien ne change&#8230;\u00a0\u00bb<\/a><\/p>\n<p><strong>PLENEL\/RUFFIN\/PIOLLE : LES M\u00caMES RECETTES\u00a0<\/strong><\/p>\n<p>Elle a tent\u00e9 hier \u00e0 Villeneuve\u00a0 une incursion <a href=\"https:\/\/grenoble-le-changement.fr\/2017\/12\/02\/e-plenel-a-grenoble-aujourdhui-une-provocation\/\" rel=\"nofollow noopener\" target=\"_blank\">organis\u00e9e avec Edwy Plenel<\/a> , un nouvel ennemi de M\u00e9lenchon. Planqu\u00e9s tous les deux derri\u00e8re le th\u00e8me des \u00ab\u00a0fakes \u00ab\u00a0, <a href=\"https:\/\/grenoble-le-changement.fr\/2017\/11\/18\/e-plenel-a-grenoble-a-carignon-demande-a-e-piolle-dannuler\/\" rel=\"nofollow noopener\" target=\"_blank\">comme si Plenel<\/a> pouvait lui m\u00eame en \u00eatre exon\u00e9r\u00e9 et donner la le\u00e7on! Il a produit un faux contre Sarkozy.\u00a0 A Villeneuve, un des quartiers au taux de pauvret\u00e9 et de ch\u00f4mage parmi les plus \u00e9lev\u00e9s de France, l&rsquo;urgence ce sont les \u00a0\u00bb Fakes&#8230;\u00a0\u00bb On retrouve toute la fausset\u00e9 de la Marie-Chantal perch\u00e9e.\u00a0<\/p>\n<p>Le fondateur de <a href=\"https:\/\/grenoble-le-changement.fr\/2018\/09\/05\/mediapart-pour-lextreme-gauche-lexperience-piolle-est-un-echec\/\" rel=\"nofollow noopener\" target=\"_blank\">M\u00e9diapart<\/a> venait certainement payer sa d\u00eeme \u00e0 la candidate de Piolle: le Maire de Grenoble ne lui avait il pas pr\u00eat\u00e9 le palais des sports pour <a href=\"https:\/\/grenoble-le-changement.fr\/2017\/11\/18\/e-plenel-a-grenoble-a-carignon-demande-a-e-piolle-dannuler\/\" rel=\"nofollow noopener\" target=\"_blank\">une op\u00e9ration de promotion de son journal lors d&rsquo;un meeting contre l&rsquo;\u00e9tat d&rsquo;urgence<\/a> apr\u00e8s les attentats du Bataclan?\u00a0\u00a0<\/p>\n<p><strong>Allan BRUNON : LES QUARTIERS EN CHAIR \u00e0 CANONS<\/strong><\/p>\n<p>Allan Brunon , lui, se r\u00e9fugie derri\u00e8re Sarkozy, C&rsquo; News ( il a oubli\u00e9 Retailleau) pour nationaliser le d\u00e9bat municipal. Les quartiers sont sa chair \u00e0 canons. Sauf que les habitants attendent un peu mieux et un peu plus. Des r\u00e9ponses concr\u00e8tes sur ce qu&rsquo;un Maire va faire dans une ville ou le taux de pauvret\u00e9 est d\u00e9j\u00e0 sup\u00e9rieur de 10 % \u00e0 la moyenne nationale !\u00a0<\/p>\n<p><a href=\"https:\/\/grenoble-le-changement.fr\/wp-content\/uploads\/2025\/10\/Capture-de\u0301cran-2025-10-28-a\u0300-12.08.57.png\" rel=\"lightbox[85770] nofollow noopener\" target=\"_blank\"><img decoding=\"async\" data-id=\"85809\" src=\"https:\/\/grenoble-le-changement.fr\/wp-content\/uploads\/2025\/10\/Capture-de\u0301cran-2025-10-28-a\u0300-12.08.57.png\" alt=\"\" class=\"wp-image-85809 jetpack-lazy-image\" data-lazy-src=\"https:\/\/www.europesays.com\/fr\/wp-content\/uploads\/2025\/10\/Capture-de\u0301cran-2025-10-28-a\u0300-12.08.57.png\" \/><\/a><\/p>\n<p><img decoding=\"async\" data-id=\"43579\" src=\"https:\/\/grenoble-le-changement.fr\/wp-content\/uploads\/2020\/10\/Plenel-1.png\" alt=\"\" class=\"wp-image-43579 jetpack-lazy-image\" data-lazy-src=\"https:\/\/www.europesays.com\/fr\/wp-content\/uploads\/2025\/10\/Plenel-1.png\" \/><br \/>\nOn prend les m\u00eames et on recommence : \u00e7a peut encore marcher ? une r\u00e9union \u00e0 Villeneuve sur les Fakes afin de faire oublier la situation d&rsquo;un quartier au taux de pauvret\u00e9 et de ch\u00f4mage parmi les plus \u00e9lev\u00e9s de France <\/p>\n<p><strong>LA CANDIDATE DU NOYAU DUR EST RATTRAP\u00c9E PAR LE R\u00c9EL <\/strong><\/p>\n<p><a href=\"https:\/\/grenoble-le-changement.fr\/2025\/10\/28\/debat-carignon-brunon-lfi-agir-ou-ne-rien-faire-face-a-linsecurite\/\" rel=\"nofollow noopener\" target=\"_blank\">Le d\u00e9bat entre Alain Carignon et Allan Brunon<\/a> , le candidat LFI a cristallis\u00e9 la campagne \u00e9lectorale. La candidate du noyau dur des sortants , Laurence Ruffin est chaque jour rattrap\u00e9e par le r\u00e9el de la ville. A voir son <a href=\"https:\/\/grenoble-le-changement.fr\/2025\/10\/18\/laurence-ruffin-lance-sa-campagne-en-catimini-avec-ce-quil-reste-des-verts\/\" rel=\"nofollow noopener\" target=\"_blank\">lancement poussif de campagne<\/a>, ses collages d&rsquo;affiches interrompus, elle ne mobilise m\u00eame pas son camp.\u00a0 \u00a0Elle n&rsquo;a produit aucune id\u00e9e, aucune proposition nouvelle. <a href=\"https:\/\/grenoble-le-changement.fr\/2025\/10\/05\/sondage-l-ruffin-et-r-avrillier-ont-menti-aux-grenoblois\/\" rel=\"nofollow noopener\" target=\"_blank\">Elle r\u00e9p\u00e8te seulement<\/a> les vieilles <a href=\"https:\/\/grenoble-le-changement.fr\/raymond-avrillier-le-tartuffe-rouge-verts-bouge-encore\/\" rel=\"nofollow noopener\" target=\"_blank\">m\u00e9thodes Avrillier<\/a> .Elle voudrait \u00eatre sauv\u00e9e par la seule sociologie de la ville.\u00a0<\/p>\n<p><strong>ILS PRENNENT LES GRENOBLOIS POUR DES IMB\u00c9CILES<\/strong><\/p>\n<p>Allan Brunon et elle prennent les \u00e9lecteurs pour des imb\u00e9ciles. Qui voteraient par habitude et par r\u00e9flexe. Comme si chaque Grenoblois n&rsquo;\u00e9tait pas en capacit\u00e9 d&rsquo;appr\u00e9hender lui-m\u00eame les solutions qu&rsquo;il souhaite pour la ville, ind\u00e9pendamment de ses choix nationaux.\u00a0 Comme si chaque grenoblois n&rsquo;\u00e9tait pas libre de se faire, par lui-m\u00eame, un avis sur sa ville.\u00a0<\/p>\n","protected":false},"excerpt":{"rendered":"Posted On 29 octobre 2025 A chaque classement suffit sa peine. Apr\u00e8s celui qui classe Grenoble premi\u00e8re des&hellip;\n","protected":false},"author":2,"featured_media":496955,"comment_status":"","ping_status":"","sticky":false,"template":"","format":"standard","meta":{"footnotes":""},"categories":[9566],"tags":[31377,1111,11,9601,11148,27721,2430,61932,44819,33712,61933,9607,1777,674,10608,1011,27,61934,2731,42086,10135,10136,12,24294,31379,25,61935,10850],"class_list":{"0":"post-496954","1":"post","2":"type-post","3":"status-publish","4":"format-standard","5":"has-post-thumbnail","7":"category-grenoble","8":"tag-actis","9":"tag-actu","10":"tag-actualites","11":"tag-alain-carignon","12":"tag-alan-confesson","13":"tag-allan-brunon","14":"tag-auvergne-rhone-alpes","15":"tag-batiste-kolenc","16":"tag-catherine-seguin","17":"tag-dal","18":"tag-edwy-plenel","19":"tag-eric-piolle","20":"tag-eu","21":"tag-europe","22":"tag-eve-moulinier","23":"tag-fr","24":"tag-france","25":"tag-france3-alpes","26":"tag-grenoble","27":"tag-grenoble-habitat","28":"tag-klauss-habfsat","29":"tag-laurence-ruffin","30":"tag-news","31":"tag-nicolas-beron-perez","32":"tag-pierre-bejjaji","33":"tag-republique-francaise","34":"tag-resf","35":"tag-vincent-fristot"},"share_on_mastodon":{"url":"https:\/\/pubeurope.com\/@fr\/115455706237864655","error":""},"_links":{"self":[{"href":"https:\/\/www.europesays.com\/fr\/wp-json\/wp\/v2\/posts\/496954","targetHints":{"allow":["GET"]}}],"collection":[{"href":"https:\/\/www.europesays.com\/fr\/wp-json\/wp\/v2\/posts"}],"about":[{"href":"https:\/\/www.europesays.com\/fr\/wp-json\/wp\/v2\/types\/post"}],"author":[{"embeddable":true,"href":"https:\/\/www.europesays.com\/fr\/wp-json\/wp\/v2\/users\/2"}],"replies":[{"embeddable":true,"href":"https:\/\/www.europesays.com\/fr\/wp-json\/wp\/v2\/comments?post=496954"}],"version-history":[{"count":0,"href":"https:\/\/www.europesays.com\/fr\/wp-json\/wp\/v2\/posts\/496954\/revisions"}],"wp:featuredmedia":[{"embeddable":true,"href":"https:\/\/www.europesays.com\/fr\/wp-json\/wp\/v2\/media\/496955"}],"wp:attachment":[{"href":"https:\/\/www.europesays.com\/fr\/wp-json\/wp\/v2\/media?parent=496954"}],"wp:term":[{"taxonomy":"category","embeddable":true,"href":"https:\/\/www.europesays.com\/fr\/wp-json\/wp\/v2\/categories?post=496954"},{"taxonomy":"post_tag","embeddable":true,"href":"https:\/\/www.europesays.com\/fr\/wp-json\/wp\/v2\/tags?post=496954"}],"curies":[{"name":"wp","href":"https:\/\/api.w.org\/{rel}","templated":true}]}}