{"id":496956,"date":"2025-10-29T05:03:09","date_gmt":"2025-10-29T05:03:09","guid":{"rendered":"https:\/\/www.europesays.com\/fr\/496956\/"},"modified":"2025-10-29T05:03:09","modified_gmt":"2025-10-29T05:03:09","slug":"pour-le-dernier-marche-a-manger-de-lannee-une-battle-entre-les-restaurants-de-rennes-et-de-bretagne","status":"publish","type":"post","link":"https:\/\/www.europesays.com\/fr\/496956\/","title":{"rendered":"Pour le dernier March\u00e9 \u00e0 manger de l&rsquo;ann\u00e9e, une battle entre les restaurants de Rennes et de Bretagne"},"content":{"rendered":"<p>            Par<br \/>\n        <strong><br \/>\n            <a href=\"https:\/\/actu.fr\/auteur\/brian-legoff\" title=\"Consulter tous les articles de Brian Le Goff\" target=\"_blank\" rel=\"noopener\">Brian Le Goff<\/a><br \/>\n        <\/strong><\/p>\n<p>        Publi\u00e9 le<\/p>\n<p>            29 oct. 2025 \u00e0 6h02        <\/p>\n<p>Il est de<strong> retour chaque premier dimanche du mois<\/strong>. Et si vous l\u2019avez \u00e0 chaque fois rat\u00e9 cette ann\u00e9e, c\u2019est vraiment la derni\u00e8re occasion en 2025 d\u2019en profiter. Le March\u00e9 \u00e0 manger ach\u00e8ve sa saison, <strong>dimanche 2\u00a0novembre, \u00e0 La Cri\u00e9e-March\u00e9 Central,<\/strong> entre R\u00e9publique et le boulevard de la Libert\u00e9, dans le centre-ville de Rennes.<\/p>\n<p class=\" wall-content\"><a href=\"https:\/\/www.instagram.com\/p\/DPbcAnTiO0A\/embed\" title=\"Ouvrir le lien sur Instagram\" target=\"_blank\" rel=\"noopener\">Visualiser le contenu sur Instagram<\/a><\/p>\n<p class=\" wall-content\">Pour ce final, l\u2019organisation a d\u00e9cid\u00e9 d\u2019organiser une <strong>battle<\/strong> entre les restaurants de la capitale bretonne et ceux situ\u00e9s dans le reste de la r\u00e9gion. D\u00e9couvrez avec <a href=\"https:\/\/actu.fr\/rennes\/\" target=\"_blank\" rel=\"noopener\">actu Rennes<\/a> les restaurateurs qui seront pr\u00e9sents ci-dessous.<\/p>\n<p>De Rennes\u2009:<\/p>\n<ul class=\" wall-content\">\n<li>Chawp-Shop\u2009;<\/li>\n<li>Chez Ren\u00e9\u2009;<\/li>\n<li>Cope\u2009;<\/li>\n<li>Eat Machine\u2009;<\/li>\n<li>La Marmite S\u00e9n\u00e9gauloise\u2009;<\/li>\n<li>Maison Boull\u00e9\u2009;<\/li>\n<li>Nomad Gourmand\u2009;<\/li>\n<li>Grabuge\u2009;<\/li>\n<li>Friand\u2009;<\/li>\n<li>Mi Casita.<\/li>\n<\/ul>\n<p class=\" wall-content\"><a href=\"https:\/\/www.instagram.com\/p\/DQUj2_RiCQ5\/embed\" title=\"Ouvrir le lien sur Instagram\" target=\"_blank\" rel=\"noopener\">Visualiser le contenu sur Instagram<\/a><\/p>\n<p>De la Bretagne\u2009:<\/p>\n<ul class=\" wall-content\">\n<li>Ana Ana, de Plouasne\u2009;<\/li>\n<li>Aslan, de Saint-Brieuc\u2009;<\/li>\n<li>Itsasoa, de Carnac\u2009;<\/li>\n<li>Le 26 \/ 28, de Lorient\u2009;<\/li>\n<li>L\u2019\u00c9l\u00e9phant Roulant, de Saint-Malo.<\/li>\n<\/ul>\n<p>Comment \u00e7a marche\u2009?<\/p>\n<p class=\" wall-content\">Le March\u00e9 \u00e0 manger ouvre \u00e0 11h, jusqu\u2019\u00e0 17h. Les <strong>plats<\/strong>, avec des recettes \u00e0 manger sur le pouce, sont au prix de <strong>7,50\u00a0euros<\/strong> maximum, tandis que les <strong>desserts sont \u00e0 4\u00a0euros<\/strong> maximum.<\/p>\n<p class=\" wall-content\">Des plats sont pr\u00e9vus pour \u00eatre offerts aux \u00e9tudiants. Il est fortement recommand\u00e9 de pr\u00e9voir ses contenants, couverts, verres pour r\u00e9duire les d\u00e9chets.<\/p>\n<p class=\" wall-content\">Personnalisez votre actualit\u00e9 en ajoutant vos villes et m\u00e9dias en favori avec <a href=\"https:\/\/moncompte.actu.fr\" title=\"D\u00e9couvez Mon Actu\" rel=\"nofollow noopener\" data-trk=\"{&quot;cta&quot;:{&quot;action&quot;:&quot;https:\\\/\\\/moncompte.actu.fr&quot;,&quot;category&quot;:&quot;mon compte&quot;,&quot;from&quot;:&quot;article footer&quot;,&quot;name&quot;:&quot;Mon actu&quot;,&quot;type&quot;:&quot;cta&quot;}}\" target=\"_blank\">Mon Actu<\/a>.<\/p>\n<p>                    <script async src=\"\/\/www.instagram.com\/embed.js\"><\/script><\/p>\n","protected":false},"excerpt":{"rendered":"Par Brian Le Goff Publi\u00e9 le 29 oct. 2025 \u00e0 6h02 Il est de retour chaque premier dimanche&hellip;\n","protected":false},"author":2,"featured_media":496957,"comment_status":"","ping_status":"","sticky":false,"template":"","format":"standard","meta":{"footnotes":""},"categories":[2821],"tags":[1111,11,829,1777,674,1011,27,1652,12,584,25,10619],"class_list":{"0":"post-496956","1":"post","2":"type-post","3":"status-publish","4":"format-standard","5":"has-post-thumbnail","7":"category-rennes","8":"tag-actu","9":"tag-actualites","10":"tag-bretagne","11":"tag-eu","12":"tag-europe","13":"tag-fr","14":"tag-france","15":"tag-loisirs-culture","16":"tag-news","17":"tag-rennes","18":"tag-republique-francaise","19":"tag-restos-de-rennes"},"share_on_mastodon":{"url":"https:\/\/pubeurope.com\/@fr\/115455708617631637","error":""},"_links":{"self":[{"href":"https:\/\/www.europesays.com\/fr\/wp-json\/wp\/v2\/posts\/496956","targetHints":{"allow":["GET"]}}],"collection":[{"href":"https:\/\/www.europesays.com\/fr\/wp-json\/wp\/v2\/posts"}],"about":[{"href":"https:\/\/www.europesays.com\/fr\/wp-json\/wp\/v2\/types\/post"}],"author":[{"embeddable":true,"href":"https:\/\/www.europesays.com\/fr\/wp-json\/wp\/v2\/users\/2"}],"replies":[{"embeddable":true,"href":"https:\/\/www.europesays.com\/fr\/wp-json\/wp\/v2\/comments?post=496956"}],"version-history":[{"count":0,"href":"https:\/\/www.europesays.com\/fr\/wp-json\/wp\/v2\/posts\/496956\/revisions"}],"wp:featuredmedia":[{"embeddable":true,"href":"https:\/\/www.europesays.com\/fr\/wp-json\/wp\/v2\/media\/496957"}],"wp:attachment":[{"href":"https:\/\/www.europesays.com\/fr\/wp-json\/wp\/v2\/media?parent=496956"}],"wp:term":[{"taxonomy":"category","embeddable":true,"href":"https:\/\/www.europesays.com\/fr\/wp-json\/wp\/v2\/categories?post=496956"},{"taxonomy":"post_tag","embeddable":true,"href":"https:\/\/www.europesays.com\/fr\/wp-json\/wp\/v2\/tags?post=496956"}],"curies":[{"name":"wp","href":"https:\/\/api.w.org\/{rel}","templated":true}]}}