{"id":496961,"date":"2025-10-29T05:06:28","date_gmt":"2025-10-29T05:06:28","guid":{"rendered":"https:\/\/www.europesays.com\/fr\/496961\/"},"modified":"2025-10-29T05:06:28","modified_gmt":"2025-10-29T05:06:28","slug":"ambitions-europeennes-jeu-seduisant-multipropriete-decriee-marc-keller-president-du-rc-strasbourg-se-confie-au-figaro","status":"publish","type":"post","link":"https:\/\/www.europesays.com\/fr\/496961\/","title":{"rendered":"Ambitions europ\u00e9ennes, jeu s\u00e9duisant, multipropri\u00e9t\u00e9 d\u00e9cri\u00e9e&#8230; Marc Keller, pr\u00e9sident du RC Strasbourg, se confie au Figaro"},"content":{"rendered":"<p>\n    <strong>ENTRETIEN <\/strong>&#8211; Le pr\u00e9sident du club alsacien s\u2019est longuement confi\u00e9 au Figaro avec une ambition assum\u00e9e. Il veut faire du RCSA un club qui compte en France\u2026 et en Europe.<\/p>\n<p class=\"fig-paragraph\">Lundi 20\u00a0octobre,\u00a0<a href=\"http:\/\/www.lefigaro.fr\/sports\/football\/ligue-1\/ligue-1-marc-keller-veut-ramener-strasbourg-au-plus-haut-mais-demande-du-temps-20230814\" data-fig-type=\"NewsFlash\" data-gtm-custom-categorie=\"navigation\" data-gtm-custom-action=\"crossclick\" data-gtm-custom-label=\"Contextuel\" data-gtm-event=\"customEventSPE\" data-fig-domain=\"LEFIGARO\" target=\"_blank\" rel=\"noopener\">Marc Keller<\/a>, pr\u00e9sident du Racing Club de Strasbourg Alsace depuis 2012, accueille Le\u00a0Figaro dans\u00a0<a href=\"https:\/\/www.lefigaro.fr\/sports\/football\/ligue-1\/actualites\/rc-strasbourg-capacite-superieure-espaces-vegetalises-fan-zone-le-futur-visage-de-la-meinau-1028144\" data-fig-type=\"Article\" data-gtm-custom-categorie=\"navigation\" data-gtm-custom-action=\"crossclick\" data-gtm-custom-label=\"Contextuel\" data-gtm-event=\"customEventSPE\" data-fig-domain=\"LEFIGARO\" target=\"_blank\" rel=\"noopener\">ses bureaux de la Meinau<\/a>. Malgr\u00e9 la pluie et la grisaille, le dirigeant de 57\u00a0ans reste souriant et fier en nous d\u00e9voilant les r\u00e9cents travaux de l\u2019enceinte strasbourgeoise. Trois jours plus t\u00f4t,\u00a0<a href=\"http:\/\/www.lefigaro.fr\/sports\/football\/ligue-1\/ligue-1-le-psg-sauve-un-point-contre-strasbourg-et-garde-provisoirement-la-tete-20251017\" data-fig-type=\"NewsFlash\" data-gtm-custom-categorie=\"navigation\" data-gtm-custom-action=\"crossclick\" data-gtm-custom-label=\"Contextuel\" data-gtm-event=\"customEventSPE\" data-fig-domain=\"LEFIGARO\" target=\"_blank\" rel=\"noopener\">son \u00e9quipe avait fait le spectacle face au Paris SG (3-3)<\/a>, avant de redescendre de son nuage contre Jagiellonia Bialystok en Ligue Europa Conf\u00e9rence (1-1) et\u00a0<a href=\"http:\/\/www.lefigaro.fr\/sports\/football\/ligue-1\/lyon-strasbourg-moreira-decisif-panichelli-au-sommet-doukoure-inexcusable-les-tops-et-les-flops-20251026\" data-fig-type=\"NewsFlash\" data-gtm-custom-categorie=\"navigation\" data-gtm-custom-action=\"crossclick\" data-gtm-custom-label=\"Contextuel\" data-gtm-event=\"customEventSPE\" data-fig-domain=\"LEFIGARO\" target=\"_blank\" rel=\"noopener\">face \u00e0 Lyon dimanche (2-1)<\/a>.<\/p>\n<p class=\"fig-paragraph\">Ce mercredi, l\u2019AJ Auxerre se pr\u00e9sente en terre alsacienne (21\u00a0h\u00a005, Ligue\u00a01+) lors de la 10e\u00a0journ\u00e9e. Pendant plus d\u2019une heure, dans une loge avec vue imprenable sur le stade, Marc Keller a \u00e9voqu\u00e9 tous les sujets d\u2019actualit\u00e9\u00a0: les ambitions et l\u2019\u00e9volution de son club, les critiques sur la multipropri\u00e9t\u00e9, le conflit avec certains supporteurs et son avenir. Avec force, conviction et p\u00e9dagogie.<\/p>\n<p class=\"fig-paragraph\"><strong>LE FIGARO. \u2013<\/strong> <strong>Le RC Strasbourg (7e de Ligue\u00a01, \u00e0 4\u00a0points du PSG, leader) s\u00e9duit. Le pr\u00e9sident que vous \u00eates\u2026<\/strong><\/p>\n<p class=\"fig-premium-paywall__infos\">\n        Cet article est r\u00e9serv\u00e9 aux abonn\u00e9s.        Il vous reste 93% \u00e0 d\u00e9couvrir.\n    <\/p>\n<p>                <img  data- alt=\"Le Figaro\" class=\"fig-img--complete fig-img\"\/><\/p>\n<p class=\"fig-premium-paywall__title\">Vous avez envie de lire la suite ?<\/p>\n<p class=\"fig-premium-paywall__subtitle\">D\u00e9bloquez tous les articles imm\u00e9diatement.<\/p>\n<p class=\"fig-premium-paywall__connect\">\n                D\u00e9j\u00e0 abonn\u00e9\u00a0?                <a class=\"fig-premium-paywall__connect-link\" href=\"https:\/\/connect.lefigaro.fr\/login?client=horizon_web&amp;type=main&amp;redirect_uri=https%3A%2F%2Fwww.lefigaro.fr%2Fsports%2Fambitions-europeennes-jeu-seduisant-multipropriete-decriee-marc-keller-president-du-rc-strasbourg-se-confie-au-figaro-20251028\" data-js-gtm=\"{&quot;customCategorie&quot;: &quot;conversion&quot;, &quot;customAction&quot;: &quot;before_Landing_Connexion_paywall_auto&quot;, &quot;customLabel&quot;: &quot;bGVmaWdhcm8uZnJfXzFmMGIzZjExLTBkNGItNmZhMC1hNjk3LWY5ZjJkZGFlZmFjZF9fQXJ0aWNsZQ==_Ambitions europ\u00e9ennes, jeu s\u00e9duisant, multipropri\u00e9t\u00e9 d\u00e9cri\u00e9e... Marc Keller, pr\u00e9sident du RC Strasbourg, se confie au &lt;i&gt;Figaro&lt;\/i&gt;_105&quot;, &quot;customIDSPE&quot;: &quot;bGVmaWdhcm8uZnJfXzFmMGIzZjExLTBkNGItNmZhMC1hNjk3LWY5ZjJkZGFlZmFjZF9fQXJ0aWNsZQ==&quot;, &quot;event&quot;: &quot;customEventSPE&quot;}\" target=\"_blank\" rel=\"noopener\"><br \/>\n                    Connectez-vous<br \/>\n                <\/a>\n            <\/p>\n","protected":false},"excerpt":{"rendered":"ENTRETIEN &#8211; Le pr\u00e9sident du club alsacien s\u2019est longuement confi\u00e9 au Figaro avec une ambition assum\u00e9e. Il veut&hellip;\n","protected":false},"author":2,"featured_media":496962,"comment_status":"","ping_status":"","sticky":false,"template":"","format":"standard","meta":{"footnotes":""},"categories":[2820],"tags":[1111,11,1777,674,1011,27,775,66,12,4448,25,640],"class_list":{"0":"post-496961","1":"post","2":"type-post","3":"status-publish","4":"format-standard","5":"has-post-thumbnail","7":"category-strasbourg","8":"tag-actu","9":"tag-actualites","10":"tag-eu","11":"tag-europe","12":"tag-fr","13":"tag-france","14":"tag-grand-est","15":"tag-ligue-1","16":"tag-news","17":"tag-rc-strasbourg","18":"tag-republique-francaise","19":"tag-strasbourg"},"share_on_mastodon":{"url":"https:\/\/pubeurope.com\/@fr\/115455720404845942","error":""},"_links":{"self":[{"href":"https:\/\/www.europesays.com\/fr\/wp-json\/wp\/v2\/posts\/496961","targetHints":{"allow":["GET"]}}],"collection":[{"href":"https:\/\/www.europesays.com\/fr\/wp-json\/wp\/v2\/posts"}],"about":[{"href":"https:\/\/www.europesays.com\/fr\/wp-json\/wp\/v2\/types\/post"}],"author":[{"embeddable":true,"href":"https:\/\/www.europesays.com\/fr\/wp-json\/wp\/v2\/users\/2"}],"replies":[{"embeddable":true,"href":"https:\/\/www.europesays.com\/fr\/wp-json\/wp\/v2\/comments?post=496961"}],"version-history":[{"count":0,"href":"https:\/\/www.europesays.com\/fr\/wp-json\/wp\/v2\/posts\/496961\/revisions"}],"wp:featuredmedia":[{"embeddable":true,"href":"https:\/\/www.europesays.com\/fr\/wp-json\/wp\/v2\/media\/496962"}],"wp:attachment":[{"href":"https:\/\/www.europesays.com\/fr\/wp-json\/wp\/v2\/media?parent=496961"}],"wp:term":[{"taxonomy":"category","embeddable":true,"href":"https:\/\/www.europesays.com\/fr\/wp-json\/wp\/v2\/categories?post=496961"},{"taxonomy":"post_tag","embeddable":true,"href":"https:\/\/www.europesays.com\/fr\/wp-json\/wp\/v2\/tags?post=496961"}],"curies":[{"name":"wp","href":"https:\/\/api.w.org\/{rel}","templated":true}]}}