{"id":496967,"date":"2025-10-29T05:09:17","date_gmt":"2025-10-29T05:09:17","guid":{"rendered":"https:\/\/www.europesays.com\/fr\/496967\/"},"modified":"2025-10-29T05:09:17","modified_gmt":"2025-10-29T05:09:17","slug":"le-corps-dune-femme-disparue-en-aout-a-reze-decouvert-sans-vie-pres-de-chez-elle","status":"publish","type":"post","link":"https:\/\/www.europesays.com\/fr\/496967\/","title":{"rendered":"Le corps d\u2019une femme, disparue en ao\u00fbt \u00e0 Rez\u00e9, d\u00e9couvert sans vie pr\u00e8s de chez elle"},"content":{"rendered":"<p>Elle \u00e9tait port\u00e9e disparue depuis le 10\u00a0ao\u00fbt. Cette femme de 79\u00a0ans \u00e9tait activement recherch\u00e9e par la police depuis deux mois \u00e0 Rez\u00e9, pr\u00e8s de Nantes, o\u00f9 elle vivait <a href=\"https:\/\/nantes.maville.com\/actu\/actudet_-une-femme-de-79-ans-portee-disparue-depuis-le-10-aout-dernier-a-reze-recherchee-par-la-police-_52716-6934919_actu.Htm\" target=\"_self\" rel=\"noopener\">dans le quartier de la Blordi\u00e8re<\/a>. Elle \u00e9tait partie faire des courses et n\u2019\u00e9tait jamais rentr\u00e9e.\u00a0<\/p>\n<p><a href=\"https:\/\/nantes.maville.com\/actu\/actudet_-a-reze-une-battue-citoyenne-organisee-pour-tenter-de-retrouver-une-femme-de-79-ans-_52716-6962517_actu.Htm\" target=\"_self\" rel=\"noopener\">Une battue citoyenne avait \u00e9t\u00e9 organis\u00e9e \u00e0 Rez\u00e9 le 6\u00a0septembre<\/a>. Elle n\u2019avait pas permis de retrouver la septuag\u00e9naire.<\/p>\n<p>Son corps sans vie a finalement \u00e9t\u00e9 d\u00e9couvert le 17\u00a0octobre, dans un terrain vague, \u00e0 quelques centaines de m\u00e8tres de chez elle.\u00a0L\u2019examen du corps, pratiqu\u00e9 la semaine derni\u00e8re, a conclu \u00e0 une absence de l\u00e9sions.<\/p>\n<p>Le parquet de Nantes, qui avait ouvert une enqu\u00eate pour recherche des causes de la mort, a class\u00e9 l\u2019affaire. Le corps de la victime a \u00e9t\u00e9 rendu \u00e0 ses proches, les obs\u00e8ques sont pr\u00e9vues jeudi \u00e0 Rez\u00e9.<\/p>\n<p>\u00a0<\/p>\n","protected":false},"excerpt":{"rendered":"Elle \u00e9tait port\u00e9e disparue depuis le 10\u00a0ao\u00fbt. Cette femme de 79\u00a0ans \u00e9tait activement recherch\u00e9e par la police depuis&hellip;\n","protected":false},"author":2,"featured_media":496968,"comment_status":"","ping_status":"","sticky":false,"template":"","format":"standard","meta":{"footnotes":""},"categories":[2818],"tags":[1111,11,2863,6725,13916,6044,1777,674,1294,1011,27,766,12,2636,3762,25,3740,4717],"class_list":{"0":"post-496967","1":"post","2":"type-post","3":"status-publish","4":"format-standard","5":"has-post-thumbnail","7":"category-nantes","8":"tag-actu","9":"tag-actualites","10":"tag-aout","11":"tag-corps","12":"tag-decouvert","13":"tag-disparue","14":"tag-eu","15":"tag-europe","16":"tag-femme","17":"tag-fr","18":"tag-france","19":"tag-nantes","20":"tag-news","21":"tag-pays-de-la-loire","22":"tag-pres","23":"tag-republique-francaise","24":"tag-reze","25":"tag-vie"},"share_on_mastodon":{"url":"https:\/\/pubeurope.com\/@fr\/115455732213281357","error":""},"_links":{"self":[{"href":"https:\/\/www.europesays.com\/fr\/wp-json\/wp\/v2\/posts\/496967","targetHints":{"allow":["GET"]}}],"collection":[{"href":"https:\/\/www.europesays.com\/fr\/wp-json\/wp\/v2\/posts"}],"about":[{"href":"https:\/\/www.europesays.com\/fr\/wp-json\/wp\/v2\/types\/post"}],"author":[{"embeddable":true,"href":"https:\/\/www.europesays.com\/fr\/wp-json\/wp\/v2\/users\/2"}],"replies":[{"embeddable":true,"href":"https:\/\/www.europesays.com\/fr\/wp-json\/wp\/v2\/comments?post=496967"}],"version-history":[{"count":0,"href":"https:\/\/www.europesays.com\/fr\/wp-json\/wp\/v2\/posts\/496967\/revisions"}],"wp:featuredmedia":[{"embeddable":true,"href":"https:\/\/www.europesays.com\/fr\/wp-json\/wp\/v2\/media\/496968"}],"wp:attachment":[{"href":"https:\/\/www.europesays.com\/fr\/wp-json\/wp\/v2\/media?parent=496967"}],"wp:term":[{"taxonomy":"category","embeddable":true,"href":"https:\/\/www.europesays.com\/fr\/wp-json\/wp\/v2\/categories?post=496967"},{"taxonomy":"post_tag","embeddable":true,"href":"https:\/\/www.europesays.com\/fr\/wp-json\/wp\/v2\/tags?post=496967"}],"curies":[{"name":"wp","href":"https:\/\/api.w.org\/{rel}","templated":true}]}}