{"id":496971,"date":"2025-10-29T05:11:26","date_gmt":"2025-10-29T05:11:26","guid":{"rendered":"https:\/\/www.europesays.com\/fr\/496971\/"},"modified":"2025-10-29T05:11:26","modified_gmt":"2025-10-29T05:11:26","slug":"a-bordeaux-cette-vingtaine-de-restaurants-cassent-leurs-prix-pendant-plus-dun-mois","status":"publish","type":"post","link":"https:\/\/www.europesays.com\/fr\/496971\/","title":{"rendered":"\u00c0 Bordeaux, cette vingtaine de restaurants cassent leurs prix pendant plus d&rsquo;un mois"},"content":{"rendered":"<p>            Par<br \/>\n        <strong><br \/>\n            <a href=\"https:\/\/actu.fr\/auteur\/redaction-bordeaux\" title=\"Consulter tous les articles de R\u00e9daction Bordeaux\" rel=\"nofollow noopener\" target=\"_blank\">R\u00e9daction Bordeaux<\/a><br \/>\n        <\/strong><\/p>\n<p>        Publi\u00e9 le<\/p>\n<p>            27 oct. 2025 \u00e0 14h29        <\/p>\n<p>Pendant un peu plus d\u2019un mois, une vingtaine de restaurants <strong>cassent leurs prix en deux<\/strong> <a href=\"https:\/\/actu.fr\/bordeaux\/\" rel=\"nofollow noopener\" target=\"_blank\">\u00e0 Bordeaux.<\/a> Tr\u00e8s appr\u00e9ci\u00e9 des gourmets, le festival The Fork est de retour depuis le 16\u00a0octobre et jusqu\u2019au 30\u00a0novembre 2025.<\/p>\n<p>De nombreux participants<\/p>\n<p class=\" wall-content\">Parmi les restaurants qui se pr\u00eatent au jeu \u00e0 Bordeaux, on retrouve des <strong>adresses appr\u00e9ci\u00e9es<\/strong> et bien not\u00e9es sur The Fork\u2009: <a href=\"https:\/\/actu.fr\/nouvelle-aquitaine\/bordeaux_33063\/bordeaux-l-escalette-un-nouveau-restaurant-pour-les-amateurs-de-bon-vin_46787570.html\" rel=\"nofollow noopener\" target=\"_blank\">L\u2019Escalette de la rue de la Bo\u00e9tie,<\/a> Les Vo\u00fbtes de la rue des Faussets, Sardar ji de la rue du Palais Gallien ou encore Chez Aka de la rue des Vignes.<\/p>\n<p class=\" wall-content\">Cuisine fran\u00e7aise, indienne, grecque\u2026 Restaurants implant\u00e9s depuis longtemps ou <strong>nouveaux arriv\u00e9s<\/strong> sur la sc\u00e8ne gastronomique bordelaise, il y en a <strong>pour tous les go\u00fbts.<\/strong><\/p>\n<p class=\" wall-content\">Plusieurs fois dans l\u2019ann\u00e9e, le festival The Fork permet aux clients de <strong>se faire plaisir \u00e0 moindre co\u00fbt<\/strong> et offre une visibilit\u00e9 accrue aux restaurants participants. \u00ab\u2009Ce sont en moyenne 3,5 fois plus de visites sur leur page et jusqu\u2019\u00e0 <strong>5\u00a0fois plus de r\u00e9servations<\/strong> qui sont enregistr\u00e9es lors du Festival TheFork, en comparaison aux \u00e9tablissements qui ne prennent pas part \u00e0 l\u2019op\u00e9ration\u2009\u00bb, affirme la plateforme de r\u00e9servation.<\/p>\n<p class=\" wall-content\">Pour profiter des r\u00e9ductions, il faut de <strong>r\u00e9server sa table<\/strong> \u00e0 travers l\u2019application ou le site TheFork. Attention, elles concernent majoritairement <strong>les cartes<\/strong> des restaurants et non leurs menus.<\/p>\n<p class=\" wall-content\">Au total,<strong>\u00a027 restaurants participants<\/strong>\u00a0sont list\u00e9s \u00e0 Bordeaux. La liste compl\u00e8te est \u00e0 retrouver sur\u00a0<a href=\"https:\/\/www.thefork.fr\/restaurants\/bordeaux-c60566\/festival-thefork-t1657#list0\" rel=\"nofollow noopener\" target=\"_blank\">le site de The Fork.<\/a>\u00a0<\/p>\n<p class=\" wall-content\">Personnalisez votre actualit\u00e9 en ajoutant vos villes et m\u00e9dias en favori avec <a href=\"https:\/\/moncompte.actu.fr\" title=\"D\u00e9couvez Mon Actu\" rel=\"nofollow noopener\" data-trk=\"{&quot;cta&quot;:{&quot;action&quot;:&quot;https:\\\/\\\/moncompte.actu.fr&quot;,&quot;category&quot;:&quot;mon compte&quot;,&quot;from&quot;:&quot;article footer&quot;,&quot;name&quot;:&quot;Mon actu&quot;,&quot;type&quot;:&quot;cta&quot;}}\" target=\"_blank\">Mon Actu<\/a>.<\/p>\n","protected":false},"excerpt":{"rendered":"Par R\u00e9daction Bordeaux Publi\u00e9 le 27 oct. 2025 \u00e0 14h29 Pendant un peu plus d\u2019un mois, une vingtaine&hellip;\n","protected":false},"author":2,"featured_media":496972,"comment_status":"","ping_status":"","sticky":false,"template":"","format":"standard","meta":{"footnotes":""},"categories":[2817],"tags":[1111,11,677,1997,1777,674,1011,27,12,2219,25,1340,104],"class_list":{"0":"post-496971","1":"post","2":"type-post","3":"status-publish","4":"format-standard","5":"has-post-thumbnail","7":"category-bordeaux","8":"tag-actu","9":"tag-actualites","10":"tag-bons-plans","11":"tag-bordeaux","12":"tag-eu","13":"tag-europe","14":"tag-fr","15":"tag-france","16":"tag-news","17":"tag-nouvelle-aquitaine","18":"tag-republique-francaise","19":"tag-restaurant","20":"tag-societe"},"share_on_mastodon":{"url":"https:\/\/pubeurope.com\/@fr\/115455740056704440","error":""},"_links":{"self":[{"href":"https:\/\/www.europesays.com\/fr\/wp-json\/wp\/v2\/posts\/496971","targetHints":{"allow":["GET"]}}],"collection":[{"href":"https:\/\/www.europesays.com\/fr\/wp-json\/wp\/v2\/posts"}],"about":[{"href":"https:\/\/www.europesays.com\/fr\/wp-json\/wp\/v2\/types\/post"}],"author":[{"embeddable":true,"href":"https:\/\/www.europesays.com\/fr\/wp-json\/wp\/v2\/users\/2"}],"replies":[{"embeddable":true,"href":"https:\/\/www.europesays.com\/fr\/wp-json\/wp\/v2\/comments?post=496971"}],"version-history":[{"count":0,"href":"https:\/\/www.europesays.com\/fr\/wp-json\/wp\/v2\/posts\/496971\/revisions"}],"wp:featuredmedia":[{"embeddable":true,"href":"https:\/\/www.europesays.com\/fr\/wp-json\/wp\/v2\/media\/496972"}],"wp:attachment":[{"href":"https:\/\/www.europesays.com\/fr\/wp-json\/wp\/v2\/media?parent=496971"}],"wp:term":[{"taxonomy":"category","embeddable":true,"href":"https:\/\/www.europesays.com\/fr\/wp-json\/wp\/v2\/categories?post=496971"},{"taxonomy":"post_tag","embeddable":true,"href":"https:\/\/www.europesays.com\/fr\/wp-json\/wp\/v2\/tags?post=496971"}],"curies":[{"name":"wp","href":"https:\/\/api.w.org\/{rel}","templated":true}]}}