{"id":496977,"date":"2025-10-29T05:14:10","date_gmt":"2025-10-29T05:14:10","guid":{"rendered":"https:\/\/www.europesays.com\/fr\/496977\/"},"modified":"2025-10-29T05:14:10","modified_gmt":"2025-10-29T05:14:10","slug":"combien-dentreprises-ont-elles-ferme-a-toulouse-et-en-haute-garonne-en-2025","status":"publish","type":"post","link":"https:\/\/www.europesays.com\/fr\/496977\/","title":{"rendered":"Combien d&rsquo;entreprises ont-elles ferm\u00e9 \u00e0 Toulouse et en Haute-Garonne en 2025\u00a0?"},"content":{"rendered":"<p>            Par<br \/>\n        <strong><br \/>\n            <a href=\"https:\/\/actu.fr\/auteur\/margot-fournie\" title=\"Consulter tous les articles de Margot Fournie\" target=\"_blank\" rel=\"noopener\">Margot Fournie<\/a><br \/>\n        <\/strong><\/p>\n<p>        Publi\u00e9 le<\/p>\n<p>            29 oct. 2025 \u00e0 6h04        <\/p>\n<p>Il est loin le <a href=\"https:\/\/actu.fr\/economie\/triste-record-3708-entreprises-ont-jete-l-eponge-en-occitanie-en-2022_57917094.html\" target=\"_blank\" rel=\"noopener\">triste record de 2022<\/a>. Les entreprises de <a href=\"https:\/\/actu.fr\/occitanie\/haute-garonne_31\" target=\"_blank\" rel=\"noopener\">Haute-Garonne<\/a> ne se portent pas mal si on en croit le Tribunal de commerce de Toulouse. Par rapport \u00e0 l\u2019ann\u00e9e pr\u00e9c\u00e9dente, les <strong>cr\u00e9ations d\u2019entreprises<\/strong> ont fortement <strong>augment\u00e9<\/strong>. Pendant que le nombre de soci\u00e9t\u00e9s ferm\u00e9es a baiss\u00e9 drastiquement. Que demander de plus\u2009? Peut-\u00eatre une meilleure conjoncture pour <strong>les secteurs<\/strong> particuli\u00e8rement touch\u00e9s par les <strong>d\u00e9faillances<\/strong>. Parmi eux, on retrouve le transport et bien d\u2019autres\u2026 Voici le point sur l\u2019\u00e9tat de sant\u00e9 des entreprises locales.<\/p>\n<p>Moins d\u2019entreprises ont ferm\u00e9 en 2025<\/p>\n<p class=\" wall-content\">Le tribunal de commerce fait le suivi des entreprises de leur immatriculation \u00e0 leur liquidation. \u00c0 la fin de septembre\u00a02025, l\u2019\u00e9tablissement a immatricul\u00e9 5\u2009318 nouvelles soci\u00e9t\u00e9s, soit une <strong>hausse de 15,5\u2009% des cr\u00e9ations<\/strong> par rapport \u00e0 l\u2019ann\u00e9e derni\u00e8re.<\/p>\n<p class=\" wall-content\">\u00ab\u2009Donc il y a quand m\u00eame <strong>un dynamisme important chez les entreprises<\/strong>. Et \u00e0 c\u00f4t\u00e9 de \u00e7a, nous avons <strong>1\u2009566 soci\u00e9t\u00e9s radi\u00e9es<\/strong> alors qu\u2019\u00e0 la m\u00eame p\u00e9riode on \u00e9tait \u00e0 2\u2009966. C\u2019est une baisse de 47\u2009%\u2009\u00bb, soutient <strong>le pr\u00e9sident du Tribunal de commerce de Toulouse, Philippe Dedieu.<\/strong><\/p>\n<p class=\" wall-content\">Pour lui, c\u2019est un \u00ab\u2009solde net positif entre les radiations et cr\u00e9ations.\u2009\u00bb<\/p>\n<p>Une hausse des d\u00e9faillances mais \u00ab\u2009ce n\u2019est pas la b\u00e9r\u00e9zina\u2009\u00bb<\/p>\n<p class=\" wall-content\">Concernant les d\u00e9faillances, les chiffres sont importants. \u00c0 la fin de septembre, <strong>982<\/strong> <strong>dossiers \u00e9taient ouverts<\/strong> ce qui repr\u00e9sente une hausse de 9,50\u2009% par rapport \u00e0 2024.<\/p>\n<blockquote class=\"ac-article-quote wall-content\">\n<p>Pour autant, on ne peut pas regarder le chiffre tel qu&rsquo;il est. Il faut qu&rsquo;on se rappelle qu&rsquo;en France toutes nos soci\u00e9t\u00e9s sont capitalis\u00e9es et que l&rsquo;on vit beaucoup gr\u00e2ce aux cr\u00e9dits d&rsquo;entreprises. Ce sont les deux maux qui touchent les entreprises qui s&rsquo;adressent \u00e0 nous pour des d\u00e9faillances<\/p>\n<p>    <strong>Philippe Dedieu<\/strong>\n            <\/p><\/blockquote>\n<p class=\" wall-content\">Il glisse encore que cette situation \u00ab\u2009n\u2019est pas la B\u00e9r\u00e9zina. Les entreprises touch\u00e9es par ces d\u00e9faillances sont de petite taille. Le <strong>nombre de salari\u00e9s impact\u00e9s<\/strong> par les d\u00e9faillances a <strong>diminu\u00e9 de 30\u2009%<\/strong> par rapport \u00e0 2024.\u2009\u00bb<\/p>\n<p>Votre r\u00e9gion, votre actu !<\/p>\n<p>Recevez chaque jour les infos qui comptent pour vous.<\/p>\n<p>\t<a href=\"https:\/\/actu.fr\/newsletter\" class=\"ac-btn ac-btn--corner ac-btn--medium ac-btn--blue800\" target=\"_blank\" rel=\"noopener\">S&rsquo;incrire<\/a><br \/>\n\u00ab\u2009Les bo\u00eetes ne sont pas toutes mortes\u2009\u00bb<\/p>\n<p class=\" wall-content\">Quand les entreprises sont en d\u00e9faillances financi\u00e8res, l\u2019issue n\u2019est pas toujours n\u00e9gative.<\/p>\n<p class=\" wall-content\">\u00ab\u2009Les bo\u00eetes ne sont pas toutes mortes. On a eu <strong>60\u2009% de plans de redressement de plus<\/strong> que l\u2019ann\u00e9e derni\u00e8re. Il y a eu aussi <strong>32 cessions d\u2019entreprises<\/strong> l\u00e0 o\u00f9, en 2024, on en a eu que 11\u2009\u00bb, reprend le pr\u00e9sident du tribunal de commerce.<\/p>\n<p>Les secteurs les plus impact\u00e9s par les d\u00e9faillances<\/p>\n<p class=\" wall-content\">Parmi les secteurs les plus impact\u00e9s par les d\u00e9faillances, on retrouve celui du transport, notamment du dernier kilom\u00e8tre.<\/p>\n<p class=\" wall-content\">\u00ab\u2009Il y a eu <strong>quelques entreprises de transport<\/strong> qui n\u2019ont <strong>pas vu leur march\u00e9 \u00e9voluer\u2009<\/strong>\u00bb, se rappelle Philippe Dedieu.<\/p>\n<p class=\" wall-content\">Puis vient le secteur de l\u2019immobilier, \u00ab\u2009avec la construction et la restauration. Il y a aussi une profession que l\u2019on voit beaucoup venir et c\u2019est la pharmacie officine, mais c\u2019est parce qu\u2019il y a un changement de mod\u00e8le.\u2009\u00bb<\/p>\n<p>\u00ab\u2009Les situations varient en fonction des partenariats\u2026\u2009\u00bb<\/p>\n<p class=\" wall-content\">\u00c0 peu de chose pr\u00e8s, ces informations confirment <a href=\"https:\/\/actu.fr\/occitanie\/toulouse_31555\/on-est-confiant-pour-2025-quelle-est-la-situation-economique-des-entreprises-en-haute-garonne_62398093.html\" target=\"_blank\" rel=\"noopener\">les pr\u00e9visions de la CCI<\/a>, r\u00e9v\u00e9l\u00e9es quelques mois plus t\u00f4t.<\/p>\n<p class=\" wall-content\">Pour expliquer que certains secteurs, comme l\u2019agriculture, la construction et le transport, soient plus en difficult\u00e9, Michel B\u00e8s, directeur adjoint de la DRFiP31, glisse simplement que \u00ab\u2009les situations varient en fonction des partenariats, des d\u00e9bouch\u00e9s \u00e9conomiques.\u2009\u00bb<\/p>\n<p class=\" wall-content\">Personnalisez votre actualit\u00e9 en ajoutant vos villes et m\u00e9dias en favori avec <a href=\"https:\/\/moncompte.actu.fr\" title=\"D\u00e9couvez Mon Actu\" rel=\"nofollow noopener\" data-trk=\"{&quot;cta&quot;:{&quot;action&quot;:&quot;https:\\\/\\\/moncompte.actu.fr&quot;,&quot;category&quot;:&quot;mon compte&quot;,&quot;from&quot;:&quot;article footer&quot;,&quot;name&quot;:&quot;Mon actu&quot;,&quot;type&quot;:&quot;cta&quot;}}\" target=\"_blank\">Mon Actu<\/a>.<\/p>\n","protected":false},"excerpt":{"rendered":"Par Margot Fournie Publi\u00e9 le 29 oct. 2025 \u00e0 6h04 Il est loin le triste record de 2022.&hellip;\n","protected":false},"author":2,"featured_media":496978,"comment_status":"","ping_status":"","sticky":false,"template":"","format":"standard","meta":{"footnotes":""},"categories":[2816],"tags":[1111,11,344,33,1777,674,1011,27,12,2680,25,2312],"class_list":{"0":"post-496977","1":"post","2":"type-post","3":"status-publish","4":"format-standard","5":"has-post-thumbnail","7":"category-toulouse","8":"tag-actu","9":"tag-actualites","10":"tag-creation-dentreprise","11":"tag-economie","12":"tag-eu","13":"tag-europe","14":"tag-fr","15":"tag-france","16":"tag-news","17":"tag-occitanie","18":"tag-republique-francaise","19":"tag-toulouse"},"share_on_mastodon":{"url":"https:\/\/pubeurope.com\/@fr\/115455751789330602","error":""},"_links":{"self":[{"href":"https:\/\/www.europesays.com\/fr\/wp-json\/wp\/v2\/posts\/496977","targetHints":{"allow":["GET"]}}],"collection":[{"href":"https:\/\/www.europesays.com\/fr\/wp-json\/wp\/v2\/posts"}],"about":[{"href":"https:\/\/www.europesays.com\/fr\/wp-json\/wp\/v2\/types\/post"}],"author":[{"embeddable":true,"href":"https:\/\/www.europesays.com\/fr\/wp-json\/wp\/v2\/users\/2"}],"replies":[{"embeddable":true,"href":"https:\/\/www.europesays.com\/fr\/wp-json\/wp\/v2\/comments?post=496977"}],"version-history":[{"count":0,"href":"https:\/\/www.europesays.com\/fr\/wp-json\/wp\/v2\/posts\/496977\/revisions"}],"wp:featuredmedia":[{"embeddable":true,"href":"https:\/\/www.europesays.com\/fr\/wp-json\/wp\/v2\/media\/496978"}],"wp:attachment":[{"href":"https:\/\/www.europesays.com\/fr\/wp-json\/wp\/v2\/media?parent=496977"}],"wp:term":[{"taxonomy":"category","embeddable":true,"href":"https:\/\/www.europesays.com\/fr\/wp-json\/wp\/v2\/categories?post=496977"},{"taxonomy":"post_tag","embeddable":true,"href":"https:\/\/www.europesays.com\/fr\/wp-json\/wp\/v2\/tags?post=496977"}],"curies":[{"name":"wp","href":"https:\/\/api.w.org\/{rel}","templated":true}]}}