{"id":496991,"date":"2025-10-29T05:24:10","date_gmt":"2025-10-29T05:24:10","guid":{"rendered":"https:\/\/www.europesays.com\/fr\/496991\/"},"modified":"2025-10-29T05:24:10","modified_gmt":"2025-10-29T05:24:10","slug":"face-a-la-grogne-des-promeneurs-paris-travaille-a-une-refonte-des-horaires","status":"publish","type":"post","link":"https:\/\/www.europesays.com\/fr\/496991\/","title":{"rendered":"face \u00e0 la grogne des promeneurs, Paris travaille \u00e0 \u00ab\u00a0une refonte\u00a0\u00bb des horaires"},"content":{"rendered":"<p>            Par<br \/>\n        <strong><br \/>\n            <a href=\"https:\/\/actu.fr\/auteur\/antoine-grotteria02\" title=\"Consulter tous les articles de Antoine Grotteria\" target=\"_blank\" rel=\"noopener\">Antoine Grotteria<\/a><br \/>\n        <\/strong><\/p>\n<p>        Publi\u00e9 le<\/p>\n<p>            29 oct. 2025 \u00e0 6h04        <\/p>\n<p>\u00c0 l\u2019aube de l\u2019hiver, les <strong>parcs<\/strong> et les <strong>jardins<\/strong> se recroquevillent pour devenir des \u00eatres vivants l\u00e9g\u00e8rement d\u00e9v\u00eatus. Traditionnels lieux de respiration dans un <a href=\"https:\/\/actu.fr\/paris\/\" target=\"_blank\" rel=\"noopener\">Paris<\/a> tr\u00e8s dense, ces espaces verts sont fortement appr\u00e9ci\u00e9s des habitants de la capitale, qu\u2019ils soient sportifs ou r\u00e9unis en famille. Pourtant, avec le changement d\u2019horaire, la majorit\u00e9 d\u2019entre eux ferment leurs portes vers <strong>18\u00a0heures<\/strong>, lorsque le soleil d\u00e9cline. Une situation d\u00e9plor\u00e9e par certains. En 2023, le <strong>collectif T\u00e9l\u00e9graphe<\/strong>, qui r\u00e9unit des citoyens r\u00e9sidant dans le 20e arrondissement, a r\u00e9dig\u00e9 une <a href=\"https:\/\/www.change.org\/p\/prolonger-les-horaires-d-ouverture-des-parcs-et-jardins-parisiens-toute-l-ann%C3%A9e\" target=\"_blank\" rel=\"noopener\">p\u00e9tition<\/a> pour r\u00e9clamer \u00ab\u2009le prolongement des horaires d\u2019ouverture des parcs et des jardins parisiens\u2009\u00bb. En ce mercredi 29\u00a0octobre 2025, quelque <strong>500\u00a0personnes<\/strong> ont sign\u00e9 cette requ\u00eate. Alors que l\u2019hiver s\u2019appr\u00eate \u00e0 recouvrir Paris, cette probl\u00e9matique revient r\u00e9guli\u00e8rement dans les dossiers trait\u00e9s par la <a href=\"https:\/\/actu.fr\/tag\/mairie-de-paris\" target=\"_blank\" rel=\"noopener\">Ville<\/a>. La municipalit\u00e9 pourrait bien \u00eatre conduite \u00e0 modifier son agenda \u00e0 ce sujet.<\/p>\n<p>Des horaires diff\u00e9rents<\/p>\n<p class=\" wall-content\">Pour les p\u00e9titionnaires, les horaires de fermeture \u00ab\u2009ne correspondent pas au <strong>rythme de vie de leurs habitants<\/strong>\u2009\u00bb, surtout en p\u00e9riode hivernale. Dans quelques grands parcs, les grilles se referment \u00e0 17h45, \u00e0 l\u2019instar du parc Montsouris (14e), du <a href=\"https:\/\/actu.fr\/ile-de-france\/paris_75056\/le-parc-de-belleville-a-paris-ou-dormaient-des-centaines-de-jeunes-migrants-evacue_60227203.html\" target=\"_blank\" rel=\"noopener\">parc de Belleville<\/a> (20e) ou du <a href=\"https:\/\/actu.fr\/ile-de-france\/paris_75056\/c-est-effrayant-a-paris-le-parc-martin-luther-king-envahi-par-des-colonies-de-chenilles-d-hyponomeute_62654645.html\" target=\"_blank\" rel=\"noopener\">parc Martin Luther-King<\/a> (17e), note <a href=\"https:\/\/france3-regions.franceinfo.fr\/paris-ile-de-france\/paris\/pourquoi-les-parcs-ferment-ils-aussi-tot-l-hiver-la-mairie-de-paris-reflechit-a-une-evolution-des-horaires-des-jardins-publics-3237268.html\" target=\"_blank\" rel=\"noopener\">France 3 Paris \u00cele-de-France<\/a>.<\/p>\n<p class=\" wall-content\">Mais ce n\u2019est pas le cas de tous. Aux <a href=\"https:\/\/actu.fr\/ile-de-france\/paris_75056\/le-chantier-du-siecle-le-parc-des-buttes-chaumont-a-paris-se-paye-une-renovation-monumentale_63234501.html\" target=\"_blank\" rel=\"noopener\">Buttes-Chaumont<\/a>, les visiteurs peuvent venir de 7\u00a0heures jusqu\u2019\u00e0 20\u00a0heures toute l\u2019ann\u00e9e. Et la possibilit\u00e9 de se rendre dans un espace vert en soir\u00e9e ou la nuit existe. Sur les 531 espaces verts, <strong>140 sont ouverts tous les jours 24\u00a0heures sur 24<\/strong>, indique le site <a href=\"https:\/\/www.paris.fr\/pages\/profitez-des-parcs-et-jardins-en-nocturne-3594\" target=\"_blank\" rel=\"noopener\">Paris.fr<\/a>.\u00a0En r\u00e9sum\u00e9, les horaires ne sont pas harmonis\u00e9s. Chaque arrondissement, soumis \u00e0 la validation de la mairie centrale, encadre l\u2019amplitude.<\/p>\n<p class=\" wall-content\">Celle-ci diff\u00e8re en raison de la <strong>disponibilit\u00e9 des<\/strong> <strong>agents<\/strong> dans un secteur.<\/p>\n<blockquote class=\"ac-article-quote wall-content\">\n<p>\u00ab\u00a0Ce sont les agents de la direction des espaces verts et de l&rsquo;environnement qui ouvrent les parcs le matin et ce sont les agents de la direction de la pr\u00e9vention et de la police municipale qui ferment les parcs\u00a0\u00bb<\/p>\n<p>    <strong>Ville de Paris<\/strong>\n            <\/p><\/blockquote>\n<p class=\" wall-content\">La municipalit\u00e9 fait savoir qu\u2019elle a \u00ab\u2009pour objectif de respecter au maximum <strong>l\u2019\u00e9volution du coucher du soleil<\/strong> au fil des saisons\u2009\u00bb.<\/p>\n<p>6 Parisiens sur 10 ont un espace vert \u00e0 5\u00a0minutes de chez eux<\/p>\n<p class=\" wall-content\">L\u2019enjeu d\u2019un prolongement des horaires d\u2019ouverture s\u2019arrime \u00e0 plusieurs objectifs. Selon l\u2019Organisation mondiale de la sant\u00e9 (OMS) et <a href=\"https:\/\/www.un.org\/fr\/chronicle\/article\/les-espaces-verts-une-ressource-indispensable-pour-assurer-la-sante-dans-les-zones-urbaines\" target=\"_blank\" rel=\"noopener\">l\u2019Organisation des Nations unies (ONU)<\/a>, les espaces verts s\u2019av\u00e8rent essentiels pour la <strong>sant\u00e9 publique<\/strong>, le <strong>lien social<\/strong> et la <strong>lutte contre la pollution<\/strong>. Dans la capitale, o\u00f9 la densit\u00e9 de <a href=\"https:\/\/actu.fr\/ile-de-france\/paris_75056\/la-population-ne-cesse-de-baisser-a-paris-annee-apres-annee-pour-l-insee-il-y-a-trois-causes-principales_62036621.html\" target=\"_blank\" rel=\"noopener\">population<\/a> est l\u2019une des plus importantes au monde, les parcs, squares et jardins publics constituent une ressource fondamentale.<\/p>\n<p>Votre r\u00e9gion, votre actu !<\/p>\n<p>Recevez chaque jour les infos qui comptent pour vous.<\/p>\n<p>\t<a href=\"https:\/\/actu.fr\/newsletter\" class=\"ac-btn ac-btn--corner ac-btn--medium ac-btn--blue800\" target=\"_blank\" rel=\"noopener\">S&rsquo;incrire<\/a><\/p>\n<p class=\" wall-content\">\u00c0 ce titre, les habitants de Parisiens sont mieux lotis que d\u2019autres villes. <strong>60\u2009%<\/strong> des Parisiens ont acc\u00e8s \u00e0 un espace vert accessible <strong>\u00e0 moins de cinq minutes<\/strong>, contre 52,4\u2009% des r\u00e9sidents des 72 grands centres urbains fran\u00e7ais, rapportait <a href=\"https:\/\/www.insee.fr\/fr\/statistiques\/8558420\" target=\"_blank\" rel=\"noopener\">l\u2019Insee<\/a> dans une synth\u00e8se publi\u00e9e en avril\u00a02025. Avec 14,6\u2009% d\u2019espaces verts, Paris \u00e9merge de la moyenne des grandes villes fran\u00e7aises, \u00e9valu\u00e9e \u00e0 10\u2009%. Un taux largement aliment\u00e9 par ses parcs publics, qui repr\u00e9sentent 76\u2009% des espaces verts.<\/p>\n<p class=\" wall-content\">La rationalisation de l\u2019offre existante pourrait s\u2019inviter dans la campagne des <a href=\"https:\/\/actu.fr\/paris\/politique\/elections-municipales\" target=\"_blank\" rel=\"noopener\">\u00e9lections municipales de 2026<\/a>. En attendant, la Ville, qui assure avoir re\u00e7u le collectif T\u00e9l\u00e9graphe \u00e0 l\u2019H\u00f4tel de Ville, indique qu\u2019un \u00ab\u2009travail de refonte globale est en cours\u2009\u00bb. \u00ab\u2009C\u2019est un <strong>sujet structurant<\/strong> pour les habitantes et habitants\u2009\u00bb, pr\u00e9cise l\u2019institution.<\/p>\n<p class=\" wall-content\">Personnalisez votre actualit\u00e9 en ajoutant vos villes et m\u00e9dias en favori avec <a href=\"https:\/\/moncompte.actu.fr\" title=\"D\u00e9couvez Mon Actu\" rel=\"nofollow noopener\" data-trk=\"{&quot;cta&quot;:{&quot;action&quot;:&quot;https:\\\/\\\/moncompte.actu.fr&quot;,&quot;category&quot;:&quot;mon compte&quot;,&quot;from&quot;:&quot;article footer&quot;,&quot;name&quot;:&quot;Mon actu&quot;,&quot;type&quot;:&quot;cta&quot;}}\" target=\"_blank\">Mon Actu<\/a>.<\/p>\n","protected":false},"excerpt":{"rendered":"Par Antoine Grotteria Publi\u00e9 le 29 oct. 2025 \u00e0 6h04 \u00c0 l\u2019aube de l\u2019hiver, les parcs et les&hellip;\n","protected":false},"author":2,"featured_media":496992,"comment_status":"","ping_status":"","sticky":false,"template":"","format":"standard","meta":{"footnotes":""},"categories":[1888],"tags":[1111,1928,11,1927,1777,674,1011,27,2381,3434,12,1926,626,1925,25,104],"class_list":{"0":"post-496991","1":"post","2":"type-post","3":"status-publish","4":"format-standard","5":"has-post-thumbnail","7":"category-paris","8":"tag-actu","9":"tag-actu-paris","10":"tag-actualites","11":"tag-actualites-paris","12":"tag-eu","13":"tag-europe","14":"tag-fr","15":"tag-france","16":"tag-mairie-de-paris","17":"tag-municipales-2026","18":"tag-news","19":"tag-news-paris","20":"tag-paris","21":"tag-paris-news","22":"tag-republique-francaise","23":"tag-societe"},"share_on_mastodon":{"url":"https:\/\/pubeurope.com\/@fr\/115455791190683243","error":""},"_links":{"self":[{"href":"https:\/\/www.europesays.com\/fr\/wp-json\/wp\/v2\/posts\/496991","targetHints":{"allow":["GET"]}}],"collection":[{"href":"https:\/\/www.europesays.com\/fr\/wp-json\/wp\/v2\/posts"}],"about":[{"href":"https:\/\/www.europesays.com\/fr\/wp-json\/wp\/v2\/types\/post"}],"author":[{"embeddable":true,"href":"https:\/\/www.europesays.com\/fr\/wp-json\/wp\/v2\/users\/2"}],"replies":[{"embeddable":true,"href":"https:\/\/www.europesays.com\/fr\/wp-json\/wp\/v2\/comments?post=496991"}],"version-history":[{"count":0,"href":"https:\/\/www.europesays.com\/fr\/wp-json\/wp\/v2\/posts\/496991\/revisions"}],"wp:featuredmedia":[{"embeddable":true,"href":"https:\/\/www.europesays.com\/fr\/wp-json\/wp\/v2\/media\/496992"}],"wp:attachment":[{"href":"https:\/\/www.europesays.com\/fr\/wp-json\/wp\/v2\/media?parent=496991"}],"wp:term":[{"taxonomy":"category","embeddable":true,"href":"https:\/\/www.europesays.com\/fr\/wp-json\/wp\/v2\/categories?post=496991"},{"taxonomy":"post_tag","embeddable":true,"href":"https:\/\/www.europesays.com\/fr\/wp-json\/wp\/v2\/tags?post=496991"}],"curies":[{"name":"wp","href":"https:\/\/api.w.org\/{rel}","templated":true}]}}