{"id":497005,"date":"2025-10-29T05:31:18","date_gmt":"2025-10-29T05:31:18","guid":{"rendered":"https:\/\/www.europesays.com\/fr\/497005\/"},"modified":"2025-10-29T05:31:18","modified_gmt":"2025-10-29T05:31:18","slug":"acte-de-violence-insense-une-attaque-au-couteau-fait-un-mort-et-deux-blesses-a-louest-de-londres","status":"publish","type":"post","link":"https:\/\/www.europesays.com\/fr\/497005\/","title":{"rendered":"\u00ab\u00a0Acte de violence insens\u00e9\u00a0\u00bb\u2026 Une attaque au couteau fait un mort et deux bless\u00e9s \u00e0 l\u2019ouest de Londres"},"content":{"rendered":"<p>La banlieue de la capitale du <a href=\"https:\/\/www.20minutes.fr\/monde\/royaume-uni\/4181909-20251027-royaume-uni-gaspille-milliards-euros-logeant-demandeurs-asile-hotel\" target=\"_blank\" class=\"c-link c-link--is-underlined\" rel=\"noopener\">Royaume-Uni<\/a> est endeuill\u00e9e par la violence. Une attaque au couteau a en effet fait un mort et deux bless\u00e9s lundi \u00e0 l\u2019ouest de Londres.<\/p>\n<p>Un homme a \u00e9t\u00e9 arr\u00eat\u00e9 mardi. Le minist\u00e8re de l\u2019Int\u00e9rieur indique qu\u2019il s\u2019agit d\u2019un ressortissant \u00e9tranger r\u00e9gularis\u00e9 en\u00a02022. Selon les m\u00e9dias britanniques, cet homme, \u00e2g\u00e9 de 22 ans, est de <a href=\"https:\/\/www.20minutes.fr\/monde\/afghanistan\/4162719-20250709-afghanistan-hibatullah-akhundzada-chef-talibans-vise-mandat-arret-cpi\" target=\"_blank\" class=\"c-link c-link--is-underlined\" rel=\"noopener\">nationalit\u00e9 afghane<\/a>.<\/p>\n<p>Un homme avec des \u00ab\u00a0blessures graves et irr\u00e9versibles\u00a0\u00bb<\/p>\n<p>La police de Londres a \u00e9t\u00e9 appel\u00e9e lundi vers 17 heures dans la ville d\u2019Uxbridge, o\u00f9 trois personnes ont \u00e9t\u00e9 poignard\u00e9es lors de cet \u00ab\u00a0acte de violence insens\u00e9\u00a0\u00bb, a-t-elle indiqu\u00e9 mardi. Un homme de 49 ans, pris en charge par les secours, est d\u00e9c\u00e9d\u00e9 sur place, tandis qu\u2019un homme de 45 ans a subi des \u00ab\u00a0blessures graves et irr\u00e9versibles\u00a0\u00bb et un adolescent de 14 ans des \u00ab\u00a0blessures ne mettant pas sa vie en danger\u00a0\u00bb.<\/p>\n<\/p>\n<p>Le suspect a \u00e9t\u00e9 arr\u00eat\u00e9 sur place par la police, qui a indiqu\u00e9 qu\u2019elle ne consid\u00e9rait pas cette attaque comme terroriste et s\u2019effor\u00e7ait d\u2019\u00e9tablir les liens entre le suspect et les victimes.<\/p>\n<p>La police s\u2019attaque aux fausses informations<\/p>\n<p>Selon le minist\u00e8re britannique de l\u2019Int\u00e9rieur, le suspect est entr\u00e9 au Royaume-Uni dans un camion en\u00a02020, avant de demander l\u2019asile qui lui a \u00e9t\u00e9 accord\u00e9 en\u00a02022. Il a \u00e9galement pr\u00e9cis\u00e9 que cet homme ne r\u00e9sidait pas dans un h\u00f4tel h\u00e9bergeant des demandeurs d\u2019asile, ni dans un logement qui lui aurait \u00e9t\u00e9 attribu\u00e9 par les autorit\u00e9s, contrairement \u00e0 ce qu\u2019affirment certaines publications sur les r\u00e9seaux sociaux. \u00ab\u00a0Cet incident a fait na\u00eetre de nombreuses sp\u00e9culations en ligne. Nous vous demandons de vous fier \u00e0 nous pour obtenir des informations, et de ne pas partager d\u2019images sensibles\u00a0\u00bb, a d\u00e9clar\u00e9 la commissaire de police Jill Horsfall.<\/p>\n<p><a href=\"https:\/\/www.20minutes.fr\/monde\/royaume-uni\/\" target=\"_blank\" class=\"c-link c-btn c-btn--primary\" rel=\"noopener\">Notre dossier sur le Royaume-Uni<\/a><\/p>\n<p>Le sujet de l\u2019immigration est <a href=\"https:\/\/www.20minutes.fr\/monde\/royaume-uni\/4176570-20251002-royaume-uni-presse-extreme-droite-keir-starmer-va-mettre-fin-regroupement-familial\" target=\"_blank\" class=\"c-link c-link--is-underlined\" rel=\"noopener\">ultrasensible au Royaume-Uni<\/a>. Cet \u00e9t\u00e9, de nombreuses manifestations ont eu lieu devant des h\u00f4tels h\u00e9bergeant des demandeurs d\u2019asile, avant une grande marche organis\u00e9e par l\u2019extr\u00eame droite \u00e0 Londres le 13\u00a0septembre, qui a r\u00e9uni jusqu\u2019\u00e0 150.000 personnes selon la police.<\/p>\n<p>Une centaine de personnes se sont rassembl\u00e9es devant le lieu de l\u2019attaque mardi soir, allumant des bougies et respectant une minute de silence pour les victimes.<\/p>\n","protected":false},"excerpt":{"rendered":"La banlieue de la capitale du Royaume-Uni est endeuill\u00e9e par la violence. Une attaque au couteau a en&hellip;\n","protected":false},"author":2,"featured_media":497006,"comment_status":"","ping_status":"","sticky":false,"template":"","format":"standard","meta":{"footnotes":""},"categories":[1588],"tags":[47,11,7623,1777,674,118,4534,74,12,473,1853,1851,1850,1852,133,809],"class_list":{"0":"post-497005","1":"post","2":"type-post","3":"status-publish","4":"format-standard","5":"has-post-thumbnail","7":"category-royaume-uni","8":"tag-actualite","9":"tag-actualites","10":"tag-coup-de-couteau","11":"tag-eu","12":"tag-europe","13":"tag-faits-divers","14":"tag-londres","15":"tag-monde","16":"tag-news","17":"tag-royaume-uni","18":"tag-royaume-uni-de-grande-bretagne-et-dirlande-du-nord","19":"tag-uk","20":"tag-united-kingdom","21":"tag-united-kingdom-of-great-britain-and-northern-ireland","22":"tag-video","23":"tag-violence"},"share_on_mastodon":{"url":"https:\/\/pubeurope.com\/@fr\/115455818733872937","error":""},"_links":{"self":[{"href":"https:\/\/www.europesays.com\/fr\/wp-json\/wp\/v2\/posts\/497005","targetHints":{"allow":["GET"]}}],"collection":[{"href":"https:\/\/www.europesays.com\/fr\/wp-json\/wp\/v2\/posts"}],"about":[{"href":"https:\/\/www.europesays.com\/fr\/wp-json\/wp\/v2\/types\/post"}],"author":[{"embeddable":true,"href":"https:\/\/www.europesays.com\/fr\/wp-json\/wp\/v2\/users\/2"}],"replies":[{"embeddable":true,"href":"https:\/\/www.europesays.com\/fr\/wp-json\/wp\/v2\/comments?post=497005"}],"version-history":[{"count":0,"href":"https:\/\/www.europesays.com\/fr\/wp-json\/wp\/v2\/posts\/497005\/revisions"}],"wp:featuredmedia":[{"embeddable":true,"href":"https:\/\/www.europesays.com\/fr\/wp-json\/wp\/v2\/media\/497006"}],"wp:attachment":[{"href":"https:\/\/www.europesays.com\/fr\/wp-json\/wp\/v2\/media?parent=497005"}],"wp:term":[{"taxonomy":"category","embeddable":true,"href":"https:\/\/www.europesays.com\/fr\/wp-json\/wp\/v2\/categories?post=497005"},{"taxonomy":"post_tag","embeddable":true,"href":"https:\/\/www.europesays.com\/fr\/wp-json\/wp\/v2\/tags?post=497005"}],"curies":[{"name":"wp","href":"https:\/\/api.w.org\/{rel}","templated":true}]}}