{"id":497019,"date":"2025-10-29T05:41:18","date_gmt":"2025-10-29T05:41:18","guid":{"rendered":"https:\/\/www.europesays.com\/fr\/497019\/"},"modified":"2025-10-29T05:41:18","modified_gmt":"2025-10-29T05:41:18","slug":"le-francais-sincline-en-double-avec-dimitrov-a-paris","status":"publish","type":"post","link":"https:\/\/www.europesays.com\/fr\/497019\/","title":{"rendered":"le Fran\u00e7ais s\u2019incline en double avec Dimitrov \u00e0 Paris"},"content":{"rendered":"<p>                <img decoding=\"async\" src=\"https:\/\/www.europesays.com\/fr\/wp-content\/uploads\/2025\/10\/K042.jpg\" fetchpriority=\"high\" alt=\"Fin de carri\u00e8re pour Mahut : le Fran\u00e7ais s\u2019incline en double avec Dimitrov \u00e0 Paris\"\/><\/p>\n<p><strong>La belle carri\u00e8re de Nicolas Mahut a officiellement pris fin ce mardi 28 octobre 2025 \u00e0 La D\u00e9fense Arena.<\/strong><\/p>\n<p>Il l\u2019avait annonc\u00e9 ces derniers mois, \u00e0 quelques jours de Roland-Garros : Nicolas Mahut dispute la derni\u00e8re saison de sa carri\u00e8re. \u00c2g\u00e9 de 43 ans, le Fran\u00e7ais \u00e9voluait toujours sur le circuit de double. Engag\u00e9 dans le tableau principal \u00e0 Paris associ\u00e9 \u00e0 Grigor Dimitrov, le natif d\u2019Angers a livr\u00e9 une derni\u00e8re belle bataille face \u00e0 la paire compos\u00e9e de Hugo Nys et d\u2019\u00c9douard Roger-Vasselin.<\/p>\n<p>Sur le Court 2, Mahut et Dimitrov se sont inclin\u00e9s \u00e0 l\u2019issue du super tie-break (6-4, 5-7, 10-4) et n\u2019iront pas plus loin dans le tournoi. Nicolas Mahut a d\u00e9marr\u00e9 sa carri\u00e8re en 2000 et a \u00e9t\u00e9 un bon joueur de simple, remportant quatre titres et atteignant la 37e place mondiale en 2014.<\/p>\n<p>Mais c\u2019est surtout gr\u00e2ce \u00e0 ses nombreux titres en double (37) que le Fran\u00e7ais s\u2019est construit un incroyable palmar\u00e8s, remportant 5 titres du Grand Chelem avec Pierre-Hugues Herbert (Open d\u2019Australie 2019, Roland-Garros 2018 et 2021, Wimbledon 2016 et US Open 2015).<\/p>\n<p>Ancien num\u00e9ro 1 mondial dans la discipline, il a \u00e9galement remport\u00e9 deux fois les ATP Finals avec Herbert en 2019 et en 2021, ainsi que la Coupe Davis en 2017. Mahut restera \u00e9galement c\u00e9l\u00e8bre pour son duel extraordinaire en simple contre John Isner au premier tour de Wimbledon en 2010.<\/p>\n<p>Adversaires, les deux hommes ont pourtant \u00e9crit l\u2019histoire ensemble en disputant le match le plus long de l\u2019histoire du tennis (11h05 sur trois jours). L\u2019Am\u00e9ricain avait finalement eu le dernier mot au terme d\u2019une rencontre unique (70 jeux \u00e0 68 dans la cinqui\u00e8me et derni\u00e8re manche).<\/p>\n","protected":false},"excerpt":{"rendered":"La belle carri\u00e8re de Nicolas Mahut a officiellement pris fin ce mardi 28 octobre 2025 \u00e0 La D\u00e9fense&hellip;\n","protected":false},"author":2,"featured_media":497020,"comment_status":"","ping_status":"","sticky":false,"template":"","format":"standard","meta":{"footnotes":""},"categories":[1415],"tags":[1011,27,60,1467],"class_list":{"0":"post-497019","1":"post","2":"type-post","3":"status-publish","4":"format-standard","5":"has-post-thumbnail","7":"category-tennis","8":"tag-fr","9":"tag-france","10":"tag-sports","11":"tag-tennis"},"share_on_mastodon":{"url":"https:\/\/pubeurope.com\/@fr\/115455858529898302","error":""},"_links":{"self":[{"href":"https:\/\/www.europesays.com\/fr\/wp-json\/wp\/v2\/posts\/497019","targetHints":{"allow":["GET"]}}],"collection":[{"href":"https:\/\/www.europesays.com\/fr\/wp-json\/wp\/v2\/posts"}],"about":[{"href":"https:\/\/www.europesays.com\/fr\/wp-json\/wp\/v2\/types\/post"}],"author":[{"embeddable":true,"href":"https:\/\/www.europesays.com\/fr\/wp-json\/wp\/v2\/users\/2"}],"replies":[{"embeddable":true,"href":"https:\/\/www.europesays.com\/fr\/wp-json\/wp\/v2\/comments?post=497019"}],"version-history":[{"count":0,"href":"https:\/\/www.europesays.com\/fr\/wp-json\/wp\/v2\/posts\/497019\/revisions"}],"wp:featuredmedia":[{"embeddable":true,"href":"https:\/\/www.europesays.com\/fr\/wp-json\/wp\/v2\/media\/497020"}],"wp:attachment":[{"href":"https:\/\/www.europesays.com\/fr\/wp-json\/wp\/v2\/media?parent=497019"}],"wp:term":[{"taxonomy":"category","embeddable":true,"href":"https:\/\/www.europesays.com\/fr\/wp-json\/wp\/v2\/categories?post=497019"},{"taxonomy":"post_tag","embeddable":true,"href":"https:\/\/www.europesays.com\/fr\/wp-json\/wp\/v2\/tags?post=497019"}],"curies":[{"name":"wp","href":"https:\/\/api.w.org\/{rel}","templated":true}]}}